{"id":1032,"date":"2012-06-16T16:30:24","date_gmt":"2012-06-16T16:30:24","guid":{"rendered":"http:\/\/rockgegenrechts.square7.ch\/?p=1032"},"modified":"2012-06-20T09:39:33","modified_gmt":"2012-06-20T09:39:33","slug":"6-10-august-%e2%80%9egeschlossene-gesellschaft-ausstellung-in-stralsund","status":"publish","type":"post","link":"http:\/\/www.rockgegenrechts.com\/?p=1032","title":{"rendered":"6.-10. August \u201eGeschlossene Gesellschaft\u201c &#8211; eine Ausstellung zum Thema Lager und Isolation"},"content":{"rendered":"<figure id=\"attachment_1066\" aria-describedby=\"caption-attachment-1066\" style=\"width: 150px\" class=\"wp-caption alignleft\"><img loading=\"lazy\" decoding=\"async\" class=\"size-thumbnail wp-image-1066\" title=\"Volkshochschule Stralsund\" src=\"http:\/\/rockgegenrechts.square7.ch\/wp-content\/uploads\/2012\/06\/vhs2-150x150.png\" alt=\"\" width=\"150\" height=\"150\" \/><figcaption id=\"caption-attachment-1066\" class=\"wp-caption-text\">Volkshochschule Stralsund<\/figcaption><\/figure>\n<p><strong> Eine Antiraausstellung in Zusammenarbeit mit dem Projekt \u201eJugend ohne <\/strong><strong><\/strong><strong>Grenzen\u201c<\/strong><\/p>\n<p style=\"text-align: justify;\">Wie ist wohl das Gef\u00fchl, fremd in einem Land zu sein, dessen Sprache man nicht beherrscht, dessen Sitten man nicht kennt und in dem man sich eine bessere Zukunft w\u00fcnscht?<br \/>\nWie ist es, so viele neue Eindr\u00fccke zu bekommen und viel Unbekanntes zu sehen und dies verarbeiten zu m\u00fcssen? Wie ist es, sich in einer geschlossenen Gesellschaft zu befinden, aus der man schwer ausbrechen kann und in der Unsicherheit gewiss ist?<strong><\/strong><!--more--><br \/>\nWas f\u00fcr Eindr\u00fccke bekommt man und was f\u00fcr Bilder sieht man Tag f\u00fcr Tag?<br \/>\nMan stelle sich vor, man gibt Jugendlichen und Kindern aus Asylbewerberheimen Einwegkameras in die Hand und l\u00e4sst sie fotografieren, was sie wollen, was sie sehen, was sie bewegt.<br \/>\nDas geschah in einem Projekt von \u201eJugendliche ohne Grenzen\u201c und f\u00fchrte zu beeindruckenden Bildern, welche in der Ausstellung \u201eGeschlossenen Gesellschaft\u201c gesammelt sind. Fotos aus dem Alltag der jugendlichen Asylbewerber_innen in ihren Gemeinschaftsunterk\u00fcnften werden gezeigt und schaffen Au\u00dfenstehenden einen Eindruck \u00fcber das Leben in Gemeinschaftsunterk\u00fcnften.<\/p>\n<p style=\"text-align: justify;\">Diese Ausstellung zeigt die Initiative Rock gegen Rechts Stralsund w\u00e4hrend der Aktionstage gegen Rechts. Vom 06.08.-10.08.2012 kann man sich die Ausstellung in der Volkshochschule Stralsund ansehen. Die Er\u00f6ffnung der Ausstellung findet am 06. August 2012 statt, danach bleibt das Thema Fl\u00fcchtlinge in MV aktuell. Eine Veranstaltung des Fl\u00fcchtlingrates MV &#8222;Wo und wie leben Fl\u00fcchtlinge in MV&#8220; findet statt. Es haben sich G\u00e4ste aus sozialen Institutionen, wie dem Psychosozialen Zentrum Greifswald, Migrant_innen, und Vereinen sowie Politiker aus Bund und Land angek\u00fcndigt.<\/p>\n","protected":false},"excerpt":{"rendered":"<p>Eine Antiraausstellung in Zusammenarbeit mit dem Projekt \u201eJugend ohne Grenzen\u201c Wie ist wohl das Gef\u00fchl, fremd in einem Land zu sein, dessen Sprache man nicht beherrscht, dessen Sitten man nicht kennt und in dem man sich eine bessere Zukunft w\u00fcnscht? Wie ist es, so viele neue Eindr\u00fccke zu bekommen und viel Unbekanntes zu sehen und &hellip; <a href=\"http:\/\/www.rockgegenrechts.com\/?p=1032\" class=\"more-link\"><span class=\"screen-reader-text\">6.-10. August \u201eGeschlossene Gesellschaft\u201c &#8211; eine Ausstellung zum Thema Lager und Isolation<\/span> weiterlesen<\/a><\/p>\n","protected":false},"author":1,"featured_media":0,"comment_status":"open","ping_status":"open","sticky":false,"template":"","format":"standard","meta":{"jetpack_post_was_ever_published":false,"_jetpack_newsletter_access":"","_jetpack_dont_email_post_to_subs":false,"_jetpack_newsletter_tier_id":0,"_jetpack_memberships_contains_paywalled_content":false,"_jetpack_memberships_contains_paid_content":false,"footnotes":"","jetpack_publicize_message":"","jetpack_publicize_feature_enabled":true,"jetpack_social_post_already_shared":false,"jetpack_social_options":{"image_generator_settings":{"template":"highway","enabled":false},"version":2}},"categories":[59],"tags":[],"class_list":["post-1032","post","type-post","status-publish","format-standard","hentry","category-agr-2012"],"jetpack_publicize_connections":[],"jetpack_featured_media_url":"","jetpack_shortlink":"https:\/\/wp.me\/p63KIm-gE","jetpack_sharing_enabled":true,"_links":{"self":[{"href":"http:\/\/www.rockgegenrechts.com\/index.php?rest_route=\/wp\/v2\/posts\/1032"}],"collection":[{"href":"http:\/\/www.rockgegenrechts.com\/index.php?rest_route=\/wp\/v2\/posts"}],"about":[{"href":"http:\/\/www.rockgegenrechts.com\/index.php?rest_route=\/wp\/v2\/types\/post"}],"author":[{"embeddable":true,"href":"http:\/\/www.rockgegenrechts.com\/index.php?rest_route=\/wp\/v2\/users\/1"}],"replies":[{"embeddable":true,"href":"http:\/\/www.rockgegenrechts.com\/index.php?rest_route=%2Fwp%2Fv2%2Fcomments&post=1032"}],"version-history":[{"count":8,"href":"http:\/\/www.rockgegenrechts.com\/index.php?rest_route=\/wp\/v2\/posts\/1032\/revisions"}],"predecessor-version":[{"id":1105,"href":"http:\/\/www.rockgegenrechts.com\/index.php?rest_route=\/wp\/v2\/posts\/1032\/revisions\/1105"}],"wp:attachment":[{"href":"http:\/\/www.rockgegenrechts.com\/index.php?rest_route=%2Fwp%2Fv2%2Fmedia&parent=1032"}],"wp:term":[{"taxonomy":"category","embeddable":true,"href":"http:\/\/www.rockgegenrechts.com\/index.php?rest_route=%2Fwp%2Fv2%2Fcategories&post=1032"},{"taxonomy":"post_tag","embeddable":true,"href":"http:\/\/www.rockgegenrechts.com\/index.php?rest_route=%2Fwp%2Fv2%2Ftags&post=1032"}],"curies":[{"name":"wp","href":"https:\/\/api.w.org\/{rel}","templated":true}]}}