{"id":1095,"date":"2012-06-20T08:03:27","date_gmt":"2012-06-20T08:03:27","guid":{"rendered":"http:\/\/rockgegenrechts.square7.ch\/?p=1095"},"modified":"2012-06-20T08:55:03","modified_gmt":"2012-06-20T08:55:03","slug":"pm-demokratie-braucht-dich-und-keine-nazis-aktionstage-gegen-rechts-2012","status":"publish","type":"post","link":"http:\/\/www.rockgegenrechts.com\/?p=1095","title":{"rendered":"PM: Demokratie braucht Dich und keine Nazis! &#8211; Aktionstage gegen Rechts 2012"},"content":{"rendered":"<figure id=\"attachment_1097\" aria-describedby=\"caption-attachment-1097\" style=\"width: 150px\" class=\"wp-caption alignleft\"><img loading=\"lazy\" decoding=\"async\" class=\"size-thumbnail wp-image-1097 \" title=\"Aktionstage gegen rechts 2011\" src=\"http:\/\/rockgegenrechts.square7.ch\/wp-content\/uploads\/2012\/06\/bild-agr-2011-150x150.jpg\" alt=\"\" width=\"150\" height=\"150\" \/><figcaption id=\"caption-attachment-1097\" class=\"wp-caption-text\">Pressesprecher Andreas M\u00fcller (links), organisatorischer Leiter Jens Knoop (rechts)<\/figcaption><\/figure>\n<p style=\"text-align: justify;\">\u201eDemokratie braucht Dich und keine Nazis!\u201c, so hei\u00dft die Message der Initiative Rock gegen Rechts in diesem Jahr. Vom 14. Juli \u2013 11. August finden in diesem Jahr die Aktionstage gegen Rechts in der Hansestadt Stralsund statt. Die Aktionstage werden, wie auch im letzten Jahr, mit einem Konzert von K\u00fcnstlern aus der Region und dem Bundesgebiet er\u00f6ffnet. Die Kampagne 2012 ist schon jetzt ein voller Erfolg. Wir haben wieder etliche Sponsoren gefunden die unser Konzept unterst\u00fctzungsw\u00fcrdig finden. Zu den Unterst\u00fctzern geh\u00f6ren unter anderem die Hansestadt Stralsund, die Plattform \u201eMut gegen rechte Gewalt\u201c des Sterns, Kerstin Kassner, Firmen, Gewerkschaften und Politiker aus Bund und Land.<!--more--><\/p>\n<p style=\"text-align: justify;\">\u201eInsgesamt werden 7 Veranstaltungen stattfinden, wobei wir auch au\u00dferhalb der bisherigen Planung Stra\u00dfenaktionen, wie z.B. Infost\u00e4nde machen wollen, um auf das Thema Rechtsextremismus in der Region Vorpommern aufmerksam zu machen. Auch wenn in diesem Jahr keine Wahlen sind, ist es n\u00f6tig \u00fcber rechte Tendenzen und Rassismus zu informieren und auch Gegenstrategien aufzuzeigen. Das zeigen auch die bisher<br \/>\naufgedeckten F\u00e4lle der Terrorzelle NSU und deren Verbindung zu Neonazis im Raum Mecklenburg-Vorpommern. In unserem Landkreis und der Hansestadt Stralsund muss es ein friedliches und tolerantes Zusammenleben<br \/>\ngeben. Die Weltoffenheit muss bewahrt werden.\u201c<\/p>\n<p style=\"text-align: justify;\">Die Aktionstage werden sich in diesem Jahr auch besonders um Asylpolitik und die Pogrome von Rostock-Lichtenhagen 1992 drehen.<\/p>\n<p style=\"text-align: justify;\">Die Initiative l\u00e4dt alle Menschen aus dieser und anderen Regionen ein sich an den einzelnen Veranstaltungen zu beteiligen und sich gegen rechte Tendenzen zu engagieren<\/p>\n","protected":false},"excerpt":{"rendered":"<p>\u201eDemokratie braucht Dich und keine Nazis!\u201c, so hei\u00dft die Message der Initiative Rock gegen Rechts in diesem Jahr. Vom 14. Juli \u2013 11. August finden in diesem Jahr die Aktionstage gegen Rechts in der Hansestadt Stralsund statt. Die Aktionstage werden, wie auch im letzten Jahr, mit einem Konzert von K\u00fcnstlern aus der Region und dem &hellip; <a href=\"http:\/\/www.rockgegenrechts.com\/?p=1095\" class=\"more-link\"><span class=\"screen-reader-text\">PM: Demokratie braucht Dich und keine Nazis! &#8211; Aktionstage gegen Rechts 2012<\/span> weiterlesen<\/a><\/p>\n","protected":false},"author":1,"featured_media":0,"comment_status":"open","ping_status":"open","sticky":false,"template":"","format":"standard","meta":{"jetpack_post_was_ever_published":false,"_jetpack_newsletter_access":"","_jetpack_dont_email_post_to_subs":false,"_jetpack_newsletter_tier_id":0,"_jetpack_memberships_contains_paywalled_content":false,"_jetpack_memberships_contains_paid_content":false,"footnotes":"","jetpack_publicize_message":"","jetpack_publicize_feature_enabled":true,"jetpack_social_post_already_shared":false,"jetpack_social_options":{"image_generator_settings":{"template":"highway","enabled":false},"version":2}},"categories":[59],"tags":[],"class_list":["post-1095","post","type-post","status-publish","format-standard","hentry","category-agr-2012"],"jetpack_publicize_connections":[],"jetpack_featured_media_url":"","jetpack_shortlink":"https:\/\/wp.me\/p63KIm-hF","jetpack_sharing_enabled":true,"_links":{"self":[{"href":"http:\/\/www.rockgegenrechts.com\/index.php?rest_route=\/wp\/v2\/posts\/1095"}],"collection":[{"href":"http:\/\/www.rockgegenrechts.com\/index.php?rest_route=\/wp\/v2\/posts"}],"about":[{"href":"http:\/\/www.rockgegenrechts.com\/index.php?rest_route=\/wp\/v2\/types\/post"}],"author":[{"embeddable":true,"href":"http:\/\/www.rockgegenrechts.com\/index.php?rest_route=\/wp\/v2\/users\/1"}],"replies":[{"embeddable":true,"href":"http:\/\/www.rockgegenrechts.com\/index.php?rest_route=%2Fwp%2Fv2%2Fcomments&post=1095"}],"version-history":[{"count":5,"href":"http:\/\/www.rockgegenrechts.com\/index.php?rest_route=\/wp\/v2\/posts\/1095\/revisions"}],"predecessor-version":[{"id":1101,"href":"http:\/\/www.rockgegenrechts.com\/index.php?rest_route=\/wp\/v2\/posts\/1095\/revisions\/1101"}],"wp:attachment":[{"href":"http:\/\/www.rockgegenrechts.com\/index.php?rest_route=%2Fwp%2Fv2%2Fmedia&parent=1095"}],"wp:term":[{"taxonomy":"category","embeddable":true,"href":"http:\/\/www.rockgegenrechts.com\/index.php?rest_route=%2Fwp%2Fv2%2Fcategories&post=1095"},{"taxonomy":"post_tag","embeddable":true,"href":"http:\/\/www.rockgegenrechts.com\/index.php?rest_route=%2Fwp%2Fv2%2Ftags&post=1095"}],"curies":[{"name":"wp","href":"https:\/\/api.w.org\/{rel}","templated":true}]}}