{"id":1178,"date":"2012-07-16T17:37:17","date_gmt":"2012-07-16T17:37:17","guid":{"rendered":"http:\/\/rockgegenrechts.square7.ch\/?p=1178"},"modified":"2012-07-16T17:38:24","modified_gmt":"2012-07-16T17:38:24","slug":"1178","status":"publish","type":"post","link":"http:\/\/www.rockgegenrechts.com\/?p=1178","title":{"rendered":"Aktionstage starteten mit lauten T\u00f6nen"},"content":{"rendered":"<figure id=\"attachment_1179\" aria-describedby=\"caption-attachment-1179\" style=\"width: 150px\" class=\"wp-caption alignleft\"><img loading=\"lazy\" decoding=\"async\" class=\"size-thumbnail wp-image-1179 \" title=\"14.07.12 Kulturkirche Konzert\" src=\"http:\/\/rockgegenrechts.square7.ch\/wp-content\/uploads\/2012\/07\/DSC_0248-150x150.jpg\" alt=\"RgR Warm Up Konzert Kulturkirche\" width=\"150\" height=\"150\" \/><figcaption id=\"caption-attachment-1179\" class=\"wp-caption-text\">Foto: Martin Linn<\/figcaption><\/figure>\n<p style=\"text-align: justify;\">Am letzten Sonnabend (14.07.2012) war die Kulturkirche Austragungsort des Warm up Konzert\u00b4s und damit der Auftaktveranstaltung f\u00fcr die diesj\u00e4hrigen Aktionstage gegen Rechts 2012. Der Organisatorische Leiter Jens Knoop der Initiative er\u00f6ffnete das Konzert, danach traten f\u00fcnf Bands aus Stralsund und Umgebung auf und rockten die ausverkaufte Kulturkirche. In diesem Jahr j\u00e4hren sich die Pogrome von Rostock-Lichtenhagen 1992. Auf dem Konzert wurde auch f\u00fcr die Veranstaltungen und die antifaschistische Demonstration am 25.08.2012 in Rostock geworben. Neben dem Konzert gab es auch viele Info-St\u00e4nde von den unterst\u00fctzenden Institutionen. In diesem Jahr gab es auch erstmals einen Merchandise-Stand an dem u.a. T-Shirts der Stralsunder Initiative erworben werden konnten. Die Aktionstage gegen Rechts werden in diesem Jahr vom Land MV, Landkreis Vorpommern-R\u00fcgen, der Hansestadt Stralsund und verschiedenen Vereinen, Organisationen, Firmen, Parteien und Abgeordneten unterst\u00fctzt.<!--more--><\/p>\n<p style=\"text-align: justify;\">In den n\u00e4chsten Wochen werden verschiedene Veranstaltungen stattfinden, die sich u.a. mit der Fl\u00fcchtlingsproblematik und den Vorf\u00e4llen 1992 in Rostock befassen. So wird am 6. August eine Infowoche mit einer Ausstellung und der Veranstaltung \u201eWo und wie leben Fl\u00fcchtlinge in MV\u201c er\u00f6ffnet. Diskussionsteilnehmer_innen sind auch prominente Politiker_innen aus der Region und Fl\u00fcchtlinge. Es werden in der Aktionswoche jeden Tag Veranstaltungen zu verschiedenen Themen in der Volkshochschule Stralsund stattfinden. Am 11. August wird das Abschlusskonzert in der alten Eisengie\u00dferei ausgetragen, ein H\u00f6hepunkt der Aktionstage gegen Rechts 2012. Insgesamt 6 Bands werden dann auftreten und viele Institutionen werden ihre Arbeit den Besucher_innen vorstellen.<\/p>\n<p>Den Rock gegen Rechts-Laden finden Interessierte <a title=\"Laden\" href=\"http:\/\/rockgegenrechts.square7.ch\/?page_id=25\">[HIER]<\/a><\/p>\n","protected":false},"excerpt":{"rendered":"<p>Am letzten Sonnabend (14.07.2012) war die Kulturkirche Austragungsort des Warm up Konzert\u00b4s und damit der Auftaktveranstaltung f\u00fcr die diesj\u00e4hrigen Aktionstage gegen Rechts 2012. Der Organisatorische Leiter Jens Knoop der Initiative er\u00f6ffnete das Konzert, danach traten f\u00fcnf Bands aus Stralsund und Umgebung auf und rockten die ausverkaufte Kulturkirche. In diesem Jahr j\u00e4hren sich die Pogrome von &hellip; <a href=\"http:\/\/www.rockgegenrechts.com\/?p=1178\" class=\"more-link\"><span class=\"screen-reader-text\">Aktionstage starteten mit lauten T\u00f6nen<\/span> weiterlesen<\/a><\/p>\n","protected":false},"author":1,"featured_media":0,"comment_status":"open","ping_status":"open","sticky":false,"template":"","format":"standard","meta":{"jetpack_post_was_ever_published":false,"_jetpack_newsletter_access":"","_jetpack_dont_email_post_to_subs":false,"_jetpack_newsletter_tier_id":0,"_jetpack_memberships_contains_paywalled_content":false,"_jetpack_memberships_contains_paid_content":false,"footnotes":"","jetpack_publicize_message":"","jetpack_publicize_feature_enabled":true,"jetpack_social_post_already_shared":false,"jetpack_social_options":{"image_generator_settings":{"template":"highway","enabled":false},"version":2}},"categories":[59],"tags":[],"class_list":["post-1178","post","type-post","status-publish","format-standard","hentry","category-agr-2012"],"jetpack_publicize_connections":[],"jetpack_featured_media_url":"","jetpack_shortlink":"https:\/\/wp.me\/s63KIm-1178","jetpack_sharing_enabled":true,"_links":{"self":[{"href":"http:\/\/www.rockgegenrechts.com\/index.php?rest_route=\/wp\/v2\/posts\/1178"}],"collection":[{"href":"http:\/\/www.rockgegenrechts.com\/index.php?rest_route=\/wp\/v2\/posts"}],"about":[{"href":"http:\/\/www.rockgegenrechts.com\/index.php?rest_route=\/wp\/v2\/types\/post"}],"author":[{"embeddable":true,"href":"http:\/\/www.rockgegenrechts.com\/index.php?rest_route=\/wp\/v2\/users\/1"}],"replies":[{"embeddable":true,"href":"http:\/\/www.rockgegenrechts.com\/index.php?rest_route=%2Fwp%2Fv2%2Fcomments&post=1178"}],"version-history":[{"count":2,"href":"http:\/\/www.rockgegenrechts.com\/index.php?rest_route=\/wp\/v2\/posts\/1178\/revisions"}],"predecessor-version":[{"id":1182,"href":"http:\/\/www.rockgegenrechts.com\/index.php?rest_route=\/wp\/v2\/posts\/1178\/revisions\/1182"}],"wp:attachment":[{"href":"http:\/\/www.rockgegenrechts.com\/index.php?rest_route=%2Fwp%2Fv2%2Fmedia&parent=1178"}],"wp:term":[{"taxonomy":"category","embeddable":true,"href":"http:\/\/www.rockgegenrechts.com\/index.php?rest_route=%2Fwp%2Fv2%2Fcategories&post=1178"},{"taxonomy":"post_tag","embeddable":true,"href":"http:\/\/www.rockgegenrechts.com\/index.php?rest_route=%2Fwp%2Fv2%2Ftags&post=1178"}],"curies":[{"name":"wp","href":"https:\/\/api.w.org\/{rel}","templated":true}]}}