{"id":1233,"date":"2012-10-03T08:54:16","date_gmt":"2012-10-03T08:54:16","guid":{"rendered":"http:\/\/rockgegenrechts.square7.ch\/?p=1233"},"modified":"2012-10-03T08:58:10","modified_gmt":"2012-10-03T08:58:10","slug":"aktionstage-gegen-rechts-ein-voller-erfolg","status":"publish","type":"post","link":"http:\/\/www.rockgegenrechts.com\/?p=1233","title":{"rendered":"Aktionstage gegen rechts &#8211; Ein voller Erfolg!"},"content":{"rendered":"<figure id=\"attachment_1179\" aria-describedby=\"caption-attachment-1179\" style=\"width: 150px\" class=\"wp-caption alignleft\"><img loading=\"lazy\" decoding=\"async\" class=\"size-thumbnail wp-image-1179\" title=\"DSC_0248\" src=\"http:\/\/rockgegenrechts.square7.ch\/wp-content\/uploads\/2012\/07\/DSC_0248-150x150.jpg\" alt=\"\" width=\"150\" height=\"150\" \/><figcaption id=\"caption-attachment-1179\" class=\"wp-caption-text\">Foto: Martin Linn<\/figcaption><\/figure>\n<p style=\"text-align: justify;\"><strong>Montag, 06.08.2012<\/strong> &#8211; Nach dem Erfolg im letzten Jahr, wurde das Konzept, mit vielf\u00e4ltigen Bildungsveranstaltungen in Kooperation mit der Volkshochschule Stralsund, fortgesetzt. Am 6.08. erlebten viele Stralsunder_innen (Junge und Alte) eine Ausstellungser\u00f6ffnung zum Thema \u201eGeschlossene Gesellschaft \u2013 Wie leben Fl\u00fcchtlinge in MV?\u201c und eine anregende Diskussion zu diesem Thema. Nach der Er\u00f6ffnung und einer Einf\u00fchrung zu der Ausstellung von Frau Dannenberg (Antirassistische Initiative), und einer theoretischen Einf\u00fchrung zu den Fragen, warum fliehen Menschen, unter welchen Bedingungen leben diese in Deutschland und MV von Herrn G\u00f6ttlicher vom Fl\u00fcchtlingsrat, schilderte Shabnam Shariatpanahi wie sie und ihre Familie vor 20 Jahren aus dem Iran, wg. politischer Verfolgung, nach Deutschland kam und welche Schwierigkeiten ihnen ihr bevorstanden ehe sie nach 6 Jahren die Anerkennung f\u00fcr den st\u00e4ndigen Aufenthalt bekam. Danach hatten die G\u00e4ste und Besucher die Chance Fragen an die Akteure zu stellen und diese nutzten sie vielf\u00e4ltig. Es gab viele Fragen zum Aufenthaltsrecht, welches neben dem Steuerrecht die komplizierteste Materie f\u00fcr die Betroffenen ist. <!--more-->Frau Sonja Steffen (MdB, SPD) sagte \u201eEs darf nicht hingenommen werden, dass die Frage nach einem neuen Asylbewerberheim, einen negativen Unterton bekommt.\u201c Shabnam Shariatpanahi sagte \u201eMein Kind hat die Chance, das gute von meinen iranischen Wurzeln und dem guten meines deutschen Ehemannes mitzubekommen\u201c. Insgesamt wurde diese Veranstaltung von der Moderatorin Dr. Sabine Koppe als sehr erkenntnisreich bewertet. Anschlie\u00dfend lud sie alle Anwesenden zu den weiteren Veranstaltungen in der Aktionswoche ein.<\/p>\n<p style=\"text-align: justify;\"><strong>Dienstag, 07.08.2012 <\/strong>&#8211; An diesem Abend kamen ungef\u00e4hr 20 Interessierte in die Volkshochschule, um gemeinsam den Film \u201eSkinhead attitude\u201c zu sehen und sich im Anschluss \u00fcber das Gesehene auszutauschen. Der Film verdeutlichte die Anf\u00e4nge der Skinhead-Bewegung in Gro\u00dfbritannien und machte den Anwesenden klar, dass diese zun\u00e4chst nicht in eine rechte Richtung f\u00fchrte, sondern im Gegenteil sich in den Arbeitervierteln profilierte und sich in der Reggae- und Ska-Tradition sah. Im Folgenden wurde gezeigt, wie sich die rechte Szene zunehmend Elemente der Skin-Kultur zu eigen machte und benutzte. Aber auch wie andere Teile dieser Bewegung sich vehement von Rassismus und Diskriminierung abgrenzen. Die anschlie\u00dfende kurze Diskussion zeigte, dass noch viele Fragen offen blieben und dass dem einen oder anderen auch die Abgrenzung der unterschiedlichen Richtungen nicht immer leicht f\u00e4llt. Das ist sicher f\u00fcr Kenner der Szene einfacher. Insgesamt ein gelungener Abend, der zeigt, dass es ein gro\u00dfes Interesse an Themen zu verschiedenen Jugendstilen (Musik und Lifestyle) gibt.<\/p>\n<p style=\"text-align: justify;\">\u00a0<strong>Mittwoch, 08.08.2012 <\/strong>-Am Mittwoch hatten wir das Highlight der Aktionswoche Rock gegen Rechts. Ungef\u00e4hr 50 Personen waren der Einladung gefolgt und gingen gemeinsam der Frage nach, ob ein Deutschland ohne Nazis zu schaffen sei. Prominente Redner waren der Bundestagsabgeordnete der SPD aus Schleswig-Holstein S\u00f6nke Rix und die Stralsunder SPD-Bundestagsabgeordnete Sonja Steffen. S\u00f6nke Rix arbeitet u.a. auch im NSU-Untersuchungsausschuss mit. Nach einer Einf\u00fchrung von S\u00f6nke Rix gab es viele Fragen aus dem Publikum. Diese Fragen reichten von der Thematik eines m\u00f6glichen NPD-Verbotes bis hin zu Grundfragen der Demokratie. Die Redner mussten sich auch einer Reihe von kritischen Fragen stellen, die sich vor allem um das Thema drehten: wie viel Partei braucht eigentlich die Demokratie? Ein 11- j\u00e4hriger Sch\u00fcler wollte wissen, wie es sein k\u00f6nne, dass die NPD Geld f\u00fcr Kinderfeste h\u00e4tte und die anderen Parteien nicht. Ein Punkt, der die interessierten Teilnehmenden sehr bewegte, war die Vernichtung der NSU-Akten. Hier wurde Unverst\u00e4ndnis ge\u00e4u\u00dfert bis hin zu dem Verdacht einer gezielten Aktion. Was die Teilnehmenden aber sicher mitnahmen, war der leidenschaftliche Aufruf des Redners, immer wieder Zivilcourage zu zeigen und den Nazis klarzumachen: Ihr seid hier nicht erw\u00fcscht.<\/p>\n<p style=\"text-align: justify;\"><strong>Donnerstag. 9.08.2012 <\/strong>-Am Donnerstag kamen \u00fcber 30 junge Menschen zu einer Veranstaltung der Heinrich-B\u00f6ll-Stiftung zum Thema \u201e20 Jahre Pogrome von Rostock-Lichtenhagen\u201c in die Volkshochschule Stralsund. Nico Burmeister von der Vereinigung der Verfolgten des Naziregimes, Bund der Antifaschistinnen und Antifaschisten (VVN-BdA) erkl\u00e4rte in einem Vortrag, wie es zu den Pogromen kam, wie die damals Verantwortlichen reagierten, wie sich die Asylpolitik danach \u00e4nderte und welche Aktionen zum 20. Jahrestag der Pogrome in Rostock geben wird. In seinen Vortrag baute er Ausschnitte aus dem Doku-Film \u201eThe Truth Lies in Rostock\u201c ein. Nach dem Vortrag nutzten die G\u00e4ste die M\u00f6glichkeit zur Diskussion. Dr. Marianne Linke (Kreisvorsitzende der Partei DIE LINKE in Stralsund) sagte; \u201eEs ist erschreckend wie die Politik die Angst der Menschen vor dem Anderen ausnutzte um das Asylrecht im Dezember 1992 zu \u00e4ndern, faktisch abzuschaffen\u201c. Auf Nachfrage erkl\u00e4rte Nico Burmeister nochmal den genauen Ablauf der Demonstration, Treffpunkt ist um 14 Uhr in L\u00fctten Klein am Bahnhof. Weitere Informationen dazu finden Sie auf der Webseite: http:\/\/lichtenhagen.blogsport.de\/aufruf. Am 26.08. gibt es au\u00dferdem im Peter-Wei\u00df-Haus in Rostock ein World Caf\u00e9 unter dem Titel \u201eLichtenhagen, NSU und alle schauen zu\u2026\u201c<\/p>\n<p style=\"text-align: justify;\"><strong>Freitag, 10.08.2012 <\/strong>&#8211; Der Freitag stand ganz im Zeichen des komplizierten Themas \u201eGrauzone \u2013 Rechte Lebenswelten in Punk, Oi und Deutschrock\u201c. Vom Antifaschistischen Pressearchiv und Bildungszentrum Berlin e.V. war Michael Weiss in die Volkhochschule Stralsund gekommen um ausf\u00fchrlich \u00fcber dieses Thema zu sprechen. Von Grauzone spricht man, wenn eine Band selbst (strukturell) oder ihre Texte mit rechten Image-Merkmalen spielen bzw. rassistischen Ressentiments Vorschub geleistet wird. Oftmals werden unter dem Deckmantel der \u201eunpolitischen\u201c Musik Werte vermittelt, die ganz klar politisch rechts verortet werden m\u00fcssen. Dazu gab es in dem Vortrag viele Beispiele wie eng manch \u201eunpolitische\u201c Band mit extrem rechten Milieus verwoben ist. Nach dem Vortrag nutzten die G\u00e4ste die M\u00f6glichkeit mit Michael Weiss ins Gespr\u00e4ch zu kommen, unter anderem wurde ausf\u00fchrlich dar\u00fcber diskutiert, oder der ehemalige S\u00e4nger, Stephan Weidner, der Band B\u00f6hse Onkelz ein guter Pate f\u00fcr das Projekt \u201eSchule ohne Rassismus \u2013 Schule mit Courage\u201c am Gymnasium Grimmen ist. \u201eDieser Vortrag war der spannendste in dieser Woche\u201c, \u201eIch habe viele neue Informationen bekommen\u201c \u2013 das waren Aussagen, die wir nach dem Vortrag von den G\u00e4sten als Feedback bekamen.<\/p>\n<p style=\"text-align: justify;\">Da die Presseberichte sehr gut waren, haben wir verzichtet zu den Konzerten einen Bericht zu schreiben. Daher schaut auf der <a title=\"2012\" href=\"http:\/\/rockgegenrechts.square7.ch\/?page_id=693\">Seite Presse<\/a> zu den Presseberichten.<\/p>\n","protected":false},"excerpt":{"rendered":"<p>Montag, 06.08.2012 &#8211; Nach dem Erfolg im letzten Jahr, wurde das Konzept, mit vielf\u00e4ltigen Bildungsveranstaltungen in Kooperation mit der Volkshochschule Stralsund, fortgesetzt. Am 6.08. erlebten viele Stralsunder_innen (Junge und Alte) eine Ausstellungser\u00f6ffnung zum Thema \u201eGeschlossene Gesellschaft \u2013 Wie leben Fl\u00fcchtlinge in MV?\u201c und eine anregende Diskussion zu diesem Thema. Nach der Er\u00f6ffnung und einer Einf\u00fchrung &hellip; <a href=\"http:\/\/www.rockgegenrechts.com\/?p=1233\" class=\"more-link\"><span class=\"screen-reader-text\">Aktionstage gegen rechts &#8211; Ein voller Erfolg!<\/span> weiterlesen<\/a><\/p>\n","protected":false},"author":1,"featured_media":0,"comment_status":"closed","ping_status":"closed","sticky":false,"template":"","format":"standard","meta":{"jetpack_post_was_ever_published":false,"_jetpack_newsletter_access":"","_jetpack_dont_email_post_to_subs":false,"_jetpack_newsletter_tier_id":0,"_jetpack_memberships_contains_paywalled_content":false,"_jetpack_memberships_contains_paid_content":false,"footnotes":"","jetpack_publicize_message":"","jetpack_publicize_feature_enabled":true,"jetpack_social_post_already_shared":false,"jetpack_social_options":{"image_generator_settings":{"template":"highway","enabled":false},"version":2}},"categories":[59],"tags":[],"class_list":["post-1233","post","type-post","status-publish","format-standard","hentry","category-agr-2012"],"jetpack_publicize_connections":[],"jetpack_featured_media_url":"","jetpack_shortlink":"https:\/\/wp.me\/p63KIm-jT","jetpack_sharing_enabled":true,"_links":{"self":[{"href":"http:\/\/www.rockgegenrechts.com\/index.php?rest_route=\/wp\/v2\/posts\/1233"}],"collection":[{"href":"http:\/\/www.rockgegenrechts.com\/index.php?rest_route=\/wp\/v2\/posts"}],"about":[{"href":"http:\/\/www.rockgegenrechts.com\/index.php?rest_route=\/wp\/v2\/types\/post"}],"author":[{"embeddable":true,"href":"http:\/\/www.rockgegenrechts.com\/index.php?rest_route=\/wp\/v2\/users\/1"}],"replies":[{"embeddable":true,"href":"http:\/\/www.rockgegenrechts.com\/index.php?rest_route=%2Fwp%2Fv2%2Fcomments&post=1233"}],"version-history":[{"count":5,"href":"http:\/\/www.rockgegenrechts.com\/index.php?rest_route=\/wp\/v2\/posts\/1233\/revisions"}],"predecessor-version":[{"id":1239,"href":"http:\/\/www.rockgegenrechts.com\/index.php?rest_route=\/wp\/v2\/posts\/1233\/revisions\/1239"}],"wp:attachment":[{"href":"http:\/\/www.rockgegenrechts.com\/index.php?rest_route=%2Fwp%2Fv2%2Fmedia&parent=1233"}],"wp:term":[{"taxonomy":"category","embeddable":true,"href":"http:\/\/www.rockgegenrechts.com\/index.php?rest_route=%2Fwp%2Fv2%2Fcategories&post=1233"},{"taxonomy":"post_tag","embeddable":true,"href":"http:\/\/www.rockgegenrechts.com\/index.php?rest_route=%2Fwp%2Fv2%2Ftags&post=1233"}],"curies":[{"name":"wp","href":"https:\/\/api.w.org\/{rel}","templated":true}]}}