{"id":1241,"date":"2012-11-01T11:42:47","date_gmt":"2012-11-01T11:42:47","guid":{"rendered":"http:\/\/rockgegenrechts.square7.ch\/?p=1241"},"modified":"2012-11-01T11:44:56","modified_gmt":"2012-11-01T11:44:56","slug":"rassisus-totet-kundgebung-am-5-11-2012-in-stralsund","status":"publish","type":"post","link":"http:\/\/www.rockgegenrechts.com\/?p=1241","title":{"rendered":"Rassisus t\u00f6tet! Kundgebung am 5.11.2012 in Stralsund"},"content":{"rendered":"<p style=\"text-align: justify;\"><strong><img loading=\"lazy\" decoding=\"async\" class=\"aligncenter size-full wp-image-1242\" title=\"aktionstag\" src=\"http:\/\/rockgegenrechts.square7.ch\/wp-content\/uploads\/2012\/11\/aktionstag2.jpg\" alt=\"\" width=\"960\" height=\"400\" srcset=\"https:\/\/rockgegenrechts.bplaced.net\/wp-content\/uploads\/2012\/11\/aktionstag2.jpg 960w, https:\/\/rockgegenrechts.bplaced.net\/wp-content\/uploads\/2012\/11\/aktionstag2-300x125.jpg 300w\" sizes=\"(max-width: 960px) 100vw, 960px\" \/>Die Initiative Rock gegen Rechts Stralsund ruft wie auch andere Organisationen f\u00fcr die Kundgebung am 05.11.2012 um 18.00 Uhr auf dem alten Markt auf.<\/strong><\/p>\n<p style=\"text-align: justify;\">Vor etwa einem Jahr, am 4. November 2011, wurde bekannt, dass eine Neonazigruppe 13 Jahre lang ungehindert im Untergrund agieren,10 Menschen ermorden und Unz\u00e4hlige durch Bombenanschl\u00e4ge verletzen konnte. Nur durch den Tod von zwei Neonazis des \u201eNationalsozialistischen Untergrunds\u201c wurde diese Mordserie in der \u00d6ffentlichkeit bekannt.<!--more-->&#8222;Die Verbindung zwischen einer rassistischen Motivation und diesen Morden kann nicht mehr geleugnet werden. F\u00fcr das B\u00fcndnis gegen Rassismus steht au\u00dfer Zweifel, dass es eine staatliche Mitverantwortung an den NSU-Morden und an der politischen Stimmung gibt, die nicht \u201cnur\u201d diese Morde und Anschl\u00e4ge erm\u00f6glicht haben. Rassismus in Deutschland ist kein Randph\u00e4nomen, das sich an einen rechten, \u201cextremistischen\u201d Rand der Gesellschaft verschieben l\u00e4sst. Er ist in der Mitte der Gesellschaft vorhanden und hat Struktur sowie Methode.<\/p>\n<p style=\"text-align: justify;\">Dass sich auch nach dieser Mordserie nichts im Bewusstsein vieler Menschen ver\u00e4ndert hat, verdeutlichen folgende Beispiele: 20 Jahre nach dem Pogrom in Rostock-Lichtenhagen k\u00e4mpfen Asylsuchende immer noch f\u00fcr elementare Menschenrechte in Deutschland, werden Roma stigmatisiert sowie in eine unsichere Zukunft abgeschoben und der Neuk\u00f6llner B\u00fcrgermeister sowie Freund Sarrazins, Heinz Buschkowsky, diffamiert und kriminalisiert in seinem Stadtteil lebende Menschen.<\/p>\n<p style=\"text-align: justify;\">Wir stellen uns aktiv gegen Rassismus in dieser Gesellschaft. Nur wenn wir innerhalb der Gesellschaft Rassismus bek\u00e4mpfen, k\u00f6nnen solche Morde und Vertuschungen verhindert werden. Wir wollen in einer anderen Gesellschaft leben! Wir haben genug Rassismus in den Institutionen, in der Politik und im Alltag erfahren. Es reicht!<\/p>\n<p style=\"text-align: justify;\">\u2022 Konsequente Bek\u00e4mpfung des Rassismus in all seinen Facetten in Politik, Alltag und Institutionen!<\/p>\n<p style=\"text-align: justify;\">\u2022 Abschaffung des Verfassungsschutzes!<\/p>\n<p style=\"text-align: justify;\">\u2022 Abschaffung aller ausgrenzenden Gesetze!<\/p>\n<p style=\"text-align: justify;\">\u2022 Schluss mit der diffamierenden und kriminalisierenden \u201eIntegrationsdebatte\u201c!<\/p>\n<p style=\"text-align: justify;\">\u2022 F\u00fcr eine rassismusfreie, gerechte, emanzipierte und solidarische Gesellschaft!&#8220;<\/p>\n<p style=\"text-align: justify;\">In diesem Sinne: Im Gedenken der Opfer des NSU \u2013 Das Problem hei\u00dft Rassismus! Schluss mit der Vertuschung!<\/p>\n","protected":false},"excerpt":{"rendered":"<p>Die Initiative Rock gegen Rechts Stralsund ruft wie auch andere Organisationen f\u00fcr die Kundgebung am 05.11.2012 um 18.00 Uhr auf dem alten Markt auf. Vor etwa einem Jahr, am 4. November 2011, wurde bekannt, dass eine Neonazigruppe 13 Jahre lang ungehindert im Untergrund agieren,10 Menschen ermorden und Unz\u00e4hlige durch Bombenanschl\u00e4ge verletzen konnte. Nur durch den &hellip; <a href=\"http:\/\/www.rockgegenrechts.com\/?p=1241\" class=\"more-link\"><span class=\"screen-reader-text\">Rassisus t\u00f6tet! Kundgebung am 5.11.2012 in Stralsund<\/span> weiterlesen<\/a><\/p>\n","protected":false},"author":1,"featured_media":0,"comment_status":"closed","ping_status":"closed","sticky":false,"template":"","format":"standard","meta":{"jetpack_post_was_ever_published":false,"_jetpack_newsletter_access":"","_jetpack_dont_email_post_to_subs":false,"_jetpack_newsletter_tier_id":0,"_jetpack_memberships_contains_paywalled_content":false,"_jetpack_memberships_contains_paid_content":false,"footnotes":"","jetpack_publicize_message":"","jetpack_publicize_feature_enabled":true,"jetpack_social_post_already_shared":false,"jetpack_social_options":{"image_generator_settings":{"template":"highway","enabled":false},"version":2}},"categories":[1],"tags":[],"class_list":["post-1241","post","type-post","status-publish","format-standard","hentry","category-allgemein"],"jetpack_publicize_connections":[],"jetpack_featured_media_url":"","jetpack_shortlink":"https:\/\/wp.me\/p63KIm-k1","jetpack_sharing_enabled":true,"_links":{"self":[{"href":"http:\/\/www.rockgegenrechts.com\/index.php?rest_route=\/wp\/v2\/posts\/1241"}],"collection":[{"href":"http:\/\/www.rockgegenrechts.com\/index.php?rest_route=\/wp\/v2\/posts"}],"about":[{"href":"http:\/\/www.rockgegenrechts.com\/index.php?rest_route=\/wp\/v2\/types\/post"}],"author":[{"embeddable":true,"href":"http:\/\/www.rockgegenrechts.com\/index.php?rest_route=\/wp\/v2\/users\/1"}],"replies":[{"embeddable":true,"href":"http:\/\/www.rockgegenrechts.com\/index.php?rest_route=%2Fwp%2Fv2%2Fcomments&post=1241"}],"version-history":[{"count":2,"href":"http:\/\/www.rockgegenrechts.com\/index.php?rest_route=\/wp\/v2\/posts\/1241\/revisions"}],"predecessor-version":[{"id":1244,"href":"http:\/\/www.rockgegenrechts.com\/index.php?rest_route=\/wp\/v2\/posts\/1241\/revisions\/1244"}],"wp:attachment":[{"href":"http:\/\/www.rockgegenrechts.com\/index.php?rest_route=%2Fwp%2Fv2%2Fmedia&parent=1241"}],"wp:term":[{"taxonomy":"category","embeddable":true,"href":"http:\/\/www.rockgegenrechts.com\/index.php?rest_route=%2Fwp%2Fv2%2Fcategories&post=1241"},{"taxonomy":"post_tag","embeddable":true,"href":"http:\/\/www.rockgegenrechts.com\/index.php?rest_route=%2Fwp%2Fv2%2Ftags&post=1241"}],"curies":[{"name":"wp","href":"https:\/\/api.w.org\/{rel}","templated":true}]}}