{"id":1245,"date":"2012-11-02T19:46:38","date_gmt":"2012-11-02T19:46:38","guid":{"rendered":"http:\/\/rockgegenrechts.square7.ch\/?p=1245"},"modified":"2012-11-02T19:46:38","modified_gmt":"2012-11-02T19:46:38","slug":"am-09-11-auf-nach-wolgast-und-rassist_innen-stoppen","status":"publish","type":"post","link":"http:\/\/www.rockgegenrechts.com\/?p=1245","title":{"rendered":"Am 09.11. auf nach Wolgast und Rassist_Innen stoppen!"},"content":{"rendered":"<figure id=\"attachment_1246\" aria-describedby=\"caption-attachment-1246\" style=\"width: 150px\" class=\"wp-caption alignleft\"><img loading=\"lazy\" decoding=\"async\" class=\"size-thumbnail wp-image-1246\" title=\"Fuck-off-Nazis-lillimay-jugendfotos-200\" src=\"http:\/\/rockgegenrechts.square7.ch\/wp-content\/uploads\/2012\/11\/Fuck-off-Nazis-lillimay-jugendfotos-200-150x133.jpg\" alt=\"\" width=\"150\" height=\"133\" \/><figcaption id=\"caption-attachment-1246\" class=\"wp-caption-text\">Foto: lillimay\/ jugendfotos.de (CC-Lizenz)<\/figcaption><\/figure>\n<p style=\"text-align: justify;\">Vor dem Hintergrund des von der NPD zum 9. November in Wolgast angek\u00fcndigten Fackelmarsches hat sich am Wochenende das MV-weite <a title=\"rassisten stoppen\" href=\"http:\/\/rassistenstoppen.blogsport.eu\/aufruf\/\" target=\"_blank\">B\u00fcndnis \u201eRassisten Stoppen \u2013 Solidarit\u00e4t mit Fl\u00fcchtlingen!\u201c<\/a> gegr\u00fcndet. Das B\u00fcndnis besteht aus verschiedenen antirassistischen und emanzipatorisch zivilgesellschaftlichen Gruppen sowie engagierten Einzelpersonen und ruft zum Protest gegen die rassistisch motivierte NPD-Demonstration am 9. November in Wolgast auf.<\/p>\n<p style=\"text-align: justify;\">Vor 74 Jahren zogen Nazis am 9. November brandschatzend durch deutsche St\u00e4dte, um zielgerichtet j\u00fcdische Gesch\u00e4fte zu zerst\u00f6ren. Jetzt will die NPD, ebenfalls am 9. November, zu Fackeln greifen und vor das Fl\u00fcchtlingsheim in Wolgast ziehen.<!--more--><\/p>\n<p style=\"text-align: justify;\">Das B\u00fcndnis aus MV und seine Unterst\u00fctzer_innen aus vielen anderen St\u00e4dten werden dagegen ein Zeichen setzen und sich der rassistischen und menschenverachtenden Politik der NPD entgegenstellen.<\/p>\n<p style=\"text-align: justify;\">\u201eUnser Ziel ist es, nicht nur ein Zeichen gegen die diskriminierende Ideologie der Neonazis zu setzen, sondern auch Fl\u00fcchtlingen des Wolgaster Heimes zu zeigen, dass sie nicht mit ihrem Problemen allein gelassen werden, dass es Menschen gibt, die sich f\u00fcr sie einsetzen, sie unterst\u00fctzen und sich mit ihnen solidarisieren\u201c, so Julia G\u00e4rtner, die Pressesprecherin des B\u00fcndnisses.<\/p>\n<p style=\"text-align: justify;\">Wir werden uns aus diesem Grund am 9. November zusammen mit couragierten Einwohner_innen der Stadt Wolgast auf die Stra\u00dfe setzen und zeigen, dass in Wolgast und allen anderen St\u00e4dten kein Platz f\u00fcr menschenverachtende Ideologien ist. Gemeinsam werden wir den Neonazis den Weg versperren.<\/p>\n","protected":false},"excerpt":{"rendered":"<p>Vor dem Hintergrund des von der NPD zum 9. November in Wolgast angek\u00fcndigten Fackelmarsches hat sich am Wochenende das MV-weite B\u00fcndnis \u201eRassisten Stoppen \u2013 Solidarit\u00e4t mit Fl\u00fcchtlingen!\u201c gegr\u00fcndet. Das B\u00fcndnis besteht aus verschiedenen antirassistischen und emanzipatorisch zivilgesellschaftlichen Gruppen sowie engagierten Einzelpersonen und ruft zum Protest gegen die rassistisch motivierte NPD-Demonstration am 9. November in Wolgast &hellip; <a href=\"http:\/\/www.rockgegenrechts.com\/?p=1245\" class=\"more-link\"><span class=\"screen-reader-text\">Am 09.11. auf nach Wolgast und Rassist_Innen stoppen!<\/span> weiterlesen<\/a><\/p>\n","protected":false},"author":1,"featured_media":0,"comment_status":"closed","ping_status":"closed","sticky":false,"template":"","format":"standard","meta":{"jetpack_post_was_ever_published":false,"_jetpack_newsletter_access":"","_jetpack_dont_email_post_to_subs":false,"_jetpack_newsletter_tier_id":0,"_jetpack_memberships_contains_paywalled_content":false,"_jetpack_memberships_contains_paid_content":false,"footnotes":"","jetpack_publicize_message":"","jetpack_publicize_feature_enabled":true,"jetpack_social_post_already_shared":false,"jetpack_social_options":{"image_generator_settings":{"template":"highway","enabled":false},"version":2}},"categories":[1],"tags":[],"class_list":["post-1245","post","type-post","status-publish","format-standard","hentry","category-allgemein"],"jetpack_publicize_connections":[],"jetpack_featured_media_url":"","jetpack_shortlink":"https:\/\/wp.me\/p63KIm-k5","jetpack_sharing_enabled":true,"_links":{"self":[{"href":"http:\/\/www.rockgegenrechts.com\/index.php?rest_route=\/wp\/v2\/posts\/1245"}],"collection":[{"href":"http:\/\/www.rockgegenrechts.com\/index.php?rest_route=\/wp\/v2\/posts"}],"about":[{"href":"http:\/\/www.rockgegenrechts.com\/index.php?rest_route=\/wp\/v2\/types\/post"}],"author":[{"embeddable":true,"href":"http:\/\/www.rockgegenrechts.com\/index.php?rest_route=\/wp\/v2\/users\/1"}],"replies":[{"embeddable":true,"href":"http:\/\/www.rockgegenrechts.com\/index.php?rest_route=%2Fwp%2Fv2%2Fcomments&post=1245"}],"version-history":[{"count":1,"href":"http:\/\/www.rockgegenrechts.com\/index.php?rest_route=\/wp\/v2\/posts\/1245\/revisions"}],"predecessor-version":[{"id":1247,"href":"http:\/\/www.rockgegenrechts.com\/index.php?rest_route=\/wp\/v2\/posts\/1245\/revisions\/1247"}],"wp:attachment":[{"href":"http:\/\/www.rockgegenrechts.com\/index.php?rest_route=%2Fwp%2Fv2%2Fmedia&parent=1245"}],"wp:term":[{"taxonomy":"category","embeddable":true,"href":"http:\/\/www.rockgegenrechts.com\/index.php?rest_route=%2Fwp%2Fv2%2Fcategories&post=1245"},{"taxonomy":"post_tag","embeddable":true,"href":"http:\/\/www.rockgegenrechts.com\/index.php?rest_route=%2Fwp%2Fv2%2Ftags&post=1245"}],"curies":[{"name":"wp","href":"https:\/\/api.w.org\/{rel}","templated":true}]}}