{"id":1306,"date":"2013-05-04T08:05:09","date_gmt":"2013-05-04T08:05:09","guid":{"rendered":"http:\/\/www.rockgegenrechts.com\/?p=1306"},"modified":"2013-06-18T17:44:22","modified_gmt":"2013-06-18T17:44:22","slug":"sticer-und-kunstwettbewerb-deine-kunst-ein-teil-gegen-rechts","status":"publish","type":"post","link":"http:\/\/www.rockgegenrechts.com\/?p=1306","title":{"rendered":"Sticker- und Kunstwettbewerb! Deine Kunst, ein Teil gegen rechts"},"content":{"rendered":"<p style=\"text-align: justify;\"><strong><a href=\"http:\/\/rockgegenrechts.com\/wp-content\/uploads\/2013\/05\/u_Demo_gegen_Rechts_in_Wien-e1368266583761.jpg\"><img loading=\"lazy\" decoding=\"async\" class=\"alignleft size-thumbnail wp-image-1328\" alt=\"DEMONSTRATION\" src=\"http:\/\/rockgegenrechts.com\/wp-content\/uploads\/2013\/05\/u_Demo_gegen_Rechts_in_Wien-e1368266583761-150x150.jpg\" width=\"150\" height=\"150\" \/><\/a>\u00bbKunstwettbewerb in Rahmen der Aktionstage gegen Rechts 2013\u00ab<\/strong><\/p>\n<p style=\"text-align: justify;\">\u00a0Erstmalig Veranstaltet die Initiative Rock gegen Rechts in diesem Jahr auch ein Kunstwettbewerb, unter dem Motto \u201c(K)ein Nazi sein!\u201d k\u00f6nnen Menschen Kunstwerke schaffen, die zu einem sp\u00e4teren Zeitraum ausgestellt werden. Diese Kunstwerke sollten der bildenden Kunst und dem Motto entsprechen. Zu gewinnen gibt es f\u00fcr die ersten 3 Pl\u00e4tze Freikarten zu den Musikveranstaltungen der Aktionstage gegen rechts 2013 sowie Kunstgegenst\u00e4nde von K\u00fcnstler_innen aus der Region. Mitmachen k\u00f6nnen alle, die Lust darauf haben. Auch Klassen k\u00f6nnen sich bewerben! Die K\u00fcnstler_innen k\u00f6nnen die Werkst\u00e4tten des F\u00f6rderverein Jugendkunst e.V. (Mittwoch 16-21 Uhr ) und der Stralsunder Innovation Consult GmbH (SIC) kostenfrei nutzen. Die SIC bittet um vorherige telefonische Absprache (03831\/461211) Montag-Freitag 7-17 Uhr.<!--more--><\/p>\n<p style=\"text-align: justify;\"><strong>\u00a0\u00bbSticker Contest, denn deine Stadt klebt!\u00ab<\/strong><\/p>\n<p style=\"text-align: justify;\">Unter dem Motto \u201cKein vergeben, kein vergessen &#8211; Kein Kiez f\u00fcr Nazis\u201d gibt es erstmalig ein Sticker Contest. Die ersten 3 Pl\u00e4tze bekom-men jeweils 1500 Aufkleber zugeschickt. Sendet euren Vorschlag mit Kontaktdaten uns per e-mail! Jede Person darf nur ein Motiv einreichen und es muss dem Format DIN A7 (72mmx105mm) mit einer Aufl\u00f6sung von 300 DPI entsprechen.<\/p>\n<p style=\"text-align: justify;\">Der sp\u00e4teste Abgabetermin f\u00fcr die beiden Wettbewerbe ist der 12.08.2013! Informationen zu den Wettbewerben bekommt man hier oder per e-mail: info@rockgegenrechts.com<\/p>\n","protected":false},"excerpt":{"rendered":"<p>\u00bbKunstwettbewerb in Rahmen der Aktionstage gegen Rechts 2013\u00ab \u00a0Erstmalig Veranstaltet die Initiative Rock gegen Rechts in diesem Jahr auch ein Kunstwettbewerb, unter dem Motto \u201c(K)ein Nazi sein!\u201d k\u00f6nnen Menschen Kunstwerke schaffen, die zu einem sp\u00e4teren Zeitraum ausgestellt werden. Diese Kunstwerke sollten der bildenden Kunst und dem Motto entsprechen. Zu gewinnen gibt es f\u00fcr die ersten &hellip; <a href=\"http:\/\/www.rockgegenrechts.com\/?p=1306\" class=\"more-link\"><span class=\"screen-reader-text\">Sticker- und Kunstwettbewerb! Deine Kunst, ein Teil gegen rechts<\/span> weiterlesen<\/a><\/p>\n","protected":false},"author":1,"featured_media":0,"comment_status":"closed","ping_status":"closed","sticky":false,"template":"","format":"standard","meta":{"jetpack_post_was_ever_published":false,"_jetpack_newsletter_access":"","_jetpack_dont_email_post_to_subs":false,"_jetpack_newsletter_tier_id":0,"_jetpack_memberships_contains_paywalled_content":false,"_jetpack_memberships_contains_paid_content":false,"footnotes":"","jetpack_publicize_message":"","jetpack_publicize_feature_enabled":true,"jetpack_social_post_already_shared":false,"jetpack_social_options":{"image_generator_settings":{"template":"highway","enabled":false},"version":2}},"categories":[63],"tags":[],"class_list":["post-1306","post","type-post","status-publish","format-standard","hentry","category-agr-2013"],"jetpack_publicize_connections":[],"jetpack_featured_media_url":"","jetpack_shortlink":"https:\/\/wp.me\/p63KIm-l4","jetpack_sharing_enabled":true,"_links":{"self":[{"href":"http:\/\/www.rockgegenrechts.com\/index.php?rest_route=\/wp\/v2\/posts\/1306"}],"collection":[{"href":"http:\/\/www.rockgegenrechts.com\/index.php?rest_route=\/wp\/v2\/posts"}],"about":[{"href":"http:\/\/www.rockgegenrechts.com\/index.php?rest_route=\/wp\/v2\/types\/post"}],"author":[{"embeddable":true,"href":"http:\/\/www.rockgegenrechts.com\/index.php?rest_route=\/wp\/v2\/users\/1"}],"replies":[{"embeddable":true,"href":"http:\/\/www.rockgegenrechts.com\/index.php?rest_route=%2Fwp%2Fv2%2Fcomments&post=1306"}],"version-history":[{"count":8,"href":"http:\/\/www.rockgegenrechts.com\/index.php?rest_route=\/wp\/v2\/posts\/1306\/revisions"}],"predecessor-version":[{"id":1566,"href":"http:\/\/www.rockgegenrechts.com\/index.php?rest_route=\/wp\/v2\/posts\/1306\/revisions\/1566"}],"wp:attachment":[{"href":"http:\/\/www.rockgegenrechts.com\/index.php?rest_route=%2Fwp%2Fv2%2Fmedia&parent=1306"}],"wp:term":[{"taxonomy":"category","embeddable":true,"href":"http:\/\/www.rockgegenrechts.com\/index.php?rest_route=%2Fwp%2Fv2%2Fcategories&post=1306"},{"taxonomy":"post_tag","embeddable":true,"href":"http:\/\/www.rockgegenrechts.com\/index.php?rest_route=%2Fwp%2Fv2%2Ftags&post=1306"}],"curies":[{"name":"wp","href":"https:\/\/api.w.org\/{rel}","templated":true}]}}