{"id":1470,"date":"2013-06-16T16:21:04","date_gmt":"2013-06-16T16:21:04","guid":{"rendered":"http:\/\/www.rockgegenrechts.com\/?p=1470"},"modified":"2013-06-16T17:50:19","modified_gmt":"2013-06-16T17:50:19","slug":"exportschlager-rechtsrock-aus-mv-von-ungebetenen-gasten-in-wolfsburg","status":"publish","type":"post","link":"http:\/\/www.rockgegenrechts.com\/?p=1470","title":{"rendered":"Exportschlager Rechtsrock aus MV: Von \u2018Ungebetenen G\u00e4sten\u2019 in Wolfsburg"},"content":{"rendered":"<p style=\"text-align: justify;\"><img loading=\"lazy\" decoding=\"async\" class=\"alignleft size-thumbnail wp-image-1471\" alt=\"UG_Titel\" src=\"http:\/\/rockgegenrechts.com\/wp-content\/uploads\/2013\/06\/UG_Titel-150x150.jpg\" width=\"150\" height=\"150\" \/>Nazi-Bands findet man in Mecklenburg-Vorpommern reichlich und auch \u00fcber einen Mangel an Band-Neugr\u00fcndungen k\u00f6nnen sich die Neonazis nicht beklagen. Am 15. Juni will eine Gruppe aus M-V ein Konzert au\u00dferhalb des Landes, n\u00e4mlich in Wolfsburg spielen: \u201eUngebetene G\u00e4ste\u201c. Bei den Mitgliedern handelt es sich keineswegs um Unbekannte; die erst 2012 gegr\u00fcndete Gruppe setzt sich aus zum Teil altgedienten Mecklenburger Kameraden und Granden der Neonazi-Musikszene zusammen. Thematisch bietet man allerdings nichts Neues. In ziemlich holprigen Versen wird eine Mischung aus Fu\u00dfball, Gewalt, Fu\u00dfballgewalt, Gesaufe und Freundschaft besungen. Um auch keine Zweifel an ihrer Gesinnung aufkommen zu lassen, ver\u00f6ffentlichten sie ihr j\u00fcngstes Album bei \u201eFront Records\u201c aus Sachsen, einem der umtriebigsten und bundesweit bedeutendsten Neonazi- und Rechtsrock-Vers\u00e4nde. <a href=\"http:\/\/kombinat-fortschritt.com\/2013\/06\/13\/exportschlager-rechtsrock-aus-mv-von-ungebetenen-gasten-in-wolfsburg\/\" target=\"_blank\"><span style=\"text-decoration: underline;\">Weiterlesen auf Kombinat Fortschritt\u2192<\/span><\/a><\/p>\n","protected":false},"excerpt":{"rendered":"<p>Nazi-Bands findet man in Mecklenburg-Vorpommern reichlich und auch \u00fcber einen Mangel an Band-Neugr\u00fcndungen k\u00f6nnen sich die Neonazis nicht beklagen. Am 15. Juni will eine Gruppe aus M-V ein Konzert au\u00dferhalb des Landes, n\u00e4mlich in Wolfsburg spielen: \u201eUngebetene G\u00e4ste\u201c. Bei den Mitgliedern handelt es sich keineswegs um Unbekannte; die erst 2012 gegr\u00fcndete Gruppe setzt sich aus &hellip; <a href=\"http:\/\/www.rockgegenrechts.com\/?p=1470\" class=\"more-link\"><span class=\"screen-reader-text\">Exportschlager Rechtsrock aus MV: Von \u2018Ungebetenen G\u00e4sten\u2019 in Wolfsburg<\/span> weiterlesen<\/a><\/p>\n","protected":false},"author":1,"featured_media":0,"comment_status":"closed","ping_status":"closed","sticky":false,"template":"","format":"standard","meta":{"jetpack_post_was_ever_published":false,"_jetpack_newsletter_access":"","_jetpack_dont_email_post_to_subs":false,"_jetpack_newsletter_tier_id":0,"_jetpack_memberships_contains_paywalled_content":false,"_jetpack_memberships_contains_paid_content":false,"footnotes":"","jetpack_publicize_message":"","jetpack_publicize_feature_enabled":true,"jetpack_social_post_already_shared":false,"jetpack_social_options":{"image_generator_settings":{"template":"highway","enabled":false},"version":2}},"categories":[1],"tags":[],"class_list":["post-1470","post","type-post","status-publish","format-standard","hentry","category-allgemein"],"jetpack_publicize_connections":[],"jetpack_featured_media_url":"","jetpack_shortlink":"https:\/\/wp.me\/p63KIm-nI","jetpack_sharing_enabled":true,"_links":{"self":[{"href":"http:\/\/www.rockgegenrechts.com\/index.php?rest_route=\/wp\/v2\/posts\/1470"}],"collection":[{"href":"http:\/\/www.rockgegenrechts.com\/index.php?rest_route=\/wp\/v2\/posts"}],"about":[{"href":"http:\/\/www.rockgegenrechts.com\/index.php?rest_route=\/wp\/v2\/types\/post"}],"author":[{"embeddable":true,"href":"http:\/\/www.rockgegenrechts.com\/index.php?rest_route=\/wp\/v2\/users\/1"}],"replies":[{"embeddable":true,"href":"http:\/\/www.rockgegenrechts.com\/index.php?rest_route=%2Fwp%2Fv2%2Fcomments&post=1470"}],"version-history":[{"count":6,"href":"http:\/\/www.rockgegenrechts.com\/index.php?rest_route=\/wp\/v2\/posts\/1470\/revisions"}],"predecessor-version":[{"id":1473,"href":"http:\/\/www.rockgegenrechts.com\/index.php?rest_route=\/wp\/v2\/posts\/1470\/revisions\/1473"}],"wp:attachment":[{"href":"http:\/\/www.rockgegenrechts.com\/index.php?rest_route=%2Fwp%2Fv2%2Fmedia&parent=1470"}],"wp:term":[{"taxonomy":"category","embeddable":true,"href":"http:\/\/www.rockgegenrechts.com\/index.php?rest_route=%2Fwp%2Fv2%2Fcategories&post=1470"},{"taxonomy":"post_tag","embeddable":true,"href":"http:\/\/www.rockgegenrechts.com\/index.php?rest_route=%2Fwp%2Fv2%2Ftags&post=1470"}],"curies":[{"name":"wp","href":"https:\/\/api.w.org\/{rel}","templated":true}]}}