{"id":1586,"date":"2013-07-05T10:54:41","date_gmt":"2013-07-05T10:54:41","guid":{"rendered":"http:\/\/www.rockgegenrechts.com\/?p=1586"},"modified":"2014-12-24T10:06:10","modified_gmt":"2014-12-24T10:06:10","slug":"1586","status":"publish","type":"post","link":"http:\/\/www.rockgegenrechts.com\/?p=1586","title":{"rendered":"Wahlaufruf: Kein Kiez f\u00fcr Nazis &#8211; Keine Stimme der Rassist_innen!"},"content":{"rendered":"<p style=\"text-align: justify;\"><a title=\"kkfn\" href=\"http:\/\/ino.blogsport.de\/bundestagswahl2013\/\" target=\"_blank\"><img loading=\"lazy\" decoding=\"async\" class=\"alignleft size-full wp-image-1587\" alt=\"banner_kkfn_225x\" src=\"http:\/\/rockgegenrechts.square7.ch\/wp-content\/uploads\/2013\/07\/banner_kkfn_225x.png\" width=\"225\" height=\"35\" \/><\/a><strong>Gemeinsamer Aufruf zu den Bundestagswahlen 2013 in Mecklenburg-Vorpommern: Kein Kiez f\u00fcr Nazis! \u2013 Keine Stimme der Rassist_innen! \u2013 \u2019sozial gerecht\u2018 schreibt sich ohne n, p, d! Unterzeichne auch du den Aufruf!<\/strong><\/p>\n<p style=\"text-align: justify;\">Am 22. September diesen Jahres wird ein neuer Bundestag gew\u00e4hlt. Neben vielen demokratischen Parteien will auch die rechtsradikale NPD in das Berliner Parlament einziehen.<\/p>\n<p style=\"text-align: justify;\">Mit einem massiven Materialaufgebot versucht die NPD derzeit die Aufmerksamkeit der B\u00fcrger_innen in der Bundesrepublik zu bekommen. W\u00e4hrend sich diese Partei in der \u00d6ffentlichkeit als eine K\u00fcmmerer-Partei, die sich auch um die kleinsten Belange der einfachen Menschen k\u00fcmmert, in Szene setzen will, hetzen ihre Spitzenpolitiker_innen regelm\u00e4\u00dfig gegen Migrant_Innen, alternative Jugendliche, Homosexuelle und andere Minderheiten in diesem Land.<\/p>\n<p style=\"text-align: justify;\">Die NPD ist eine rassistische und antidemokratische Partei, die in der Tradition des historischen Nationalsozialismus steht. Sie leugnet den Grundsatz der Gleichheit aller Menschen. In den Landtagen von Sachsen und Mecklenburg-Vorpommern, aber auch in Kommunalparlamenten beweist die NPD schon jetzt, dass sie nicht an den Problemen der Menschen interessiert ist, sondern lediglich eine Plattform sucht, um ihre menschenverachtende Ideologie zu verbreiten.<!--more--><\/p>\n<p style=\"text-align: justify;\">Das Konstrukt der \u201eVolksgemeinschaft\u201c, welches die Nazis propagieren, bedeutet immer Ausgrenzung von Menschen. Der NPD und ihren Sympathisant_innen setzen wir ein solidarisches Miteinander entgegen. Vor allem in Mecklenburg-Vorpommern, einem Bundesland in dem die NPD relativ gro\u00dfen Einfluss gerade auch bei Jugendlichen hat, ist es besonders wichtig, Rassismus und Fremdenfeindlichkeit die Stirn zu bieten.<\/p>\n<p style=\"text-align: justify;\">Wir streiten f\u00fcr ein Mecklenburg-Vorpommern in dem alle Menschen unabh\u00e4ngig von Hautfarbe, Herkunft, Religion und Sexualit\u00e4t friedlich und solidarisch zusammenleben.<\/p>\n<p style=\"text-align: justify;\">Wir fordern: <strong>Kein Kiez f\u00fcr Nazis! Keine Stimme den Rassist_innen!<\/strong><\/p>\n<p style=\"text-align: justify;\"><strong>\u201eSozial gerecht\u201c schreibt sich ohne n, p, d!<\/strong><\/p>\n<p style=\"text-align: left;\">Initiative Rock gegen Rechts Stralsund<br \/>\n<a title=\"\" href=\"http:\/\/www.rockgegenrechts.com\/\">www.rockgegenrechts.com<\/a><\/p>\n<p style=\"text-align: left;\"><em>Infoportal f\u00fcr antifaschistische Kultur und Politik aus Mecklenburg-Vorpommern<br \/>\n<a title=\"\" href=\"http:\/\/ino.blogsport.de\/\">ino.blogsport.de<\/a><\/em><\/p>\n<p style=\"text-align: left;\"><em>Vereinigung der Verfolgten des Naziregimes \u2013 Bund der Antifaschist_Innen MV, Basisorganisation Jugend<br \/>\n<a title=\"\" href=\"http:\/\/boju.blogsport.de\/\">boju.blogsport.de<\/a><\/em><\/p>\n<p style=\"text-align: left;\">Mehr Infos unter : <a title=\"kkfn\" href=\"http:\/\/ino.blogsport.de\/bundestagswahl2013\/\" target=\"_blank\">http:\/\/ino.blogsport.de\/bundestagswahl2013\/<\/a><\/p>\n<p style=\"text-align: justify;\">\n","protected":false},"excerpt":{"rendered":"<p>Gemeinsamer Aufruf zu den Bundestagswahlen 2013 in Mecklenburg-Vorpommern: Kein Kiez f\u00fcr Nazis! \u2013 Keine Stimme der Rassist_innen! \u2013 \u2019sozial gerecht\u2018 schreibt sich ohne n, p, d! Unterzeichne auch du den Aufruf! Am 22. September diesen Jahres wird ein neuer Bundestag gew\u00e4hlt. Neben vielen demokratischen Parteien will auch die rechtsradikale NPD in das Berliner Parlament einziehen. &hellip; <a href=\"http:\/\/www.rockgegenrechts.com\/?p=1586\" class=\"more-link\"><span class=\"screen-reader-text\">Wahlaufruf: Kein Kiez f\u00fcr Nazis &#8211; Keine Stimme der Rassist_innen!<\/span> weiterlesen<\/a><\/p>\n","protected":false},"author":1,"featured_media":0,"comment_status":"closed","ping_status":"closed","sticky":false,"template":"","format":"standard","meta":{"jetpack_post_was_ever_published":false,"_jetpack_newsletter_access":"","_jetpack_dont_email_post_to_subs":false,"_jetpack_newsletter_tier_id":0,"_jetpack_memberships_contains_paywalled_content":false,"_jetpack_memberships_contains_paid_content":false,"footnotes":"","jetpack_publicize_message":"","jetpack_publicize_feature_enabled":true,"jetpack_social_post_already_shared":false,"jetpack_social_options":{"image_generator_settings":{"template":"highway","enabled":false},"version":2}},"categories":[63],"tags":[],"class_list":["post-1586","post","type-post","status-publish","format-standard","hentry","category-agr-2013"],"jetpack_publicize_connections":[],"jetpack_featured_media_url":"","jetpack_shortlink":"https:\/\/wp.me\/s63KIm-1586","jetpack_sharing_enabled":true,"_links":{"self":[{"href":"http:\/\/www.rockgegenrechts.com\/index.php?rest_route=\/wp\/v2\/posts\/1586"}],"collection":[{"href":"http:\/\/www.rockgegenrechts.com\/index.php?rest_route=\/wp\/v2\/posts"}],"about":[{"href":"http:\/\/www.rockgegenrechts.com\/index.php?rest_route=\/wp\/v2\/types\/post"}],"author":[{"embeddable":true,"href":"http:\/\/www.rockgegenrechts.com\/index.php?rest_route=\/wp\/v2\/users\/1"}],"replies":[{"embeddable":true,"href":"http:\/\/www.rockgegenrechts.com\/index.php?rest_route=%2Fwp%2Fv2%2Fcomments&post=1586"}],"version-history":[{"count":5,"href":"http:\/\/www.rockgegenrechts.com\/index.php?rest_route=\/wp\/v2\/posts\/1586\/revisions"}],"predecessor-version":[{"id":1591,"href":"http:\/\/www.rockgegenrechts.com\/index.php?rest_route=\/wp\/v2\/posts\/1586\/revisions\/1591"}],"wp:attachment":[{"href":"http:\/\/www.rockgegenrechts.com\/index.php?rest_route=%2Fwp%2Fv2%2Fmedia&parent=1586"}],"wp:term":[{"taxonomy":"category","embeddable":true,"href":"http:\/\/www.rockgegenrechts.com\/index.php?rest_route=%2Fwp%2Fv2%2Fcategories&post=1586"},{"taxonomy":"post_tag","embeddable":true,"href":"http:\/\/www.rockgegenrechts.com\/index.php?rest_route=%2Fwp%2Fv2%2Ftags&post=1586"}],"curies":[{"name":"wp","href":"https:\/\/api.w.org\/{rel}","templated":true}]}}