{"id":1610,"date":"2013-07-24T11:47:36","date_gmt":"2013-07-24T11:47:36","guid":{"rendered":"http:\/\/www.rockgegenrechts.com\/?p=1610"},"modified":"2013-07-24T11:48:32","modified_gmt":"2013-07-24T11:48:32","slug":"demonstration-gegen-rechtsextreme-parolen","status":"publish","type":"post","link":"http:\/\/www.rockgegenrechts.com\/?p=1610","title":{"rendered":"Demonstration gegen rechtsextreme Parolen"},"content":{"rendered":"<p style=\"text-align: justify;\"><img loading=\"lazy\" decoding=\"async\" class=\"alignleft size-thumbnail wp-image-1612\" alt=\"Demonstration-gegen-rechtsextreme-Parolen_ArtikelQuer\" src=\"http:\/\/rockgegenrechts.square7.ch\/wp-content\/uploads\/2013\/07\/Demonstration-gegen-rechtsextreme-Parolen_ArtikelQuer-150x150.jpg\" width=\"150\" height=\"150\" \/>Etwa 50 Frauen und M\u00e4nner beteiligten sich am Mittwochvormittag lautstark an einer Protestaktion in der Stralsunder Innenstadt.<\/p>\n<p style=\"text-align: justify;\">Stralsund. Vertreter mehrerer politischer Parteien und der Gewerkschaften folgten am Mittwochvormittag dem Aufruf der B\u00fcndnisgr\u00fcnen zu einer Demontstration gegen den Wahlkampfauftritt der rechtsextremen NPD auf dem Neuen Markt in Stralsund. Die Polizei setzte eine Pufferzone zwischen beiden Lagern durch.<\/p>\n<p style=\"text-align: justify;\">Spontan liefen Mitglieder der Antifa von der Langenstra\u00dfe aus auf den Markt und versuchten, die Rede des NPD-Chefs von MV, Stefan K\u00f6ster, mit Musik zu \u00fcbert\u00f6nen. Die Ordnungskr\u00e4fte dr\u00e4ngten sie zur\u00fcck. Teilnehmer des derzeitigen Skizzenfestivals bildeten vor den Nazis eine Kette. Sie hatten sich Schilder mit der Aufschrift \u201eHier gibt&#8217;s nichts zu sehen!\u201c umgeh\u00e4ngt. Die Protestaktion verlief friedlich.<\/p>\n<p style=\"text-align: justify;\">Quelle: Ostsee-zeitung. Weitere BIlder auch dort <a title=\"oz\" href=\"http:\/\/www.ostsee-zeitung.de\/Vorpommern\/Fotostrecken-Vorpommern\/Demonstration-gegen-rechtsextreme-Parolen\/%28offset%29\/0\" target=\"_blank\">[Link]<\/a><\/p>\n","protected":false},"excerpt":{"rendered":"<p>Etwa 50 Frauen und M\u00e4nner beteiligten sich am Mittwochvormittag lautstark an einer Protestaktion in der Stralsunder Innenstadt. Stralsund. Vertreter mehrerer politischer Parteien und der Gewerkschaften folgten am Mittwochvormittag dem Aufruf der B\u00fcndnisgr\u00fcnen zu einer Demontstration gegen den Wahlkampfauftritt der rechtsextremen NPD auf dem Neuen Markt in Stralsund. Die Polizei setzte eine Pufferzone zwischen beiden Lagern &hellip; <a href=\"http:\/\/www.rockgegenrechts.com\/?p=1610\" class=\"more-link\"><span class=\"screen-reader-text\">Demonstration gegen rechtsextreme Parolen<\/span> weiterlesen<\/a><\/p>\n","protected":false},"author":1,"featured_media":0,"comment_status":"closed","ping_status":"closed","sticky":false,"template":"","format":"standard","meta":{"jetpack_post_was_ever_published":false,"_jetpack_newsletter_access":"","_jetpack_dont_email_post_to_subs":false,"_jetpack_newsletter_tier_id":0,"_jetpack_memberships_contains_paywalled_content":false,"_jetpack_memberships_contains_paid_content":false,"footnotes":"","jetpack_publicize_message":"","jetpack_publicize_feature_enabled":true,"jetpack_social_post_already_shared":false,"jetpack_social_options":{"image_generator_settings":{"template":"highway","enabled":false},"version":2}},"categories":[1],"tags":[],"class_list":["post-1610","post","type-post","status-publish","format-standard","hentry","category-allgemein"],"jetpack_publicize_connections":[],"jetpack_featured_media_url":"","jetpack_shortlink":"https:\/\/wp.me\/p63KIm-pY","jetpack_sharing_enabled":true,"_links":{"self":[{"href":"http:\/\/www.rockgegenrechts.com\/index.php?rest_route=\/wp\/v2\/posts\/1610"}],"collection":[{"href":"http:\/\/www.rockgegenrechts.com\/index.php?rest_route=\/wp\/v2\/posts"}],"about":[{"href":"http:\/\/www.rockgegenrechts.com\/index.php?rest_route=\/wp\/v2\/types\/post"}],"author":[{"embeddable":true,"href":"http:\/\/www.rockgegenrechts.com\/index.php?rest_route=\/wp\/v2\/users\/1"}],"replies":[{"embeddable":true,"href":"http:\/\/www.rockgegenrechts.com\/index.php?rest_route=%2Fwp%2Fv2%2Fcomments&post=1610"}],"version-history":[{"count":2,"href":"http:\/\/www.rockgegenrechts.com\/index.php?rest_route=\/wp\/v2\/posts\/1610\/revisions"}],"predecessor-version":[{"id":1613,"href":"http:\/\/www.rockgegenrechts.com\/index.php?rest_route=\/wp\/v2\/posts\/1610\/revisions\/1613"}],"wp:attachment":[{"href":"http:\/\/www.rockgegenrechts.com\/index.php?rest_route=%2Fwp%2Fv2%2Fmedia&parent=1610"}],"wp:term":[{"taxonomy":"category","embeddable":true,"href":"http:\/\/www.rockgegenrechts.com\/index.php?rest_route=%2Fwp%2Fv2%2Fcategories&post=1610"},{"taxonomy":"post_tag","embeddable":true,"href":"http:\/\/www.rockgegenrechts.com\/index.php?rest_route=%2Fwp%2Fv2%2Ftags&post=1610"}],"curies":[{"name":"wp","href":"https:\/\/api.w.org\/{rel}","templated":true}]}}