{"id":1636,"date":"2013-08-17T10:02:38","date_gmt":"2013-08-17T10:02:38","guid":{"rendered":"http:\/\/www.rockgegenrechts.com\/?p=1636"},"modified":"2013-08-17T10:08:57","modified_gmt":"2013-08-17T10:08:57","slug":"die-schone-neue-fusballwelt-rockt-gegen-rechts","status":"publish","type":"post","link":"http:\/\/www.rockgegenrechts.com\/?p=1636","title":{"rendered":"Die \u201esch\u00f6ne neue Fu\u00dfballwelt\u201c rockt gegen Rechts?"},"content":{"rendered":"<p style=\"text-align: center;\"><img loading=\"lazy\" decoding=\"async\" class=\"size-full wp-image-1637 aligncenter\" alt=\"jk\" src=\"http:\/\/rockgegenrechts.square7.ch\/wp-content\/uploads\/2013\/08\/jk.jpg\" width=\"640\" height=\"480\" srcset=\"https:\/\/rockgegenrechts.bplaced.net\/wp-content\/uploads\/2013\/08\/jk.jpg 640w, https:\/\/rockgegenrechts.bplaced.net\/wp-content\/uploads\/2013\/08\/jk-300x225.jpg 300w\" sizes=\"(max-width: 640px) 100vw, 640px\" \/><\/p>\n<p style=\"text-align: justify;\">Die Auftaktveranstaltung der diesj\u00e4hrigen Aktionstage gegen Rechts beleuchtete das Thema Rassismus und Diskriminierung von mal einer etwas anderen Seite. Mit der Ausstellung \u201eTatort Stadion 2\u201c wurde erstmals im Rahmen dieser Aufkl\u00e4rungs- und Veranstaltungsreihe das Thema aus Sicht des Fu\u00dfballsports betrachtet. Wohl kein anderer Sport auf der Welt bringt so viele unterschiedliche Menschen und Kulturen zusammen wie der Fu\u00dfball. Doch leider findet dieses Zusammentreffen immer weniger in offener und diskriminierungsfreier Atmosph\u00e4re statt. Das Gegenteil scheint vielmehr der Fall zu sein. <!--more-->Wie heute Fu\u00dfballvereine in Deutschland mit dem Thema Rassismus, Sexismus und allen anderen Formen von Diskriminierung innerhalb der Fanszene umgehen, dar\u00fcber sprach in einem Kurzreferat Florian vom B\u00fcndnis aktiver Fu\u00dfballfans (BAFF). Anhand von Beispielen schilderte er, wie sich neonazistische Tendenzen unter den Fans, vor allem in den Profiligen, in den letzten 1 \u00bd Jahren verst\u00e4rkt haben. So zogen sich in diesem Jahr die Ultras Aachen mit einer \u00f6ffentlichen Erkl\u00e4rung vorerst aus dem Stadion zur\u00fcck. St\u00e4ndige Bedrohungen und gewaltt\u00e4tige Angriffe innerhalb und au\u00dferhalb des Stadions durch neonazistische Fangruppierungen und Kameradschaften, sowie eine tatenlose Vereinsf\u00fchrung zwangen die Ultras zu diesem gravierenden und letztlich hilflosem Schritt. In Braunschweig wurden Teile der Fanszene, die neonazistische Strukturen aufdeckten, durch Vereinsgremien als Nestbeschmutzer bezeichnet. \u00c4hnliches spielt sich in Duisburg und Dortmund ab. Immer h\u00e4ufiger werden engagierte Fans mit der Aussage \u201ePolitik hat im Stadion nichts zu suchen\u201c konfrontiert. Doch holt man mit Bannern die sich gegen Nazis aussprechen wirklich \u00fcberhaupt erst die Politik ins Stadion? Nein! Denn sich \u00f6ffentlich gegen Nazis zu wehren ist sogar in den Augen manch konservativer Politiker Zivilcourage. An jedem Ort, an dem sich Menschen zusammen finden, findet in irgendeiner Form auch Politik statt. Gesellschaftliche Kulturg\u00fcter, zu denen der Fu\u00dfballsport zweifelsohne geh\u00f6rt, sind niemals frei von Politik. Und Sprechch\u00f6ren wie \u201eArbeit macht frei \u2013 Babelsberg 03\u201c oder \u201eZick Zack Zigeunerpack\u201c, welche die Babelsberger Fans k\u00fcrzlich ertragen mussten, d\u00fcrfen niemals unbeantwortet bleiben. Doch trotz der wieder erstarkenden rechten Szene im Fu\u00dfball dominiert derzeit die sogenannte Sicherheitsfrage in deutschen Stadien, die mediale Debatte. Die Diskussion um Pyrotechnik hat das Thema Diskriminierung in der \u00d6ffentlichkeit fast v\u00f6llig verdr\u00e4ngt. Ob dies politisch so gewollt ist, ist noch nicht klar. Die Ausstellung m\u00f6chte ihren Beitrag dazu leisten, die Debatte wieder zur\u00fcck in die Gesellschaft und die \u00d6ffentlichkeit zu bringen. Wer sich selbst ein Bild machen m\u00f6chte, kann dies noch bis zum 22.August in der Kulturkirche und am 24.August beim ersten antirassistischen Fu\u00dfballturnier in Stralsund tun.<\/p>\n<p>\u00a0Mehr Bilder:<\/p>\n<p><a href=\"http:\/\/rockgegenrechts.square7.ch\/wp-content\/uploads\/2013\/08\/am.jpg\"><img loading=\"lazy\" decoding=\"async\" class=\"alignleft size-medium wp-image-1639\" alt=\"am\" src=\"http:\/\/rockgegenrechts.square7.ch\/wp-content\/uploads\/2013\/08\/am-225x300.jpg\" width=\"225\" height=\"300\" srcset=\"https:\/\/rockgegenrechts.bplaced.net\/wp-content\/uploads\/2013\/08\/am-225x300.jpg 225w, https:\/\/rockgegenrechts.bplaced.net\/wp-content\/uploads\/2013\/08\/am.jpg 720w\" sizes=\"(max-width: 225px) 100vw, 225px\" \/><\/a><\/p>\n<p>&nbsp;<\/p>\n<p>&nbsp;<\/p>\n<p>&nbsp;<\/p>\n<p>&nbsp;<\/p>\n<p>&nbsp;<\/p>\n<p>&nbsp;<\/p>\n<p>&nbsp;<\/p>\n<p><a href=\"http:\/\/rockgegenrechts.square7.ch\/wp-content\/uploads\/2013\/08\/DSC_0003.jpg\"><img loading=\"lazy\" decoding=\"async\" class=\"alignleft size-full wp-image-1641\" alt=\"DSC_0003\" src=\"http:\/\/rockgegenrechts.square7.ch\/wp-content\/uploads\/2013\/08\/DSC_0003.jpg\" width=\"345\" height=\"302\" \/><\/a><\/p>\n<p>&nbsp;<\/p>\n<p>&nbsp;<\/p>\n<p>&nbsp;<\/p>\n<p>&nbsp;<\/p>\n<p>&nbsp;<\/p>\n<p>&nbsp;<\/p>\n<p>&nbsp;<\/p>\n","protected":false},"excerpt":{"rendered":"<p>Die Auftaktveranstaltung der diesj\u00e4hrigen Aktionstage gegen Rechts beleuchtete das Thema Rassismus und Diskriminierung von mal einer etwas anderen Seite. Mit der Ausstellung \u201eTatort Stadion 2\u201c wurde erstmals im Rahmen dieser Aufkl\u00e4rungs- und Veranstaltungsreihe das Thema aus Sicht des Fu\u00dfballsports betrachtet. Wohl kein anderer Sport auf der Welt bringt so viele unterschiedliche Menschen und Kulturen zusammen &hellip; <a href=\"http:\/\/www.rockgegenrechts.com\/?p=1636\" class=\"more-link\"><span class=\"screen-reader-text\">Die \u201esch\u00f6ne neue Fu\u00dfballwelt\u201c rockt gegen Rechts?<\/span> weiterlesen<\/a><\/p>\n","protected":false},"author":1,"featured_media":0,"comment_status":"closed","ping_status":"closed","sticky":false,"template":"","format":"standard","meta":{"jetpack_post_was_ever_published":false,"_jetpack_newsletter_access":"","_jetpack_dont_email_post_to_subs":false,"_jetpack_newsletter_tier_id":0,"_jetpack_memberships_contains_paywalled_content":false,"_jetpack_memberships_contains_paid_content":false,"footnotes":"","jetpack_publicize_message":"","jetpack_publicize_feature_enabled":true,"jetpack_social_post_already_shared":false,"jetpack_social_options":{"image_generator_settings":{"template":"highway","enabled":false},"version":2}},"categories":[63],"tags":[],"class_list":["post-1636","post","type-post","status-publish","format-standard","hentry","category-agr-2013"],"jetpack_publicize_connections":[],"jetpack_featured_media_url":"","jetpack_shortlink":"https:\/\/wp.me\/p63KIm-qo","jetpack_sharing_enabled":true,"_links":{"self":[{"href":"http:\/\/www.rockgegenrechts.com\/index.php?rest_route=\/wp\/v2\/posts\/1636"}],"collection":[{"href":"http:\/\/www.rockgegenrechts.com\/index.php?rest_route=\/wp\/v2\/posts"}],"about":[{"href":"http:\/\/www.rockgegenrechts.com\/index.php?rest_route=\/wp\/v2\/types\/post"}],"author":[{"embeddable":true,"href":"http:\/\/www.rockgegenrechts.com\/index.php?rest_route=\/wp\/v2\/users\/1"}],"replies":[{"embeddable":true,"href":"http:\/\/www.rockgegenrechts.com\/index.php?rest_route=%2Fwp%2Fv2%2Fcomments&post=1636"}],"version-history":[{"count":7,"href":"http:\/\/www.rockgegenrechts.com\/index.php?rest_route=\/wp\/v2\/posts\/1636\/revisions"}],"predecessor-version":[{"id":1647,"href":"http:\/\/www.rockgegenrechts.com\/index.php?rest_route=\/wp\/v2\/posts\/1636\/revisions\/1647"}],"wp:attachment":[{"href":"http:\/\/www.rockgegenrechts.com\/index.php?rest_route=%2Fwp%2Fv2%2Fmedia&parent=1636"}],"wp:term":[{"taxonomy":"category","embeddable":true,"href":"http:\/\/www.rockgegenrechts.com\/index.php?rest_route=%2Fwp%2Fv2%2Fcategories&post=1636"},{"taxonomy":"post_tag","embeddable":true,"href":"http:\/\/www.rockgegenrechts.com\/index.php?rest_route=%2Fwp%2Fv2%2Ftags&post=1636"}],"curies":[{"name":"wp","href":"https:\/\/api.w.org\/{rel}","templated":true}]}}