{"id":1667,"date":"2013-08-29T15:47:02","date_gmt":"2013-08-29T15:47:02","guid":{"rendered":"http:\/\/www.rockgegenrechts.com\/?p=1667"},"modified":"2013-09-04T17:39:42","modified_gmt":"2013-09-04T17:39:42","slug":"1667","status":"publish","type":"post","link":"http:\/\/www.rockgegenrechts.com\/?p=1667","title":{"rendered":"Ausstellung&#038;Vortrag: F\u00f6rderung der selbstverwalteten Jugendarbeit sehr wichtig"},"content":{"rendered":"<figure id=\"attachment_1669\" aria-describedby=\"caption-attachment-1669\" style=\"width: 150px\" class=\"wp-caption alignleft\"><a href=\"http:\/\/rockgegenrechts.square7.ch\/wp-content\/uploads\/2013\/08\/DSC_0016_web.jpg\"><img loading=\"lazy\" decoding=\"async\" class=\"size-thumbnail wp-image-1669\" alt=\"DSC_0016_web\" src=\"http:\/\/rockgegenrechts.square7.ch\/wp-content\/uploads\/2013\/08\/DSC_0016_web-150x150.jpg\" width=\"150\" height=\"150\" \/><\/a><figcaption id=\"caption-attachment-1669\" class=\"wp-caption-text\">copyright bei rock gegen rechts<\/figcaption><\/figure>\n<p style=\"text-align: justify;\">Am 26.08. wurden in der Volkshochschule Stralsund die \u201eAktionstage gegen Rechts\u201c er\u00f6ffnet. Als erstes wurde den Stralsunder_innen eine Ausstellung von der Europaschule R\u00f6vershagen mit dem Titel \u201eRom hei\u00dft Mensch\u201c vorgestellt. Die Ausstellung wurde von der Geschichtslehrerin, Petra Klawitter, und einigen Sch\u00fclerinnen erl\u00e4utert. Die die Ausstellung erarbeitende AG umfasst inzwischen 15 Sch\u00fcler_innen von der 5. \u2013 12. Klasse. Alle zusammen erarbeiteten eine Ausstellung zum Leben der Sinti und Roma in Deutschland, ihre Traditionen und ihre Geschichte. Die Ausstellung ist noch bis zum 06.09.2013 in der Volkshochschule Stralsund zu besichtigen.<!--more--><\/p>\n<figure id=\"attachment_1673\" aria-describedby=\"caption-attachment-1673\" style=\"width: 198px\" class=\"wp-caption alignleft\"><a href=\"http:\/\/rockgegenrechts.square7.ch\/wp-content\/uploads\/2013\/08\/DSC_0009_web.jpg\"><img loading=\"lazy\" decoding=\"async\" class=\"size-medium wp-image-1673\" alt=\"DSC_0009_web\" src=\"http:\/\/rockgegenrechts.square7.ch\/wp-content\/uploads\/2013\/08\/DSC_0009_web-198x300.jpg\" width=\"198\" height=\"300\" srcset=\"https:\/\/rockgegenrechts.bplaced.net\/wp-content\/uploads\/2013\/08\/DSC_0009_web-198x300.jpg 198w, https:\/\/rockgegenrechts.bplaced.net\/wp-content\/uploads\/2013\/08\/DSC_0009_web-678x1024.jpg 678w, https:\/\/rockgegenrechts.bplaced.net\/wp-content\/uploads\/2013\/08\/DSC_0009_web.jpg 1632w\" sizes=\"(max-width: 198px) 100vw, 198px\" \/><\/a><figcaption id=\"caption-attachment-1673\" class=\"wp-caption-text\">copyright by rock gegen rechts<\/figcaption><\/figure>\n<p style=\"text-align: justify;\">Danach hielt der Rechtsextremismusexperte G\u00fcnther Hoffmann einen Vortrag zum Thema \u201eNeonazistische Jugendarbeit\u201c. Er kl\u00e4rte \u00fcber die verschiedenen rechtsextremistischen Gruppierungen in den letzten 60 Jahren in Deutschland auf. Im Vortrag wurde auch \u00fcber ans\u00e4ssige Neonazikader aus der &#8222;Hammerskin&#8220; Szene informiert. Die Jugendarbeit hat dabei in diesen Gruppierungen eine gro\u00dfe Rolle gespielt. Dem m\u00fcssen die Demokraten entgegenwirken \u2013 durch eine ausreichend finanziell ausgestatte und selbstverwaltete Jugendarbeit, wie es beispielsweise in der Stadt Pasewalk geschieht. Pasewalk leistet sich eine hochwertige Jugendarbeit und verhindert dadurch das erstarken der rechten Szene.<\/p>\n<p style=\"text-align: justify;\">\n","protected":false},"excerpt":{"rendered":"<p>Am 26.08. wurden in der Volkshochschule Stralsund die \u201eAktionstage gegen Rechts\u201c er\u00f6ffnet. Als erstes wurde den Stralsunder_innen eine Ausstellung von der Europaschule R\u00f6vershagen mit dem Titel \u201eRom hei\u00dft Mensch\u201c vorgestellt. Die Ausstellung wurde von der Geschichtslehrerin, Petra Klawitter, und einigen Sch\u00fclerinnen erl\u00e4utert. Die die Ausstellung erarbeitende AG umfasst inzwischen 15 Sch\u00fcler_innen von der 5. \u2013 &hellip; <a href=\"http:\/\/www.rockgegenrechts.com\/?p=1667\" class=\"more-link\"><span class=\"screen-reader-text\">Ausstellung&#038;Vortrag: F\u00f6rderung der selbstverwalteten Jugendarbeit sehr wichtig<\/span> weiterlesen<\/a><\/p>\n","protected":false},"author":1,"featured_media":0,"comment_status":"closed","ping_status":"closed","sticky":false,"template":"","format":"standard","meta":{"jetpack_post_was_ever_published":false,"_jetpack_newsletter_access":"","_jetpack_dont_email_post_to_subs":false,"_jetpack_newsletter_tier_id":0,"_jetpack_memberships_contains_paywalled_content":false,"_jetpack_memberships_contains_paid_content":false,"footnotes":"","jetpack_publicize_message":"","jetpack_publicize_feature_enabled":true,"jetpack_social_post_already_shared":false,"jetpack_social_options":{"image_generator_settings":{"template":"highway","enabled":false},"version":2}},"categories":[63],"tags":[],"class_list":["post-1667","post","type-post","status-publish","format-standard","hentry","category-agr-2013"],"jetpack_publicize_connections":[],"jetpack_featured_media_url":"","jetpack_shortlink":"https:\/\/wp.me\/s63KIm-1667","jetpack_sharing_enabled":true,"_links":{"self":[{"href":"http:\/\/www.rockgegenrechts.com\/index.php?rest_route=\/wp\/v2\/posts\/1667"}],"collection":[{"href":"http:\/\/www.rockgegenrechts.com\/index.php?rest_route=\/wp\/v2\/posts"}],"about":[{"href":"http:\/\/www.rockgegenrechts.com\/index.php?rest_route=\/wp\/v2\/types\/post"}],"author":[{"embeddable":true,"href":"http:\/\/www.rockgegenrechts.com\/index.php?rest_route=\/wp\/v2\/users\/1"}],"replies":[{"embeddable":true,"href":"http:\/\/www.rockgegenrechts.com\/index.php?rest_route=%2Fwp%2Fv2%2Fcomments&post=1667"}],"version-history":[{"count":7,"href":"http:\/\/www.rockgegenrechts.com\/index.php?rest_route=\/wp\/v2\/posts\/1667\/revisions"}],"predecessor-version":[{"id":1672,"href":"http:\/\/www.rockgegenrechts.com\/index.php?rest_route=\/wp\/v2\/posts\/1667\/revisions\/1672"}],"wp:attachment":[{"href":"http:\/\/www.rockgegenrechts.com\/index.php?rest_route=%2Fwp%2Fv2%2Fmedia&parent=1667"}],"wp:term":[{"taxonomy":"category","embeddable":true,"href":"http:\/\/www.rockgegenrechts.com\/index.php?rest_route=%2Fwp%2Fv2%2Fcategories&post=1667"},{"taxonomy":"post_tag","embeddable":true,"href":"http:\/\/www.rockgegenrechts.com\/index.php?rest_route=%2Fwp%2Fv2%2Ftags&post=1667"}],"curies":[{"name":"wp","href":"https:\/\/api.w.org\/{rel}","templated":true}]}}