{"id":1761,"date":"2013-12-12T15:32:13","date_gmt":"2013-12-12T15:32:13","guid":{"rendered":"http:\/\/www.rockgegenrechts.com\/?p=1761"},"modified":"2014-12-24T10:04:52","modified_gmt":"2014-12-24T10:04:52","slug":"fluechtlinge-brauchen-kleidung-spendenaufruf","status":"publish","type":"post","link":"http:\/\/www.rockgegenrechts.com\/?p=1761","title":{"rendered":"Fl\u00fcchtlinge brauchen Kleidung und co. &#8211; Spendenaufruf!"},"content":{"rendered":"<p style=\"text-align: left;\"><a href=\"http:\/\/rockgegenrechts.square7.ch\/wp-content\/uploads\/2013\/12\/refugees-welcome.jpg\"><img loading=\"lazy\" decoding=\"async\" class=\"size-medium wp-image-1763 alignleft\" alt=\"refugees welcome\" src=\"http:\/\/rockgegenrechts.square7.ch\/wp-content\/uploads\/2013\/12\/refugees-welcome-300x259.jpg\" width=\"300\" height=\"259\" srcset=\"https:\/\/rockgegenrechts.bplaced.net\/wp-content\/uploads\/2013\/12\/refugees-welcome-300x259.jpg 300w, https:\/\/rockgegenrechts.bplaced.net\/wp-content\/uploads\/2013\/12\/refugees-welcome.jpg 476w\" sizes=\"(max-width: 300px) 100vw, 300px\" \/><\/a>Sehr geehrte Einwohnerinnen und Einwohner,<\/p>\n<p style=\"text-align: justify;\">in dieser kalten, aber auch herzlichen Jahreszeit m\u00fcssen wir an die Menschen denken, die in ihrem Leben nicht mehr \u00fcbrig haben als das, was sie auf ihrem langen Weg nach Deutschland noch behalten konnten.<\/p>\n<p style=\"text-align: justify;\">K\u00e4lte ist f\u00fcr uns immer sehr unangenehm, gerade dann, wenn wir keine Unterkunft oder passende Kleidung besitzen. Die Bewohner_innen der Asylbewerberunterkunft auf dem D\u00e4nholm in Stralsund stehen genau vor diesem Problem. Einige Helfer_innen haben bereits Kleidung f\u00fcr Kinder und Erwachsene zusammengetragen und sie f\u00fcr diese kalte Jahreszeit in die Gemeinschaftsunterkunft gebracht. Allerdings wird der Winter noch lange dauern und die Zahl der dort Lebenden nimmt durch die andauernden Kriege und globalen Krisen nicht ab.<\/p>\n<p style=\"text-align: justify;\">Wir, die Initiative Rock gegen Rechts mit ihren vielf\u00e4ltigen Partnern, m\u00f6chten Sie dazu aufrufen, diejenigen zu unterst\u00fctzen, die sich das teure Leben in Deutschland nicht leisten k\u00f6nnen. Wir w\u00fcrden uns freuen, wenn Sie das abgeben, was Ihnen keinen Nutzen mehr bringt, aber anderen Menschen eine gro\u00dfe Hilfe sein kann. In der Gemeinschaftsunterkunft auf dem D\u00e4nholm wird Kleidung, insbesondere Winterkleidung, von den g\u00e4ngigen Kindergr\u00f6\u00dfen bis hin zur Erwachsenenkleidung (maximal Gr\u00f6\u00dfe L) gebraucht.<\/p>\n<p style=\"text-align: justify;\"><iframe loading=\"lazy\" src=\"\/\/www.youtube.com\/embed\/3C5BEcxOI-4\" height=\"300\" width=\"450\" allowfullscreen=\"\" frameborder=\"0\"><\/iframe><\/p>\n<p style=\"text-align: justify;\">Gern k\u00f6nnen Sie au\u00dfer Kleidung auch andere Sachgegenst\u00e4nde spenden. So werden K\u00fcchenutensilien, aber auch Kinderspielzeug f\u00fcr die Kleinsten ben\u00f6tigt. Falls Ihnen eines Ihrer Weihnachtsgeschenke nicht gefallen hat, k\u00f6nnen Sie es dazulegen und somit Anderen noch etwas Gutes tun!<\/p>\n<p>Wir bitten darum, dass auch Sie diesen Aufruf nachkommen \u2013 f\u00fcr eine solidarische Gemeinschaft!<\/p>\n<p>Mit freundlichen Gr\u00fc\u00dfen<\/p>\n<p>Jens Knoop<\/p>\n<p>(organisatorischer Leiter der Initiative Rock gegen Rechts Stralsund)<\/p>\n<p>&nbsp;<\/p>\n<p><strong>Abgabestellen f\u00fcr die Spenden:<\/strong><\/p>\n<ul>\n<li>Gemeinschaftsunterkunft f\u00fcr Asylbewerber_innen<\/li>\n<\/ul>\n<p>Rudenstra\u00dfe 26 a\/b<\/p>\n<p>18439 Stralsund \u2013 D\u00e4hnholm<\/p>\n<p><em>Die Unterkunft ist jeden Tag erreichbar.<\/em><\/p>\n<p><strong>oder:<\/strong><\/p>\n<ul>\n<li>Gesch\u00e4ftsstelle Partei Die Linke.<\/li>\n<\/ul>\n<p>Heinrich-Heine-Ring 123<\/p>\n<p>18437 Stralsund<\/p>\n<p><em>Montag 10.00 &#8211; 12.00 Uhr, Mittwoch 15.00 -17.00 Uhr, Donnerstag 09.00 &#8211; 12.00 Uhr. Zwischen dem 21.12.2013 und dem 06.01.2014 k\u00f6nnen hier keine Spenden entgegengenommen werden.<\/em><\/p>\n<ul>\n<li>Volkshochschule Stralsund<\/li>\n<\/ul>\n<p>Friedrich &#8211; Engels &#8211; Str. 28<\/p>\n<p>18437 Stralsund<\/p>\n<p><em>t\u00e4glich, bis zum 20.12.2013 und weiter ab dem 02.01.2014<\/em><\/p>\n","protected":false},"excerpt":{"rendered":"<p>Sehr geehrte Einwohnerinnen und Einwohner, in dieser kalten, aber auch herzlichen Jahreszeit m\u00fcssen wir an die Menschen denken, die in ihrem Leben nicht mehr \u00fcbrig haben als das, was sie auf ihrem langen Weg nach Deutschland noch behalten konnten. K\u00e4lte ist f\u00fcr uns immer sehr unangenehm, gerade dann, wenn wir keine Unterkunft oder passende Kleidung &hellip; <a href=\"http:\/\/www.rockgegenrechts.com\/?p=1761\" class=\"more-link\"><span class=\"screen-reader-text\">Fl\u00fcchtlinge brauchen Kleidung und co. &#8211; Spendenaufruf!<\/span> weiterlesen<\/a><\/p>\n","protected":false},"author":1,"featured_media":0,"comment_status":"closed","ping_status":"closed","sticky":false,"template":"","format":"standard","meta":{"jetpack_post_was_ever_published":false,"_jetpack_newsletter_access":"","_jetpack_dont_email_post_to_subs":false,"_jetpack_newsletter_tier_id":0,"_jetpack_memberships_contains_paywalled_content":false,"_jetpack_memberships_contains_paid_content":false,"footnotes":"","jetpack_publicize_message":"","jetpack_publicize_feature_enabled":true,"jetpack_social_post_already_shared":false,"jetpack_social_options":{"image_generator_settings":{"template":"highway","enabled":false},"version":2}},"categories":[69],"tags":[],"class_list":["post-1761","post","type-post","status-publish","format-standard","hentry","category-flucht-und-asyl"],"jetpack_publicize_connections":[],"jetpack_featured_media_url":"","jetpack_shortlink":"https:\/\/wp.me\/p63KIm-sp","jetpack_sharing_enabled":true,"_links":{"self":[{"href":"http:\/\/www.rockgegenrechts.com\/index.php?rest_route=\/wp\/v2\/posts\/1761"}],"collection":[{"href":"http:\/\/www.rockgegenrechts.com\/index.php?rest_route=\/wp\/v2\/posts"}],"about":[{"href":"http:\/\/www.rockgegenrechts.com\/index.php?rest_route=\/wp\/v2\/types\/post"}],"author":[{"embeddable":true,"href":"http:\/\/www.rockgegenrechts.com\/index.php?rest_route=\/wp\/v2\/users\/1"}],"replies":[{"embeddable":true,"href":"http:\/\/www.rockgegenrechts.com\/index.php?rest_route=%2Fwp%2Fv2%2Fcomments&post=1761"}],"version-history":[{"count":7,"href":"http:\/\/www.rockgegenrechts.com\/index.php?rest_route=\/wp\/v2\/posts\/1761\/revisions"}],"predecessor-version":[{"id":1816,"href":"http:\/\/www.rockgegenrechts.com\/index.php?rest_route=\/wp\/v2\/posts\/1761\/revisions\/1816"}],"wp:attachment":[{"href":"http:\/\/www.rockgegenrechts.com\/index.php?rest_route=%2Fwp%2Fv2%2Fmedia&parent=1761"}],"wp:term":[{"taxonomy":"category","embeddable":true,"href":"http:\/\/www.rockgegenrechts.com\/index.php?rest_route=%2Fwp%2Fv2%2Fcategories&post=1761"},{"taxonomy":"post_tag","embeddable":true,"href":"http:\/\/www.rockgegenrechts.com\/index.php?rest_route=%2Fwp%2Fv2%2Ftags&post=1761"}],"curies":[{"name":"wp","href":"https:\/\/api.w.org\/{rel}","templated":true}]}}