{"id":1828,"date":"2014-01-12T22:15:55","date_gmt":"2014-01-12T22:15:55","guid":{"rendered":"http:\/\/www.rockgegenrechts.com\/?p=1828"},"modified":"2014-12-24T10:04:42","modified_gmt":"2014-12-24T10:04:42","slug":"grenzenlose-solidaritaet-rock-gegen-rechts-dankt-den-helfer_innen","status":"publish","type":"post","link":"http:\/\/www.rockgegenrechts.com\/?p=1828","title":{"rendered":"Grenzenlose Solidarit\u00e4t &#8211; Rock gegen Rechts dankt den Helfer_innen!"},"content":{"rendered":"<p style=\"text-align: justify;\"><a href=\"http:\/\/rockgegenrechts.square7.ch\/wp-content\/uploads\/2014\/01\/7338806v4.jpg\"><img loading=\"lazy\" decoding=\"async\" class=\"alignleft size-medium wp-image-1829\" alt=\"7338806v4\" src=\"http:\/\/rockgegenrechts.square7.ch\/wp-content\/uploads\/2014\/01\/7338806v4-300x150.jpg\" width=\"300\" height=\"150\" srcset=\"https:\/\/rockgegenrechts.bplaced.net\/wp-content\/uploads\/2014\/01\/7338806v4-300x150.jpg 300w, https:\/\/rockgegenrechts.bplaced.net\/wp-content\/uploads\/2014\/01\/7338806v4.jpg 600w\" sizes=\"(max-width: 300px) 100vw, 300px\" \/><\/a>Die Initiative Rock gegen Rechts dankt der Bev\u00f6lkerung f\u00fcr die beispielhafte Hilfe, die es in den letzten Wochen f\u00fcr die Asylbewerber_innen gab. \u201eEs ist ein Zeichen daf\u00fcr, dass die Stralsunder_innen Mitgef\u00fchl haben und die Situationen der Fl\u00fcchtlinge verstehen k\u00f6nnen und wollen\u201c so Jens Knoop (organisatorischer Leiter der Initiative). Die Spendenwelle hat auch nach Weihnachten nicht abgenommen. Sogar Spenden aus St\u00e4dten anderer Landkreise und Bundesl\u00e4nder kamen zusammen.<!--more--><\/p>\n<p style=\"text-align: justify;\">Die Initiative hatte in den letzten Wochen dazu aufgerufen Kleidung und Kinderspielzeug f\u00fcr die Fl\u00fcchtlinge zu spenden. Mehrere gro\u00dfe Autoladungen kamen zusammen und werden immer noch f\u00fcr die Gemeinschaftsunterkunft auf dem D\u00e4nholm und f\u00fcr die dezentral untergebrachten Fl\u00fcchtlinge sortiert. \u201eMomentan gibt es aber keine Kapazit\u00e4ten mehr, um die Spenden zu lagern. Daher bitten wir darum weitere Spenden erst abzugeben, wenn dazu wieder aufgerufen wird\u201c so Knoop. Kinderkleidung und Spielzeug wird momentan noch am dringendsten ben\u00f6tigt. Hierf\u00fcr besteht weiterhin die M\u00f6glichkeit derartige Sachen bei der Gemeinschaftsunterkunft auf dem D\u00e4nholm, aber auch bei den Partnern der Initiative abzugeben.<\/p>\n<p style=\"text-align: justify;\">Sammelstellen sind hier die Volkshochschule Stralsund und die Partei Die Linke. K\u00fcchenutensilien, alles was Kinder betrifft, aber auch Herrenkleidung kann u.a. auch direkt bei den Maltesern in Knieper West (nur werktags) abgegeben werden. \u201eWir haben mehr vor, als Spenden zu sammeln. Wir m\u00f6chten f\u00fcr die Bewohner_innen da sein, ihnen zur Seite stehen und Menschen finden die dies auch m\u00f6chten. Die Initiative hat sich in der Vergangenheit f\u00fcr die dezentrale Unterbringung von Fl\u00fcchtlingen ausgesprochen. Wir sin damit gegen die Pl\u00e4ne des Landkreises, eine neue Gemeinschaftsunterkunft auf dem D\u00e4nholm, mit noch mehr Pl\u00e4tzen zu schaffen, ausgesprochen.\u201c so Andreas M\u00fcller (Pressesprecher der Initiative).<\/p>\n<p><strong> Abgabestellen f\u00fcr die Spenden:<\/strong><\/p>\n<ul>\n<li>Gemeinschaftsunterkunft f\u00fcr Asylbewerber_innen, Rudenstra\u00dfe 26 a\/b, 18439 Stralsund (ganzt\u00e4gig)<\/li>\n<\/ul>\n<ul>\n<li>Malteser, Leon-Feuchtwanger-Stra\u00dfe 48, 18435 Stralsund (Werktags)<\/li>\n<\/ul>\n<ul>\n<li>Gesch\u00e4ftsstelle Partei Die Linke., Heinrich-Heine-Ring 123, 18437 Stralsund (Montag 10.00 \u2013 12.00 Uhr, Mittwoch 15.00 -17.00 Uhr, Donnerstag 09.00 \u2013 12.00 Uhr.)<\/li>\n<\/ul>\n<ul>\n<li>Volkshochschule Stralsund, Friedrich\u2013Engels\u2013Str. 28, 18437 Stralsund (Werktags)<\/li>\n<\/ul>\n","protected":false},"excerpt":{"rendered":"<p>Die Initiative Rock gegen Rechts dankt der Bev\u00f6lkerung f\u00fcr die beispielhafte Hilfe, die es in den letzten Wochen f\u00fcr die Asylbewerber_innen gab. \u201eEs ist ein Zeichen daf\u00fcr, dass die Stralsunder_innen Mitgef\u00fchl haben und die Situationen der Fl\u00fcchtlinge verstehen k\u00f6nnen und wollen\u201c so Jens Knoop (organisatorischer Leiter der Initiative). Die Spendenwelle hat auch nach Weihnachten nicht &hellip; <a href=\"http:\/\/www.rockgegenrechts.com\/?p=1828\" class=\"more-link\"><span class=\"screen-reader-text\">Grenzenlose Solidarit\u00e4t &#8211; Rock gegen Rechts dankt den Helfer_innen!<\/span> weiterlesen<\/a><\/p>\n","protected":false},"author":1,"featured_media":0,"comment_status":"closed","ping_status":"closed","sticky":false,"template":"","format":"standard","meta":{"jetpack_post_was_ever_published":false,"_jetpack_newsletter_access":"","_jetpack_dont_email_post_to_subs":false,"_jetpack_newsletter_tier_id":0,"_jetpack_memberships_contains_paywalled_content":false,"_jetpack_memberships_contains_paid_content":false,"footnotes":"","jetpack_publicize_message":"","jetpack_publicize_feature_enabled":true,"jetpack_social_post_already_shared":false,"jetpack_social_options":{"image_generator_settings":{"template":"highway","enabled":false},"version":2}},"categories":[69],"tags":[],"class_list":["post-1828","post","type-post","status-publish","format-standard","hentry","category-flucht-und-asyl"],"jetpack_publicize_connections":[],"jetpack_featured_media_url":"","jetpack_shortlink":"https:\/\/wp.me\/p63KIm-tu","jetpack_sharing_enabled":true,"_links":{"self":[{"href":"http:\/\/www.rockgegenrechts.com\/index.php?rest_route=\/wp\/v2\/posts\/1828"}],"collection":[{"href":"http:\/\/www.rockgegenrechts.com\/index.php?rest_route=\/wp\/v2\/posts"}],"about":[{"href":"http:\/\/www.rockgegenrechts.com\/index.php?rest_route=\/wp\/v2\/types\/post"}],"author":[{"embeddable":true,"href":"http:\/\/www.rockgegenrechts.com\/index.php?rest_route=\/wp\/v2\/users\/1"}],"replies":[{"embeddable":true,"href":"http:\/\/www.rockgegenrechts.com\/index.php?rest_route=%2Fwp%2Fv2%2Fcomments&post=1828"}],"version-history":[{"count":1,"href":"http:\/\/www.rockgegenrechts.com\/index.php?rest_route=\/wp\/v2\/posts\/1828\/revisions"}],"predecessor-version":[{"id":1830,"href":"http:\/\/www.rockgegenrechts.com\/index.php?rest_route=\/wp\/v2\/posts\/1828\/revisions\/1830"}],"wp:attachment":[{"href":"http:\/\/www.rockgegenrechts.com\/index.php?rest_route=%2Fwp%2Fv2%2Fmedia&parent=1828"}],"wp:term":[{"taxonomy":"category","embeddable":true,"href":"http:\/\/www.rockgegenrechts.com\/index.php?rest_route=%2Fwp%2Fv2%2Fcategories&post=1828"},{"taxonomy":"post_tag","embeddable":true,"href":"http:\/\/www.rockgegenrechts.com\/index.php?rest_route=%2Fwp%2Fv2%2Ftags&post=1828"}],"curies":[{"name":"wp","href":"https:\/\/api.w.org\/{rel}","templated":true}]}}