{"id":1839,"date":"2014-01-21T10:13:02","date_gmt":"2014-01-21T10:13:02","guid":{"rendered":"http:\/\/www.rockgegenrechts.com\/?p=1839"},"modified":"2014-12-24T10:04:21","modified_gmt":"2014-12-24T10:04:21","slug":"unterbringung-von-fluechtlingen-offener-brief-an-die-hansestadt-stralsund-und-den-landkreis-vorpommern-ruegen","status":"publish","type":"post","link":"http:\/\/www.rockgegenrechts.com\/?p=1839","title":{"rendered":"Unterbringung von Fl\u00fcchtlingen: Offener Brief an die Hansestadt Stralsund und den Landkreis Vorpommern-R\u00fcgen"},"content":{"rendered":"<p style=\"text-align: justify;\"><a href=\"http:\/\/rockgegenrechts.square7.ch\/wp-content\/uploads\/2014\/01\/Insel-Daenholm.jpg\"><img loading=\"lazy\" decoding=\"async\" class=\"alignleft size-full wp-image-1840\" alt=\"Insel-Daenholm\" src=\"http:\/\/rockgegenrechts.square7.ch\/wp-content\/uploads\/2014\/01\/Insel-Daenholm.jpg\" width=\"300\" height=\"200\" \/><\/a><strong>Offener Brief zu Ihrer Asylpolitik<\/strong><\/p>\n<p>Sehr geehrter Herr Landrat Drescher,<\/p>\n<p>Sehr geehrter Herr Oberb\u00fcrgermeister Dr. Badrow,<\/p>\n<p style=\"text-align: justify;\">den demokratischen Gremien des Landkreises, aber auch der Presse, ist zu entnehmen, dass in den kommenden Wochen und Monaten auf dem D\u00e4nholm in Stralsund eine neue Asylbewerber_innen\u2013Unterkunft entstehen soll.<\/p>\n<p style=\"text-align: justify;\">Wir freuen uns \u00fcber die bisherige Entwicklung, die ankommenden Fl\u00fcchtlinge selbstst\u00e4ndig in eigenen Wohnungen wohnen zu lassen. Diese Art der Unterbringung ist die sinnvollste um Vorurteile in der Bev\u00f6lkerung abzubauen und die Menschen aus den verschiedensten L\u00e4ndern, die von Krieg und anderen Krisen bedroht sind, zu integrieren und damit auch den Inklusionsgedanken in der Asylpolitik umzusetzen. Diese Entwicklung soll weiterhin fortgesetzt werden.<\/p>\n<p style=\"text-align: justify;\">Wir kritisieren die Pl\u00e4ne des Landkreises Vorpommern-R\u00fcgen ein neues Asylbewerber_innen-\u201eHeim\u201c zu schaffen mit wahrscheinlich noch mehr Aufnahmekapazit\u00e4ten. Es wird von \u00fcber 280 Pl\u00e4tzen gesprochen. Im Moment sind ca. 100 Asylbewerber_innen auf dem D\u00e4nholm in einer kleinen Containerstadt untergebracht.<!--more--><\/p>\n<p style=\"text-align: justify;\">Die Container sind:<\/p>\n<p style=\"text-align: justify;\">1. im Winter sehr kalt,<\/p>\n<p style=\"text-align: justify;\">2. der Internet- und Handyempfang ist sehr sperrig und<\/p>\n<p style=\"text-align: justify;\">3. nach unserem Informationsstand auch nicht mehr zul\u00e4ssig.<\/p>\n<p style=\"text-align: justify;\">Die jetzigen Zust\u00e4nde verwehren die M\u00f6glichkeit vor Ort in den einzelnen \u201eZimmern\u201c Internet zu empfangen. Dies ist f\u00fcr die Integration in die Gesellschaft sehr ung\u00fcnstig, auch weil man bei der Aufnahme und beim durchsetzen der einzelnen Rechte Informationen aus dem Internet braucht. Das Internet stellt heute das wichtigste Informationsmedium dar. Es bietet den Schutzsuchenden die<\/p>\n<p style=\"text-align: justify;\">M\u00f6glichkeit, sich \u00fcber die aktuelle Rechtsprechung zu den Aufnahmemodalit\u00e4ten zu informieren. Asylverfahren ber\u00fchren auch immer die Pers\u00f6nlichkeitsrechte des Menschen. Aus diesem Grund m\u00fcssen die Betroffenen die M\u00f6glichkeit haben, sich ungest\u00f6rt \u00fcber laufende Verfahren zu informieren und mit Hilfsorganisationen Kontakt aufzunehmen. Die psychische Betreuung der Asylbewerber_innen l\u00e4sst bei einer zentralen Unterbringung ebenfalls zu w\u00fcnschen \u00fcbrig. Menschen die aus ihrer Heimat fl\u00fcchten m\u00fcssen und oftmals ihre Familien und Freunde in Ungewissheit zur\u00fccklie\u00dfen, sind oftmals traumatisiert. Die Unterbringung in Lagern kann zu einer Verschlechterung der psychischen Situation f\u00fchren. Eine fachgerechte psychische\/psychiatrische Betreuung ist in einer Gemeinschaftsunterkunft h\u00e4ufig nicht gew\u00e4hrleistet.<\/p>\n<p style=\"text-align: justify;\">Die Zentrale Unterbringung von Menschen f\u00fchrt nicht zu einer besseren Integration, sondern im Gegenteil zu einer Abschottung von der Gesellschaft. Dies ist in Stralsund unzweifelhaft und wird durch die schlechte Anbindung des D\u00e4nholms an den \u00d6PNV noch verst\u00e4rkt. So kann eine solidarische Gesellschaft nicht funktionieren. Wir w\u00fcnschen uns vom Landkreis und von der Hansestadt laufend Informationen \u00fcber die Presse, damit alle Menschen die M\u00f6glichkeit haben sich in der Unterbringungsfrage einzumischen und mit zu diskutieren. Die Informationspolitik des Landkreises hat dazu gef\u00fchrt, dass Menschen aus Knieper Nord Unterschriften gegen einen Leerzug ihres Wohnblocks gesammelt haben. Es wird Angst geschaffen und die Neonazis und Rechtspopulisten nutzen das aus. In einem Beschluss des Kreistages hei\u00dft es, dass der Landkreis Menschen aus anderen L\u00e4ndern willkommen hei\u00dfen m\u00f6chte. Die Frage ist wie und ob das Ziel mit einer zentralen Unterbringung erreicht werden kann?! Das Argument, dass sich Asylbewerber_innen in Gemeinschaftsunterk\u00fcnften wohlf\u00fchlen, kann zutreffend sein, sollte aber nicht die L\u00f6sung in dieser Frage darstellen. Denn in unserer Gesellschaft hat jeder Mensch und jede Familie ein Recht auf eine Wohnung.<\/p>\n<p style=\"text-align: justify;\">Nach Gespr\u00e4chen mit Asylbewerber_innen auf dem D\u00e4nholm l\u00e4sst sich unsererseits feststellen, dass der Wunsch nach eigenen und angemessenen Wohnraum da ist. Durch die Schulen der Hansestadt und der Volkshochschule wird den Asylbewerber_innen erm\u00f6glicht, sich Kenntnisse der deutschen Sprache an zu eignen, wenn auch nicht beitragsfrei. Der innere Antrieb der Asylbewerber_innen dazu ist stark.<\/p>\n<p style=\"text-align: justify;\">Wir w\u00fcnschen uns auf alle aufgeworfenen Fragen von ihnen jeweils Antworten und stehen f\u00fcr R\u00fcckfragen gern zur Verf\u00fcgung.<\/p>\n<p style=\"text-align: justify;\">F\u00fcr den Fall, dass es Fragen gibt oder vielleicht sogar ein gemeinsamer Vor-Ort-Termin gew\u00fcnscht ist, stehen wir gerne zur Verf\u00fcgung.<\/p>\n<p>Mit freundlichen Gr\u00fc\u00dfen<\/p>\n<p>Jens Knoop (organisatorischer Leiter der Initiative Rock gegen Rechts Stralsund)<\/p>\n","protected":false},"excerpt":{"rendered":"<p>Offener Brief zu Ihrer Asylpolitik Sehr geehrter Herr Landrat Drescher, Sehr geehrter Herr Oberb\u00fcrgermeister Dr. Badrow, den demokratischen Gremien des Landkreises, aber auch der Presse, ist zu entnehmen, dass in den kommenden Wochen und Monaten auf dem D\u00e4nholm in Stralsund eine neue Asylbewerber_innen\u2013Unterkunft entstehen soll. Wir freuen uns \u00fcber die bisherige Entwicklung, die ankommenden Fl\u00fcchtlinge &hellip; <a href=\"http:\/\/www.rockgegenrechts.com\/?p=1839\" class=\"more-link\"><span class=\"screen-reader-text\">Unterbringung von Fl\u00fcchtlingen: Offener Brief an die Hansestadt Stralsund und den Landkreis Vorpommern-R\u00fcgen<\/span> weiterlesen<\/a><\/p>\n","protected":false},"author":1,"featured_media":0,"comment_status":"closed","ping_status":"closed","sticky":false,"template":"","format":"standard","meta":{"jetpack_post_was_ever_published":false,"_jetpack_newsletter_access":"","_jetpack_dont_email_post_to_subs":false,"_jetpack_newsletter_tier_id":0,"_jetpack_memberships_contains_paywalled_content":false,"_jetpack_memberships_contains_paid_content":false,"footnotes":"","jetpack_publicize_message":"","jetpack_publicize_feature_enabled":true,"jetpack_social_post_already_shared":false,"jetpack_social_options":{"image_generator_settings":{"template":"highway","enabled":false},"version":2}},"categories":[69],"tags":[],"class_list":["post-1839","post","type-post","status-publish","format-standard","hentry","category-flucht-und-asyl"],"jetpack_publicize_connections":[],"jetpack_featured_media_url":"","jetpack_shortlink":"https:\/\/wp.me\/p63KIm-tF","jetpack_sharing_enabled":true,"_links":{"self":[{"href":"http:\/\/www.rockgegenrechts.com\/index.php?rest_route=\/wp\/v2\/posts\/1839"}],"collection":[{"href":"http:\/\/www.rockgegenrechts.com\/index.php?rest_route=\/wp\/v2\/posts"}],"about":[{"href":"http:\/\/www.rockgegenrechts.com\/index.php?rest_route=\/wp\/v2\/types\/post"}],"author":[{"embeddable":true,"href":"http:\/\/www.rockgegenrechts.com\/index.php?rest_route=\/wp\/v2\/users\/1"}],"replies":[{"embeddable":true,"href":"http:\/\/www.rockgegenrechts.com\/index.php?rest_route=%2Fwp%2Fv2%2Fcomments&post=1839"}],"version-history":[{"count":4,"href":"http:\/\/www.rockgegenrechts.com\/index.php?rest_route=\/wp\/v2\/posts\/1839\/revisions"}],"predecessor-version":[{"id":1848,"href":"http:\/\/www.rockgegenrechts.com\/index.php?rest_route=\/wp\/v2\/posts\/1839\/revisions\/1848"}],"wp:attachment":[{"href":"http:\/\/www.rockgegenrechts.com\/index.php?rest_route=%2Fwp%2Fv2%2Fmedia&parent=1839"}],"wp:term":[{"taxonomy":"category","embeddable":true,"href":"http:\/\/www.rockgegenrechts.com\/index.php?rest_route=%2Fwp%2Fv2%2Fcategories&post=1839"},{"taxonomy":"post_tag","embeddable":true,"href":"http:\/\/www.rockgegenrechts.com\/index.php?rest_route=%2Fwp%2Fv2%2Ftags&post=1839"}],"curies":[{"name":"wp","href":"https:\/\/api.w.org\/{rel}","templated":true}]}}