{"id":1883,"date":"2014-04-10T18:10:19","date_gmt":"2014-04-10T18:10:19","guid":{"rendered":"http:\/\/www.rockgegenrechts.com\/?p=1883"},"modified":"2014-04-10T18:15:58","modified_gmt":"2014-04-10T18:15:58","slug":"v-wie-verfassungsschutz-theatervorstellung-am-23-april-in-stralsund","status":"publish","type":"post","link":"http:\/\/www.rockgegenrechts.com\/?p=1883","title":{"rendered":"\u201eV wie Verfassungsschutz\u201c  &#8211; Theatervorstellung am 23. April in Stralsund"},"content":{"rendered":"<p style=\"text-align: justify;\"><a href=\"http:\/\/rockgegenrechts.square7.ch\/wp-content\/uploads\/2014\/04\/V_wie_Verfassungsschutz.png\"><img loading=\"lazy\" decoding=\"async\" class=\"alignleft  wp-image-1884\" alt=\"V_wie_Verfassungsschutz\" src=\"http:\/\/rockgegenrechts.square7.ch\/wp-content\/uploads\/2014\/04\/V_wie_Verfassungsschutz.png\" width=\"475\" height=\"315\" \/><\/a><\/p>\n<p style=\"text-align: justify;\">\n<p style=\"text-align: justify;\">\n<p style=\"text-align: justify;\">\n<p style=\"text-align: justify;\">\n<p style=\"text-align: justify;\">\n<p style=\"text-align: justify;\">\n<p style=\"text-align: justify;\">\n<p style=\"text-align: justify;\">Im April tourt der Verfassungsschutz durch Mecklenburg-Vorpommern und sucht dort, wo selbst der NSU Urlaub machte, nach Spuren junger Leute, die das politische Tagesgeschehen nicht einfach an sich vorbei rieseln lassen. Kritisch, euphorisch und ohne Blatt vor dem Mund zeigt die K\u00f6lner Theathergruppe \u201eN\u00f6-Theater\u201c mit \u201eV wie Verfassungsschutz\u201c die wahren Gefahren f\u00fcr die Demokratie und beleuchtet den Themenkomplex der Verbrechen des NSU genauer. <!--more--><\/p>\n<p style=\"text-align: justify;\">Regisseur Janosch Roloff (30 Jahre) machte sich mit seinen politischen und brandaktuellen St\u00fccken (u.a. \u00fcber Oury Jalloh und Steve Jobs) bereits in K\u00f6ln einen Namen und bespielt in den kommenden Wochen den Osten und den Norden der Republik. An seiner Seite stehen die Schauspielkolleg_innen Talke Blaser, Felix H\u00f6fner und Asta Nechajute. F\u00fcr \u201eV wie Verfassungsschutz\u201c erhielt das freie Ensemble \u201eN\u00f6-Theater\u201c sowohl den K\u00f6lner Theaterpreis als auch den Kurt- Hackenberg-Preis f\u00fcr politisches Theater.<\/p>\n<p style=\"text-align: justify;\">Beginnen wird die M-V Tour mit Auftakt im Tikozigalpa Wismar am 22.04. und besucht anschlie\u00dfend am 23. April Stralsund. Dazu laden wir herzlich um 19.00 Uhr in die Alte Eisengie\u00dferei, der B\u00fchne des STiC-er Theaters (Frankenstra\u00dfe 60\/61), ein. Der Eintritt ist frei, allerdings wird um Spenden gebeten.<\/p>\n<p style=\"text-align: justify;\">Die weiteren Termine sind an den Folgetagen das Peter-Weiss-Haus Rostock am 24. April, das IKuWo in Greifswald am 25.04. und das Komplex Schwerin am 26. April. Zus\u00e4tzzliche Informationen finden Sie im Web unter www.noetheater.de und unter www.ajuku-stralsund.de. \u201eWenn der Verfassungsschutz eine Theatergruppe w\u00e4re, w\u00fcrde er dieses St\u00fcck mit Sicherheit auff\u00fchren, um festzustellen wer im Publikum sitzt.<\/p>\n<p style=\"text-align: justify;\">Nachdem das N\u00f6-Theater Informationen recherchiert, gesammelt und ausgewertet hat \u00fcbernimmt es diese Herausforderung stellvertretend und setzt dem Verfassungsschutz ein theatrales Denkmal \u2013 nach dem Motto: Wir kamen, sahen weg und versagten.\u201c (Janosch Roloff)<\/p>\n<p>Nachfragen bitte per e-mail an: ajuku-stralsund@riseup.net<\/p>\n<p>Die Veranstaltung des Ajuku e.V. wird \u00f6ffentlich von der Initiative Rockgegen Rechts Stralsund unterst\u00fctzt!<\/p>\n<p>ACHTUNG: bei Facebook gibt es dazu auch eine Veranstaltung <a title=\"n\u00f6 theater fb ajuku\" href=\"https:\/\/www.facebook.com\/events\/1484421871786352\/?ref_dashboard_filter=upcoming\" target=\"_blank\">LINK<\/a><\/p>\n","protected":false},"excerpt":{"rendered":"<p>Im April tourt der Verfassungsschutz durch Mecklenburg-Vorpommern und sucht dort, wo selbst der NSU Urlaub machte, nach Spuren junger Leute, die das politische Tagesgeschehen nicht einfach an sich vorbei rieseln lassen. Kritisch, euphorisch und ohne Blatt vor dem Mund zeigt die K\u00f6lner Theathergruppe \u201eN\u00f6-Theater\u201c mit \u201eV wie Verfassungsschutz\u201c die wahren Gefahren f\u00fcr die Demokratie und &hellip; <a href=\"http:\/\/www.rockgegenrechts.com\/?p=1883\" class=\"more-link\"><span class=\"screen-reader-text\">\u201eV wie Verfassungsschutz\u201c  &#8211; Theatervorstellung am 23. April in Stralsund<\/span> weiterlesen<\/a><\/p>\n","protected":false},"author":1,"featured_media":0,"comment_status":"closed","ping_status":"closed","sticky":false,"template":"","format":"standard","meta":{"jetpack_post_was_ever_published":false,"_jetpack_newsletter_access":"","_jetpack_dont_email_post_to_subs":false,"_jetpack_newsletter_tier_id":0,"_jetpack_memberships_contains_paywalled_content":false,"_jetpack_memberships_contains_paid_content":false,"footnotes":"","jetpack_publicize_message":"","jetpack_publicize_feature_enabled":true,"jetpack_social_post_already_shared":false,"jetpack_social_options":{"image_generator_settings":{"template":"highway","enabled":false},"version":2}},"categories":[1],"tags":[],"class_list":["post-1883","post","type-post","status-publish","format-standard","hentry","category-allgemein"],"jetpack_publicize_connections":[],"jetpack_featured_media_url":"","jetpack_shortlink":"https:\/\/wp.me\/p63KIm-un","jetpack_sharing_enabled":true,"_links":{"self":[{"href":"http:\/\/www.rockgegenrechts.com\/index.php?rest_route=\/wp\/v2\/posts\/1883"}],"collection":[{"href":"http:\/\/www.rockgegenrechts.com\/index.php?rest_route=\/wp\/v2\/posts"}],"about":[{"href":"http:\/\/www.rockgegenrechts.com\/index.php?rest_route=\/wp\/v2\/types\/post"}],"author":[{"embeddable":true,"href":"http:\/\/www.rockgegenrechts.com\/index.php?rest_route=\/wp\/v2\/users\/1"}],"replies":[{"embeddable":true,"href":"http:\/\/www.rockgegenrechts.com\/index.php?rest_route=%2Fwp%2Fv2%2Fcomments&post=1883"}],"version-history":[{"count":5,"href":"http:\/\/www.rockgegenrechts.com\/index.php?rest_route=\/wp\/v2\/posts\/1883\/revisions"}],"predecessor-version":[{"id":1889,"href":"http:\/\/www.rockgegenrechts.com\/index.php?rest_route=\/wp\/v2\/posts\/1883\/revisions\/1889"}],"wp:attachment":[{"href":"http:\/\/www.rockgegenrechts.com\/index.php?rest_route=%2Fwp%2Fv2%2Fmedia&parent=1883"}],"wp:term":[{"taxonomy":"category","embeddable":true,"href":"http:\/\/www.rockgegenrechts.com\/index.php?rest_route=%2Fwp%2Fv2%2Fcategories&post=1883"},{"taxonomy":"post_tag","embeddable":true,"href":"http:\/\/www.rockgegenrechts.com\/index.php?rest_route=%2Fwp%2Fv2%2Ftags&post=1883"}],"curies":[{"name":"wp","href":"https:\/\/api.w.org\/{rel}","templated":true}]}}