{"id":1902,"date":"2014-04-23T12:35:33","date_gmt":"2014-04-23T12:35:33","guid":{"rendered":"http:\/\/www.rockgegenrechts.com\/?p=1902"},"modified":"2015-08-14T13:33:02","modified_gmt":"2015-08-14T13:33:02","slug":"tip-3-interessante-broschueren-zum-thema-rechte-hetze-und-fluechtlinge","status":"publish","type":"post","link":"http:\/\/www.rockgegenrechts.com\/?p=1902","title":{"rendered":"Tipp: 4 Interessante Brosch\u00fcren zum Thema rechte Hetze und Fl\u00fcchtlinge"},"content":{"rendered":"<p style=\"text-align: center;\"><a href=\"http:\/\/rockgegenrechts.square7.ch\/\/?p=1902\"><img loading=\"lazy\" decoding=\"async\" class=\"aligncenter size-large wp-image-1916\" src=\"http:\/\/rockgegenrechts.square7.ch\/wp-content\/uploads\/2014\/04\/brosch\u00fcrenpic1-1024x457.jpg\" alt=\"brosch\u00fcrenpic\" width=\"640\" height=\"285\" srcset=\"https:\/\/rockgegenrechts.bplaced.net\/wp-content\/uploads\/2014\/04\/brosch\u00fcrenpic1-1024x457.jpg 1024w, https:\/\/rockgegenrechts.bplaced.net\/wp-content\/uploads\/2014\/04\/brosch\u00fcrenpic1-300x134.jpg 300w\" sizes=\"(max-width: 640px) 100vw, 640px\" \/><\/a><a href=\"http:\/\/rockgegenrechts.square7.ch\/?p=1902\"><img loading=\"lazy\" decoding=\"async\" class=\"size-medium wp-image-1963 alignnone\" src=\"http:\/\/rockgegenrechts.square7.ch\/wp-content\/uploads\/2014\/04\/wastunbild-300x213.jpg\" alt=\"wastunbild\" width=\"300\" height=\"213\" srcset=\"https:\/\/rockgegenrechts.bplaced.net\/wp-content\/uploads\/2014\/04\/wastunbild-300x213.jpg 300w, https:\/\/rockgegenrechts.bplaced.net\/wp-content\/uploads\/2014\/04\/wastunbild-1024x727.jpg 1024w, https:\/\/rockgegenrechts.bplaced.net\/wp-content\/uploads\/2014\/04\/wastunbild.jpg 1563w\" sizes=\"(max-width: 300px) 100vw, 300px\" \/><\/a><\/p>\n<p><!--more--><\/p>\n<ul>\n<li><strong>pro Menschenrechte &#8211; contra Vorurteile<\/strong><\/li>\n<\/ul>\n<p style=\"text-align: justify;\">Durch die Zunahme der Zahl von Asylsuchenden gibt es wieder \u00f6ffentliche Diskussionen \u00fcber Fl\u00fcchtlinge. \u201eAsyl ist ein Privileg\u201cist dabei oft zu h\u00f6ren, \u201eIch bin auch arbeitslos\u201c, oder \u201eWir k\u00f6nnen doch nicht alle aufnehmen\u201c. Dabei ist zun\u00e4chst festzustellen: Die Frage, wer bei uns Fl\u00fcchtlingsschutz erh\u00e4lt, ist gar nicht verhandelbar. Der Anspruch auf Zuflucht vor politischer Verfolgung hat Verfassungsrang in Deutschland. In Europa gelten die Grundrechtecharta und die Europ\u00e4ische Menschenrechtskonvention (EMRK). Die Genfer Fl\u00fcchtlingskonvention ist weltweit in 147 Staaten g\u00fcltig. Auf dieser Grundlage haben Fl\u00fcchtlinge ein Recht auf eine faire Pr\u00fcfung ihrer Schutzbed\u00fcrftigkeit. Den Schutzanspruch von Fl\u00fcchtlingen kann man weder in Frage stellen<br \/>\nnoch kontingentieren. F\u00fcr die Bundesrepublik ist der Schutz von Fl\u00fcchtlingen eigener Anspruch und Verpflichtung zugleich. Wenn heute nach Jahren des R\u00fcckgangs die Fl\u00fcchtlingszahlen erneut steigen und Kommunen die Unterbringung von Fl\u00fcchtlingen neu organisieren m\u00fcssen, ist die Wachsamkeit der Zivilgesellschaft gefragt. Wieder beginnen Unkenntnis, Vorurteile und Ressentiments zu wuchern, Rechtsextreme mobilisieren, schon kommt es wieder zu Anschl\u00e4gen auf Fl\u00fcchtlingswohnheime. Gleichzeitig gibt es heute fast \u00fcberall, wo es zu Protesten gegen Fl\u00fcchtlingsunterk\u00fcnfte kommt, auch eine starke Gegenbewegung. Wache B\u00fcrgerinnen und B\u00fcrger stellen sich rassistischer Stimmungsmache entschieden und engagiert entgegen. Wir haben auf den folgenden Seiten Argumente und Fakten zusammengestellt, die in der Diskussion hilfreich sein k\u00f6nnen. <strong><a title=\"brosch\u00fcre\" href=\"http:\/\/rockgegenrechts.square7.ch\/wp-content\/uploads\/2014\/04\/Broschuere_Pro_MR_Contra_Rassismus_Web.pdf\" target=\"_blank\">Brosch\u00fcre downloaden<\/a><\/strong><\/p>\n<ul>\n<li><strong>refugees welcome- gemeinsam Wilkommenskultur gestalten<\/strong><\/li>\n<\/ul>\n<p style=\"text-align: justify;\">Die Zahl der Asylsuchenden ist im Vergleich zu Mitte der 2000er Jahre deutlich<br \/>\ngestiegen. Im Jahr 2013 waren es fast 110.000 Erstantr\u00e4ge auf Asyl. Da die Bundesl\u00e4nder und einzelne Landkreise in den letzten Jahren ihre Unterbringungskapazit\u00e4ten f\u00fcr<br \/>\nAsylsuchende konsequent abgebaut haben, m\u00fcssen nun an vielen Orten neue Gemeinschaftsunterk\u00fcnfte er\u00f6ffnet werden. H\u00e4ufig wird die Er\u00f6ffnung dieser neuen Wohnheime von vorurteilsbehafteten Protesten der Anwohnerinnen und Anwohner begleitet. Die NPD und andere rechtsextreme Gruppen nutzen diese f\u00fcr ihre Forderung nach Abschaffung des Grundrechts auf Asyl und rassistische Stimmungsmache gegen Fl\u00fcchtlinge. Aber nicht alle B\u00fcrgerinnen und B\u00fcrger lehnen die neuen Einwohnerinnen und Einwohner ab. Im Gegenteil: Fast \u00fcberall bilden sich lokale Initiativen aus der Zivilgesellschaft, die versuchen, die neuankommenden Fl\u00fcchtlinge zu unterst\u00fctzen und zu integrieren. Kommunen versuchen Konzepte, von Willkommenskultur zu entwickeln und umzusetzen. Diese Handreichung gibt ermutigende Beispiele und Hinweise f\u00fcr Engagierte, Vereine, Sport, Schule, Politik und Verwaltung zur Integration von Gefl\u00fcchteten und versucht, Initiativen zum Engagement f\u00fcr den Schutz von Fl\u00fcchtlingen vor rechten Angriffen anzuregen. <a title=\"Brosch\u00fcre\" href=\"http:\/\/rockgegenrechts.square7.ch\/wp-content\/uploads\/2014\/04\/Broschuere_Refugees_Welcome_Web.pdf\" target=\"_blank\"><strong>Brosch\u00fcre downloaden<\/strong><\/a><\/p>\n<ul>\n<li><strong>Brandstifter &#8211; Rechte hetze gegen Fl\u00fcchtlinge<\/strong><\/li>\n<\/ul>\n<p style=\"text-align: justify;\">Brandanschl\u00e4ge auf Fl\u00fcchtlingsunterk\u00fcnfte, rassistische Aufm\u00e4rsche und menschenverachtende Hetze in den Sozialen Netzwerken: Deutschlandweit ist derzeit eine erschreckende Entwicklung zu beobachten, bei der Fl\u00fcchtlinge zum Ziel von Vorurteilen, Hetze und Gewalt werden. Der Hass auf Fl\u00fcchtlinge ist ein konstantes Element der rechten Szene. Die vorliegende Brosch\u00fcre deckt die Akteure und Strategien der geistigen Brandstifter auf und zeigt anhand konkreter Beispiele, wie die rechte Mobilisierung on- wie offline funktioniert. Zudem wird deutlich, welchen gro\u00dfen Stellenwert eine aktive Zivilgesellschaft hat. Zuletzt gibt es Tipps, was jeder einzelne gegen die rassistische Hetze machen kann: f\u00fcr eine angstfreie und demokratische Gesellschaft. <strong>B<\/strong><a title=\"Brosch\u00fcre\" href=\"http:\/\/rockgegenrechts.square7.ch\/wp-content\/uploads\/2014\/04\/Broschuere_Brandstifter_Web.pdf\" target=\"_blank\"><strong>rosch\u00fcre downloaden<\/strong><\/a><\/p>\n<ul>\n<li><strong>\u00a0Was Tun, damit\u00b4s nicht brennt &#8211; Leitfaden zur Vermeidung von rassistisch aufgeladenen Konflikten im Umfeld von Sammelunterk\u00fcnften f\u00fcr Fl\u00fcchtlinge<\/strong><\/li>\n<\/ul>\n<p style=\"text-align: justify;\">Fl\u00fcchtlinge werden einmal mehr in der gesamten Bundesrepublik Opfer von rechtsextremer Gewalt und Anfeindungen. Dabei sind sie als Schutzbed\u00fcrftige nach ihrer Ankunft in Deutschland auf konkrete Unterst\u00fctzung innerhalb ihrer neuen Umgebung angewiesen. Eine engagierte Zivilgesellschaft muss daher beides leisten: Fl\u00fcchtlingen helfen und rechtsextremen Tendenzen entschieden entgegentreten. Mit dieser Ver\u00f6ffentlichung stellen wir Handlungsempfehlungen f\u00fcr ein breites Spektrum zivilgesellschaftlicher Gruppen vor. Angesprochen sind Kirchengemeinden und andere Religionsgemeinschaften, Nachbarschafts- und Gewerkschaftsgruppen, antirassistische<br \/>\nund Fl\u00fcchtlingsinitiativen sowie Einzelpersonen, die f\u00fcr eine demokratische Vielfalt einstehen und sich gegen rechtsextreme Mobilisierungen vor Asylbewerber_innenheimen und bei B\u00fcrgerversammlungen wehren wollen.<a title=\"brosch\u00fcre\" href=\"http:\/\/rockgegenrechts.square7.ch\/wp-content\/uploads\/2014\/05\/wastun_online.pdf\" target=\"_blank\"> <strong>Brosch\u00fcre downloaden<\/strong><\/a><\/p>\n","protected":false},"excerpt":{"rendered":"","protected":false},"author":1,"featured_media":0,"comment_status":"closed","ping_status":"closed","sticky":false,"template":"","format":"standard","meta":{"jetpack_post_was_ever_published":false,"_jetpack_newsletter_access":"","_jetpack_dont_email_post_to_subs":false,"_jetpack_newsletter_tier_id":0,"_jetpack_memberships_contains_paywalled_content":false,"_jetpack_memberships_contains_paid_content":false,"footnotes":"","jetpack_publicize_message":"","jetpack_publicize_feature_enabled":true,"jetpack_social_post_already_shared":false,"jetpack_social_options":{"image_generator_settings":{"template":"highway","enabled":false},"version":2}},"categories":[69],"tags":[],"class_list":["post-1902","post","type-post","status-publish","format-standard","hentry","category-flucht-und-asyl"],"jetpack_publicize_connections":[],"jetpack_featured_media_url":"","jetpack_shortlink":"https:\/\/wp.me\/p63KIm-uG","jetpack_sharing_enabled":true,"_links":{"self":[{"href":"http:\/\/www.rockgegenrechts.com\/index.php?rest_route=\/wp\/v2\/posts\/1902"}],"collection":[{"href":"http:\/\/www.rockgegenrechts.com\/index.php?rest_route=\/wp\/v2\/posts"}],"about":[{"href":"http:\/\/www.rockgegenrechts.com\/index.php?rest_route=\/wp\/v2\/types\/post"}],"author":[{"embeddable":true,"href":"http:\/\/www.rockgegenrechts.com\/index.php?rest_route=\/wp\/v2\/users\/1"}],"replies":[{"embeddable":true,"href":"http:\/\/www.rockgegenrechts.com\/index.php?rest_route=%2Fwp%2Fv2%2Fcomments&post=1902"}],"version-history":[{"count":17,"href":"http:\/\/www.rockgegenrechts.com\/index.php?rest_route=\/wp\/v2\/posts\/1902\/revisions"}],"predecessor-version":[{"id":1968,"href":"http:\/\/www.rockgegenrechts.com\/index.php?rest_route=\/wp\/v2\/posts\/1902\/revisions\/1968"}],"wp:attachment":[{"href":"http:\/\/www.rockgegenrechts.com\/index.php?rest_route=%2Fwp%2Fv2%2Fmedia&parent=1902"}],"wp:term":[{"taxonomy":"category","embeddable":true,"href":"http:\/\/www.rockgegenrechts.com\/index.php?rest_route=%2Fwp%2Fv2%2Fcategories&post=1902"},{"taxonomy":"post_tag","embeddable":true,"href":"http:\/\/www.rockgegenrechts.com\/index.php?rest_route=%2Fwp%2Fv2%2Ftags&post=1902"}],"curies":[{"name":"wp","href":"https:\/\/api.w.org\/{rel}","templated":true}]}}