{"id":1984,"date":"2014-05-21T21:27:09","date_gmt":"2014-05-21T21:27:09","guid":{"rendered":"http:\/\/www.rockgegenrechts.com\/?p=1984"},"modified":"2014-12-24T10:02:58","modified_gmt":"2014-12-24T10:02:58","slug":"28-mai-gemeinschaftsunterkunft-auf-dem-daenholm-feiert-weltspieltag","status":"publish","type":"post","link":"http:\/\/www.rockgegenrechts.com\/?p=1984","title":{"rendered":"28. Mai: Gemeinschaftsunterkunft auf dem D\u00e4nholm feiert Weltspieltag"},"content":{"rendered":"<p style=\"text-align: justify;\"><a href=\"http:\/\/rockgegenrechts.square7.ch\/wp-content\/uploads\/2014\/05\/Weltspieltag.2012_Logo-300x3001.jpg\"><img loading=\"lazy\" decoding=\"async\" class=\" wp-image-1988 alignleft\" src=\"http:\/\/rockgegenrechts.square7.ch\/wp-content\/uploads\/2014\/05\/Weltspieltag.2012_Logo-300x3001.jpg\" alt=\"Weltspieltag.2012_Logo-300x300\" width=\"212\" height=\"212\" srcset=\"https:\/\/rockgegenrechts.bplaced.net\/wp-content\/uploads\/2014\/05\/Weltspieltag.2012_Logo-300x3001.jpg 300w, https:\/\/rockgegenrechts.bplaced.net\/wp-content\/uploads\/2014\/05\/Weltspieltag.2012_Logo-300x3001-150x150.jpg 150w\" sizes=\"(max-width: 212px) 100vw, 212px\" \/><\/a>Am 28. Mai wird es ab 15.00 Uhr an der Gemeinschaftsunterkunft f\u00fcr Asylsuchende auf dem D\u00e4nholm hei\u00df hergehen. Es werden viele Spiele f\u00fcr die kleinen, aber auch f\u00fcr gro\u00dfe Menschen unseres Landkreises angeboten, sogar eine H\u00fcpfburg wird dabei sein. Der abwechslungsreiche Nachmittag wird zus\u00e4tzlich vom Spielmobil des DKSB e.V., vom F\u00f6rderverein Jugendkunst e.V. und von der Initiative &#8222;Jugend findet Stadt&#8220; aus Greifswald bereichert. Viele spielerische und k\u00fcnstlerische Angebote werden den Besucher_innen viel Abwechslung bieten. <strong>Wir laden alle ein bei Kaffee, Kuchen und Bratwurst ins Gespr\u00e4ch mit den Bewohnern der Gemeinschaftsunterkunft zu kommen<\/strong><!--more--><\/p>\n<p style=\"text-align: justify;\">Das Fest wird in Kooperation mit Malteser, Rock gegen Rechts Stralsund e.V., Spielmobil und dem F\u00f6rderverein Jugendkunst e.V. organisiert. \u201eIm Vorfeld danken wir den schon jetzt T\u00e4tigen und auch ehrenamtlichen Helfer_innen\u201c, so Jens Knoop (Ansprechpartner f\u00fcr ehrenamtliche Fl\u00fcchtlingshilfe vom RgR Stralsund e.V.).<\/p>\n<p>Gemeinschaftsunterkunft f\u00fcr Asylbewerber_innen<br \/>\nRudenstra\u00dfe 26 a\/b<br \/>\n18439 Stralsund \u2013 D\u00e4nholm<br \/>\nFalls es Probleme beim finden der Einrichtung gibt: einfach die 0174-817-1346 oder die Fl\u00fcchtlingsunterkunft (Tel. 03831 280015) anrufen.<\/p>\n<p style=\"text-align: justify;\">Hintergrundinformation:<br \/>\nAm 28. Mai findet im Jahr 2014 der internationale Weltspieltag statt. Er ist ein Aktionstag, der 1999 durch die International Toy Library Association eingef\u00fchrt wurde. Mit dem Tag sollen Kinder und Jugendliche auf ihr Recht auf freies Spiel aufmerksam machen. Die m\u00f6glichst \u00f6ffentlichkeitswirksamen Aktionen an diesem Tag sollen zum Nachdenken und \u00dcberdenken bisheriger Verhaltensweisen anregen &#8211; bei Kindern, Eltern, Nachbarn, Beh\u00f6rden und der Presse. In Deutschland bzw. im deutschsprachigen Raum koordiniert das Deutsche Kinderhilfswerk e.V. die dezentralen Aktivit\u00e4ten seit 2008 im Rahmen des B\u00fcndnisses f\u00fcr Recht auf Spiel.<\/p>\n","protected":false},"excerpt":{"rendered":"<p>Am 28. Mai wird es ab 15.00 Uhr an der Gemeinschaftsunterkunft f\u00fcr Asylsuchende auf dem D\u00e4nholm hei\u00df hergehen. Es werden viele Spiele f\u00fcr die kleinen, aber auch f\u00fcr gro\u00dfe Menschen unseres Landkreises angeboten, sogar eine H\u00fcpfburg wird dabei sein. Der abwechslungsreiche Nachmittag wird zus\u00e4tzlich vom Spielmobil des DKSB e.V., vom F\u00f6rderverein Jugendkunst e.V. und von &hellip; <a href=\"http:\/\/www.rockgegenrechts.com\/?p=1984\" class=\"more-link\"><span class=\"screen-reader-text\">28. Mai: Gemeinschaftsunterkunft auf dem D\u00e4nholm feiert Weltspieltag<\/span> weiterlesen<\/a><\/p>\n","protected":false},"author":1,"featured_media":0,"comment_status":"closed","ping_status":"closed","sticky":false,"template":"","format":"standard","meta":{"jetpack_post_was_ever_published":false,"_jetpack_newsletter_access":"","_jetpack_dont_email_post_to_subs":false,"_jetpack_newsletter_tier_id":0,"_jetpack_memberships_contains_paywalled_content":false,"_jetpack_memberships_contains_paid_content":false,"footnotes":"","jetpack_publicize_message":"","jetpack_publicize_feature_enabled":true,"jetpack_social_post_already_shared":false,"jetpack_social_options":{"image_generator_settings":{"template":"highway","enabled":false},"version":2}},"categories":[69],"tags":[],"class_list":["post-1984","post","type-post","status-publish","format-standard","hentry","category-flucht-und-asyl"],"jetpack_publicize_connections":[],"jetpack_featured_media_url":"","jetpack_shortlink":"https:\/\/wp.me\/p63KIm-w0","jetpack_sharing_enabled":true,"_links":{"self":[{"href":"http:\/\/www.rockgegenrechts.com\/index.php?rest_route=\/wp\/v2\/posts\/1984"}],"collection":[{"href":"http:\/\/www.rockgegenrechts.com\/index.php?rest_route=\/wp\/v2\/posts"}],"about":[{"href":"http:\/\/www.rockgegenrechts.com\/index.php?rest_route=\/wp\/v2\/types\/post"}],"author":[{"embeddable":true,"href":"http:\/\/www.rockgegenrechts.com\/index.php?rest_route=\/wp\/v2\/users\/1"}],"replies":[{"embeddable":true,"href":"http:\/\/www.rockgegenrechts.com\/index.php?rest_route=%2Fwp%2Fv2%2Fcomments&post=1984"}],"version-history":[{"count":4,"href":"http:\/\/www.rockgegenrechts.com\/index.php?rest_route=\/wp\/v2\/posts\/1984\/revisions"}],"predecessor-version":[{"id":1990,"href":"http:\/\/www.rockgegenrechts.com\/index.php?rest_route=\/wp\/v2\/posts\/1984\/revisions\/1990"}],"wp:attachment":[{"href":"http:\/\/www.rockgegenrechts.com\/index.php?rest_route=%2Fwp%2Fv2%2Fmedia&parent=1984"}],"wp:term":[{"taxonomy":"category","embeddable":true,"href":"http:\/\/www.rockgegenrechts.com\/index.php?rest_route=%2Fwp%2Fv2%2Fcategories&post=1984"},{"taxonomy":"post_tag","embeddable":true,"href":"http:\/\/www.rockgegenrechts.com\/index.php?rest_route=%2Fwp%2Fv2%2Ftags&post=1984"}],"curies":[{"name":"wp","href":"https:\/\/api.w.org\/{rel}","templated":true}]}}