{"id":2135,"date":"2014-09-01T20:03:31","date_gmt":"2014-09-01T20:03:31","guid":{"rendered":"http:\/\/www.rockgegenrechts.com\/?p=2135"},"modified":"2014-09-01T20:05:03","modified_gmt":"2014-09-01T20:05:03","slug":"ausstellung-mit-fuehrung-die-opfer-des-nsu-und-die-aufarbeitung-der-verbrechen","status":"publish","type":"post","link":"http:\/\/www.rockgegenrechts.com\/?p=2135","title":{"rendered":"Ausstellung mit F\u00fchrung &#8222;Die Opfer des NSU und die Aufarbeitung der Verbrechen&#8220;"},"content":{"rendered":"<p style=\"text-align: justify;\"><img loading=\"lazy\" decoding=\"async\" class=\"alignright  wp-image-2134\" src=\"http:\/\/rockgegenrechts.square7.ch\/wp-content\/uploads\/2014\/09\/NSU-Opfer-Ausstellung.jpg\" alt=\"NSU-Opfer-Ausstellung\" width=\"217\" height=\"301\" \/>Seit \u00fcber einem Jahr bringt der Prozess um die Verbrechen des Nationalsozialistischen Untergrund (NSU) immer neue Fragen auf, wie die Urheber des Terrors so lange so lange und trotz jahrelanger Ermittlungen der Beh\u00f6rden unerkannt bleiben konnten.<\/p>\n<p style=\"text-align: justify;\">Die Ausstellung \u201cDie Opfer des NSU und die Aufarbeitung der Verbrechen\u201d legt den Schwerpunkt auf die Menschen, die durch den NSU ermordet wurden. Zudem wird beleuchtet, wie die Neonazi-Szene unterst\u00fctzend f\u00fcr den NSU wirkte. Und, warum versagten die Beh\u00f6rden diese Strukturen aufzudecken? Wie geht die Gesellschaft mit dem rechtsextremen Terror und dem Gedenken an die Opfer um?<\/p>\n<p style=\"text-align: justify;\">Diese Fragen dokumentiert die Ausstellung bis zum 25. September 2014 im Gr\u00fcnen B\u00fcro, Alter Markt 7, in Stralsund. Das Gr\u00fcne B\u00fcro ist Mo bis Fr von 9 bis 13 Uhr, sowie Mi von 14 bis 18 Uhr ge\u00f6ffnet. Die Ausstellung dann auch nach Vereinbarung von Gruppen besucht werden.<\/p>\n<p>Im Rahmen der Aktionstage gegen Rechts gibt es diese F\u00fchrung. (<a href=\"http:\/\/rockgegenrechts.square7.ch\/\/?page_id=908&amp;event_id=120\">siehe Events<\/a>)<\/p>\n","protected":false},"excerpt":{"rendered":"<p>Seit \u00fcber einem Jahr bringt der Prozess um die Verbrechen des Nationalsozialistischen Untergrund (NSU) immer neue Fragen auf, wie die Urheber des Terrors so lange so lange und trotz jahrelanger Ermittlungen der Beh\u00f6rden unerkannt bleiben konnten. Die Ausstellung \u201cDie Opfer des NSU und die Aufarbeitung der Verbrechen\u201d legt den Schwerpunkt auf die Menschen, die durch &hellip; <a href=\"http:\/\/www.rockgegenrechts.com\/?p=2135\" class=\"more-link\"><span class=\"screen-reader-text\">Ausstellung mit F\u00fchrung &#8222;Die Opfer des NSU und die Aufarbeitung der Verbrechen&#8220;<\/span> weiterlesen<\/a><\/p>\n","protected":false},"author":1,"featured_media":0,"comment_status":"closed","ping_status":"closed","sticky":false,"template":"","format":"standard","meta":{"jetpack_post_was_ever_published":false,"_jetpack_newsletter_access":"","_jetpack_dont_email_post_to_subs":false,"_jetpack_newsletter_tier_id":0,"_jetpack_memberships_contains_paywalled_content":false,"_jetpack_memberships_contains_paid_content":false,"footnotes":"","jetpack_publicize_message":"","jetpack_publicize_feature_enabled":true,"jetpack_social_post_already_shared":false,"jetpack_social_options":{"image_generator_settings":{"template":"highway","enabled":false},"version":2}},"categories":[67],"tags":[],"class_list":["post-2135","post","type-post","status-publish","format-standard","hentry","category-agr-2014"],"jetpack_publicize_connections":[],"jetpack_featured_media_url":"","jetpack_shortlink":"https:\/\/wp.me\/p63KIm-yr","jetpack_sharing_enabled":true,"_links":{"self":[{"href":"http:\/\/www.rockgegenrechts.com\/index.php?rest_route=\/wp\/v2\/posts\/2135"}],"collection":[{"href":"http:\/\/www.rockgegenrechts.com\/index.php?rest_route=\/wp\/v2\/posts"}],"about":[{"href":"http:\/\/www.rockgegenrechts.com\/index.php?rest_route=\/wp\/v2\/types\/post"}],"author":[{"embeddable":true,"href":"http:\/\/www.rockgegenrechts.com\/index.php?rest_route=\/wp\/v2\/users\/1"}],"replies":[{"embeddable":true,"href":"http:\/\/www.rockgegenrechts.com\/index.php?rest_route=%2Fwp%2Fv2%2Fcomments&post=2135"}],"version-history":[{"count":2,"href":"http:\/\/www.rockgegenrechts.com\/index.php?rest_route=\/wp\/v2\/posts\/2135\/revisions"}],"predecessor-version":[{"id":2137,"href":"http:\/\/www.rockgegenrechts.com\/index.php?rest_route=\/wp\/v2\/posts\/2135\/revisions\/2137"}],"wp:attachment":[{"href":"http:\/\/www.rockgegenrechts.com\/index.php?rest_route=%2Fwp%2Fv2%2Fmedia&parent=2135"}],"wp:term":[{"taxonomy":"category","embeddable":true,"href":"http:\/\/www.rockgegenrechts.com\/index.php?rest_route=%2Fwp%2Fv2%2Fcategories&post=2135"},{"taxonomy":"post_tag","embeddable":true,"href":"http:\/\/www.rockgegenrechts.com\/index.php?rest_route=%2Fwp%2Fv2%2Ftags&post=2135"}],"curies":[{"name":"wp","href":"https:\/\/api.w.org\/{rel}","templated":true}]}}