{"id":2146,"date":"2014-09-04T14:11:29","date_gmt":"2014-09-04T14:11:29","guid":{"rendered":"http:\/\/www.rockgegenrechts.com\/?p=2146"},"modified":"2014-09-04T14:36:58","modified_gmt":"2014-09-04T14:36:58","slug":"kickt-gegen-rassismus-anklamer-asylbewerber-gewinnen-zweites-antirassistisches-fussballturnier-in-stralsund","status":"publish","type":"post","link":"http:\/\/www.rockgegenrechts.com\/?p=2146","title":{"rendered":"&#8222;Kickt gegen Rassismus&#8220;: Anklamer Asylbewerber gewinnen zweites antirassistisches Fu\u00dfballturnier in Stralsund"},"content":{"rendered":"<p style=\"text-align: justify;\"><img loading=\"lazy\" decoding=\"async\" class=\"aligncenter size-large wp-image-2147\" src=\"http:\/\/rockgegenrechts.square7.ch\/wp-content\/uploads\/2014\/09\/DSC_0258-1024x678.jpg\" alt=\"DSC_0258\" width=\"640\" height=\"423\" srcset=\"https:\/\/rockgegenrechts.bplaced.net\/wp-content\/uploads\/2014\/09\/DSC_0258-1024x678.jpg 1024w, https:\/\/rockgegenrechts.bplaced.net\/wp-content\/uploads\/2014\/09\/DSC_0258-300x198.jpg 300w, https:\/\/rockgegenrechts.bplaced.net\/wp-content\/uploads\/2014\/09\/DSC_0258.jpg 1232w\" sizes=\"(max-width: 640px) 100vw, 640px\" \/>Am vergangenem Samstag luden die Vereine \u201eRock gegen Rechts\u201c und \u201eAjuku\u201czu einem antirassistischen Fu\u00dfballturnier auf dem D\u00e4hnholm ein. Das Turnier stand unter dem Motto \u201eKickt gegen Rassismus&#8220; und bildete die Auftaktveranstaltung der diesj\u00e4hrigen Aktionstage gegen Rechts in Stralsund. Teilnehmer aus der Region Vorpommern trafen sich in insgesamt acht Teams, um gemeinsam ein Zeichen f\u00fcr Toleranz, Solidarit\u00e4t und V\u00f6lkerverst\u00e4ndigung zu setzen. Jens Knoop (RgR Stralsund e.V.) und Kerstin Kassner MdB er\u00f6ffneten mit einer Check\u00fcbergabe das Turnier.<!--more--><\/p>\n<figure id=\"attachment_2150\" aria-describedby=\"caption-attachment-2150\" style=\"width: 275px\" class=\"wp-caption alignright\"><img loading=\"lazy\" decoding=\"async\" class=\"wp-image-2150\" src=\"http:\/\/rockgegenrechts.square7.ch\/wp-content\/uploads\/2014\/09\/DSC_0653.jpg\" alt=\"DSC_0653\" width=\"275\" height=\"298\" srcset=\"https:\/\/rockgegenrechts.bplaced.net\/wp-content\/uploads\/2014\/09\/DSC_0653.jpg 755w, https:\/\/rockgegenrechts.bplaced.net\/wp-content\/uploads\/2014\/09\/DSC_0653-277x300.jpg 277w\" sizes=\"(max-width: 275px) 100vw, 275px\" \/><figcaption id=\"caption-attachment-2150\" class=\"wp-caption-text\">FC Asyl Anlam I<\/figcaption><\/figure>\n<p style=\"text-align: justify;\">Nach einem spannenden Elfmeterschie\u00dfen zwischen dem \u201eAsyl Anklam I\u201c und den \u201eStralsunder Rasenfreunden\u201c, das die Anklamer f\u00fcr sich entscheiden konnten, ging bei der Siegerehrung niemand leer aus. Im Spiel um Platz drei hatte sich \u201eAsyl D\u00e4hnholm\u201c gegen \u201eAsyl Anklam II\u201c durchsetzen k\u00f6nnen. Im Anschluss an das eigentliche Turnier kam es auf dr\u00e4ngen der anwesenden Kinder spontan zu einem Kindercup, bei dem auch der Nachwuchs sein spielerisches Geschick beweisen konnte.<br \/>\nGespielt wurde auf dem Rasenplatz des D\u00e4nholm auf kleinem Feld mit Mannschaften von je sieben Spielern. F\u00fcr das leibliche Wohl sorgte die CJD-Produktionsschule Vorpommern-R\u00fcgen.<\/p>\n<figure id=\"attachment_2149\" aria-describedby=\"caption-attachment-2149\" style=\"width: 228px\" class=\"wp-caption alignleft\"><img loading=\"lazy\" decoding=\"async\" class=\"wp-image-2149\" src=\"http:\/\/rockgegenrechts.square7.ch\/wp-content\/uploads\/2014\/09\/DSC_0360-1024x678.jpg\" alt=\"DSC_0360\" width=\"228\" height=\"151\" srcset=\"https:\/\/rockgegenrechts.bplaced.net\/wp-content\/uploads\/2014\/09\/DSC_0360-1024x678.jpg 1024w, https:\/\/rockgegenrechts.bplaced.net\/wp-content\/uploads\/2014\/09\/DSC_0360-300x198.jpg 300w, https:\/\/rockgegenrechts.bplaced.net\/wp-content\/uploads\/2014\/09\/DSC_0360.jpg 1232w\" sizes=\"(max-width: 228px) 100vw, 228px\" \/><figcaption id=\"caption-attachment-2149\" class=\"wp-caption-text\">Merch Stand<\/figcaption><\/figure>\n<p>Weitere Unterst\u00fctzer sorgten daf\u00fcr, dass \u201eKickt gegen Rassismus\u201c auch in diesem Jahr stattfinden konnte. So beispielsweise CITTI, Turbine, CineStar, SIC, die Gemeinschaftsunterkunft f\u00fcr Asylbewerber, Stralsunder Sportbund, Kerstin Kassner MdB, ToiToi Dixi, Intersport-Sportpoint, FC Hansa Rostock und der SV Babelsberg 09.<\/p>\n<figure id=\"attachment_2151\" aria-describedby=\"caption-attachment-2151\" style=\"width: 148px\" class=\"wp-caption alignright\"><img loading=\"lazy\" decoding=\"async\" class=\"wp-image-2151 \" src=\"http:\/\/rockgegenrechts.square7.ch\/wp-content\/uploads\/2014\/09\/DSC_0976-198x300.jpg\" alt=\"DSC_0976\" width=\"148\" height=\"224\" srcset=\"https:\/\/rockgegenrechts.bplaced.net\/wp-content\/uploads\/2014\/09\/DSC_0976-198x300.jpg 198w, https:\/\/rockgegenrechts.bplaced.net\/wp-content\/uploads\/2014\/09\/DSC_0976-678x1024.jpg 678w, https:\/\/rockgegenrechts.bplaced.net\/wp-content\/uploads\/2014\/09\/DSC_0976.jpg 816w\" sizes=\"(max-width: 148px) 100vw, 148px\" \/><figcaption id=\"caption-attachment-2151\" class=\"wp-caption-text\">check\u00fcbergabe durch kerstin kassner f\u00fcr den verein der bundestagsfraktion der linken<\/figcaption><\/figure>\n<figure id=\"attachment_2152\" aria-describedby=\"caption-attachment-2152\" style=\"width: 300px\" class=\"wp-caption alignleft\"><a href=\"http:\/\/rockgegenrechts.square7.ch\/wp-content\/uploads\/2014\/09\/kickt1.jpg\"><img loading=\"lazy\" decoding=\"async\" class=\"wp-image-2152 size-medium\" src=\"http:\/\/rockgegenrechts.square7.ch\/wp-content\/uploads\/2014\/09\/kickt1-300x198.jpg\" alt=\"kickt1\" width=\"300\" height=\"198\" srcset=\"https:\/\/rockgegenrechts.bplaced.net\/wp-content\/uploads\/2014\/09\/kickt1-300x198.jpg 300w, https:\/\/rockgegenrechts.bplaced.net\/wp-content\/uploads\/2014\/09\/kickt1.jpg 616w\" sizes=\"(max-width: 300px) 100vw, 300px\" \/><\/a><figcaption id=\"caption-attachment-2152\" class=\"wp-caption-text\">die Spieler_innen<\/figcaption><\/figure>\n","protected":false},"excerpt":{"rendered":"<p>Am vergangenem Samstag luden die Vereine \u201eRock gegen Rechts\u201c und \u201eAjuku\u201czu einem antirassistischen Fu\u00dfballturnier auf dem D\u00e4hnholm ein. Das Turnier stand unter dem Motto \u201eKickt gegen Rassismus&#8220; und bildete die Auftaktveranstaltung der diesj\u00e4hrigen Aktionstage gegen Rechts in Stralsund. Teilnehmer aus der Region Vorpommern trafen sich in insgesamt acht Teams, um gemeinsam ein Zeichen f\u00fcr Toleranz, &hellip; <a href=\"http:\/\/www.rockgegenrechts.com\/?p=2146\" class=\"more-link\"><span class=\"screen-reader-text\">&#8222;Kickt gegen Rassismus&#8220;: Anklamer Asylbewerber gewinnen zweites antirassistisches Fu\u00dfballturnier in Stralsund<\/span> weiterlesen<\/a><\/p>\n","protected":false},"author":1,"featured_media":0,"comment_status":"closed","ping_status":"closed","sticky":false,"template":"","format":"standard","meta":{"jetpack_post_was_ever_published":false,"_jetpack_newsletter_access":"","_jetpack_dont_email_post_to_subs":false,"_jetpack_newsletter_tier_id":0,"_jetpack_memberships_contains_paywalled_content":false,"_jetpack_memberships_contains_paid_content":false,"footnotes":"","jetpack_publicize_message":"","jetpack_publicize_feature_enabled":true,"jetpack_social_post_already_shared":false,"jetpack_social_options":{"image_generator_settings":{"template":"highway","enabled":false},"version":2}},"categories":[67],"tags":[],"class_list":["post-2146","post","type-post","status-publish","format-standard","hentry","category-agr-2014"],"jetpack_publicize_connections":[],"jetpack_featured_media_url":"","jetpack_shortlink":"https:\/\/wp.me\/p63KIm-yC","jetpack_sharing_enabled":true,"_links":{"self":[{"href":"http:\/\/www.rockgegenrechts.com\/index.php?rest_route=\/wp\/v2\/posts\/2146"}],"collection":[{"href":"http:\/\/www.rockgegenrechts.com\/index.php?rest_route=\/wp\/v2\/posts"}],"about":[{"href":"http:\/\/www.rockgegenrechts.com\/index.php?rest_route=\/wp\/v2\/types\/post"}],"author":[{"embeddable":true,"href":"http:\/\/www.rockgegenrechts.com\/index.php?rest_route=\/wp\/v2\/users\/1"}],"replies":[{"embeddable":true,"href":"http:\/\/www.rockgegenrechts.com\/index.php?rest_route=%2Fwp%2Fv2%2Fcomments&post=2146"}],"version-history":[{"count":2,"href":"http:\/\/www.rockgegenrechts.com\/index.php?rest_route=\/wp\/v2\/posts\/2146\/revisions"}],"predecessor-version":[{"id":2154,"href":"http:\/\/www.rockgegenrechts.com\/index.php?rest_route=\/wp\/v2\/posts\/2146\/revisions\/2154"}],"wp:attachment":[{"href":"http:\/\/www.rockgegenrechts.com\/index.php?rest_route=%2Fwp%2Fv2%2Fmedia&parent=2146"}],"wp:term":[{"taxonomy":"category","embeddable":true,"href":"http:\/\/www.rockgegenrechts.com\/index.php?rest_route=%2Fwp%2Fv2%2Fcategories&post=2146"},{"taxonomy":"post_tag","embeddable":true,"href":"http:\/\/www.rockgegenrechts.com\/index.php?rest_route=%2Fwp%2Fv2%2Ftags&post=2146"}],"curies":[{"name":"wp","href":"https:\/\/api.w.org\/{rel}","templated":true}]}}