{"id":2155,"date":"2014-09-04T14:31:51","date_gmt":"2014-09-04T14:31:51","guid":{"rendered":"http:\/\/www.rockgegenrechts.com\/?p=2155"},"modified":"2014-09-04T14:45:20","modified_gmt":"2014-09-04T14:45:20","slug":"deine-anne-ausstellung-feiert-premiere-in-stralsund","status":"publish","type":"post","link":"http:\/\/www.rockgegenrechts.com\/?p=2155","title":{"rendered":"Deine Anne \u2013 Ausstellung feiert Premiere in Stralsund"},"content":{"rendered":"<p style=\"text-align: justify;\"><a href=\"http:\/\/rockgegenrechts.square7.ch\/wp-content\/uploads\/2014\/09\/DSC_1024.jpg\"><img loading=\"lazy\" decoding=\"async\" class=\"size-medium wp-image-2161 alignleft\" src=\"http:\/\/rockgegenrechts.square7.ch\/wp-content\/uploads\/2014\/09\/DSC_1024-198x300.jpg\" alt=\"DSC_1024\" width=\"198\" height=\"300\" srcset=\"https:\/\/rockgegenrechts.bplaced.net\/wp-content\/uploads\/2014\/09\/DSC_1024-198x300.jpg 198w, https:\/\/rockgegenrechts.bplaced.net\/wp-content\/uploads\/2014\/09\/DSC_1024-678x1024.jpg 678w, https:\/\/rockgegenrechts.bplaced.net\/wp-content\/uploads\/2014\/09\/DSC_1024.jpg 979w\" sizes=\"(max-width: 198px) 100vw, 198px\" \/><\/a>Am vergangenem Dienstag, dem 02.09.2014, fand im Stralsunder Hansa-Gymnasium, die Er\u00f6ffnung der Wanderausstellung &#8222;Meine Anne. Ein M\u00e4dchen schreibt Geschichte&#8220; statt. Die Austellung erz\u00e4hlt die Geschichte vom Leben und Sterben der Anne Frank. Beleuchtet wird die pers\u00f6nliche Geschichte der Anne Frank verbunden mit der Geschichte der Weimarer Republik, des Nationalsozialismus, des Holocaust und des Zweiten Weltkriegs.<br \/>\nDabei geht die Austellung, neben der Perspektive der Verfolgten und Helfer, auch auf die Perspektive von Mitl\u00e4ufern und T\u00e4tern ein. Auch die Geschichte des Tagebuchs, seit seiner Ver\u00f6ffentlichung, wird dokumentiert.<!--more--><\/p>\n<figure id=\"attachment_2160\" aria-describedby=\"caption-attachment-2160\" style=\"width: 300px\" class=\"wp-caption alignright\"><img loading=\"lazy\" decoding=\"async\" class=\"wp-image-2160 size-medium\" src=\"http:\/\/rockgegenrechts.square7.ch\/wp-content\/uploads\/2014\/09\/DSC_1010-300x198.jpg\" alt=\"DSC_1010\" width=\"300\" height=\"198\" srcset=\"https:\/\/rockgegenrechts.bplaced.net\/wp-content\/uploads\/2014\/09\/DSC_1010-300x198.jpg 300w, https:\/\/rockgegenrechts.bplaced.net\/wp-content\/uploads\/2014\/09\/DSC_1010-1024x678.jpg 1024w, https:\/\/rockgegenrechts.bplaced.net\/wp-content\/uploads\/2014\/09\/DSC_1010.jpg 1232w\" sizes=\"(max-width: 300px) 100vw, 300px\" \/><figcaption id=\"caption-attachment-2160\" class=\"wp-caption-text\">Jens Knoop (RgR Stralsund e.V.) \u00fcberreicht dem Vertreter der Stadt die Urkunde<\/figcaption><\/figure>\n<p style=\"text-align: justify;\">Zur Er\u00f6ffnung sprachen Jens Knoop vom Verein &#8220; Rock gegen Rechts Stralsund e.V\u201c., der Schulleiter des Hansa Gymnasiums Thomas Janke, Dr. Andreas Gr\u00fcger Leiter des Kulturhistorischen Museums Stralsund, Kerstin Kassner MdB und Sonja Steffen MdB, Markus Etzold als Vertreter des Jugendverbandes linksjugend [&#8217;solid] MV und Anne Fr\u00f6hlich vom Anne Frank Zentrum Berlin.<\/p>\n<figure id=\"attachment_2157\" aria-describedby=\"caption-attachment-2157\" style=\"width: 300px\" class=\"wp-caption alignright\"><a href=\"http:\/\/rockgegenrechts.square7.ch\/wp-content\/uploads\/2014\/09\/DSC_0989.jpg\"><img loading=\"lazy\" decoding=\"async\" class=\"wp-image-2157 size-medium\" src=\"http:\/\/rockgegenrechts.square7.ch\/wp-content\/uploads\/2014\/09\/DSC_0989-300x198.jpg\" alt=\"DSC_0989\" width=\"300\" height=\"198\" srcset=\"https:\/\/rockgegenrechts.bplaced.net\/wp-content\/uploads\/2014\/09\/DSC_0989-300x198.jpg 300w, https:\/\/rockgegenrechts.bplaced.net\/wp-content\/uploads\/2014\/09\/DSC_0989-1024x678.jpg 1024w, https:\/\/rockgegenrechts.bplaced.net\/wp-content\/uploads\/2014\/09\/DSC_0989.jpg 1232w\" sizes=\"(max-width: 300px) 100vw, 300px\" \/><\/a><figcaption id=\"caption-attachment-2157\" class=\"wp-caption-text\">sch\u00fcler des Gymnasiums singen<\/figcaption><\/figure>\n<p style=\"text-align: justify;\">Im Vorfeld der Reden, gaben Sch\u00fcler des Hansa Gymnasiums, einen kleinen musischen Beitrag zum Besten. Zum Ende der Er\u00f6ffnungsreden \u00fcberreichte Jens Knoop dem Leiter des Kulturhistorischen Museums Stralsund den Preis \u201eDer Aktionist des Jahren 2014\u201c, der sich an den Oberb\u00fcrgermeister Dr. Alexander Badrow (CDU) richtete.<\/p>\n<p style=\"text-align: justify;\">Dieser Preis soll darauf aufmerksam machen das der Gewinner noch viel mehr \u00fcber Potenzial verf\u00fcgt, welches er in die Arbeit gegen Rechts hineinwirken lassen k\u00f6nnte. Die Hansestadt Stralsund hat sich in diesem wie auch in den Vorjahren zwar als Geldgeber erwiesen, leider wurden alle anderen Absprachen die get\u00e4tigt wurden nicht eingehalten. \u201eWir w\u00fcnschen uns noch mehr Kooperationen besonders mit der Stadt um solche und andere Projekte zu erm\u00f6glichen\u201c, so Jens Knoop.<\/p>\n<figure id=\"attachment_2159\" aria-describedby=\"caption-attachment-2159\" style=\"width: 300px\" class=\"wp-caption alignright\"><a href=\"http:\/\/rockgegenrechts.square7.ch\/wp-content\/uploads\/2014\/09\/DSC_1009.jpg\"><img loading=\"lazy\" decoding=\"async\" class=\"wp-image-2159 size-medium\" src=\"http:\/\/rockgegenrechts.square7.ch\/wp-content\/uploads\/2014\/09\/DSC_1009-300x198.jpg\" alt=\"DSC_1009\" width=\"300\" height=\"198\" srcset=\"https:\/\/rockgegenrechts.bplaced.net\/wp-content\/uploads\/2014\/09\/DSC_1009-300x198.jpg 300w, https:\/\/rockgegenrechts.bplaced.net\/wp-content\/uploads\/2014\/09\/DSC_1009-1024x678.jpg 1024w, https:\/\/rockgegenrechts.bplaced.net\/wp-content\/uploads\/2014\/09\/DSC_1009.jpg 1232w\" sizes=\"(max-width: 300px) 100vw, 300px\" \/><\/a><figcaption id=\"caption-attachment-2159\" class=\"wp-caption-text\">peer gudies waren auch vor ort<\/figcaption><\/figure>\n<p style=\"text-align: justify;\">Finanziert wird die Austellung von der linksjugend [&#8217;solid] MV und weitere Organisatoren dabei sind das Anne Frank Zentrum, Rock gegen Rechts Stralsund e.V. und das Hansa-Gymnasium.<br \/>\nDurch die Ausstellung f\u00fchren Sch\u00fcler des Hansa Gymnasiums, die sich im Rahmen dieses Ausstellungsprojektes, zu peerguides ausbilden lie\u00dfen.<br \/>\nF\u00fcr die \u00d6ffentlichkeit ist die Austellung noch am 04.09., 09.09 und am 11.09 von 15.00 bis 18.00 Uhr ge\u00f6ffnet.<\/p>\n<p style=\"text-align: justify;\">\n<figure id=\"attachment_2169\" aria-describedby=\"caption-attachment-2169\" style=\"width: 212px\" class=\"wp-caption aligncenter\"><a href=\"http:\/\/rockgegenrechts.square7.ch\/wp-content\/uploads\/2014\/09\/preis1.jpg\"><img loading=\"lazy\" decoding=\"async\" class=\"wp-image-2169 size-medium\" src=\"http:\/\/rockgegenrechts.square7.ch\/wp-content\/uploads\/2014\/09\/preis1-212x300.jpg\" alt=\"preis1\" width=\"212\" height=\"300\" srcset=\"https:\/\/rockgegenrechts.bplaced.net\/wp-content\/uploads\/2014\/09\/preis1-212x300.jpg 212w, https:\/\/rockgegenrechts.bplaced.net\/wp-content\/uploads\/2014\/09\/preis1-724x1024.jpg 724w, https:\/\/rockgegenrechts.bplaced.net\/wp-content\/uploads\/2014\/09\/preis1.jpg 877w\" sizes=\"(max-width: 212px) 100vw, 212px\" \/><\/a><figcaption id=\"caption-attachment-2169\" class=\"wp-caption-text\">die urkunde (gr\u00f6\u00dfer? draufklicken!)<\/figcaption><\/figure>\n","protected":false},"excerpt":{"rendered":"<p>Am vergangenem Dienstag, dem 02.09.2014, fand im Stralsunder Hansa-Gymnasium, die Er\u00f6ffnung der Wanderausstellung &#8222;Meine Anne. Ein M\u00e4dchen schreibt Geschichte&#8220; statt. Die Austellung erz\u00e4hlt die Geschichte vom Leben und Sterben der Anne Frank. Beleuchtet wird die pers\u00f6nliche Geschichte der Anne Frank verbunden mit der Geschichte der Weimarer Republik, des Nationalsozialismus, des Holocaust und des Zweiten Weltkriegs. &hellip; <a href=\"http:\/\/www.rockgegenrechts.com\/?p=2155\" class=\"more-link\"><span class=\"screen-reader-text\">Deine Anne \u2013 Ausstellung feiert Premiere in Stralsund<\/span> weiterlesen<\/a><\/p>\n","protected":false},"author":1,"featured_media":0,"comment_status":"closed","ping_status":"closed","sticky":false,"template":"","format":"standard","meta":{"jetpack_post_was_ever_published":false,"_jetpack_newsletter_access":"","_jetpack_dont_email_post_to_subs":false,"_jetpack_newsletter_tier_id":0,"_jetpack_memberships_contains_paywalled_content":false,"_jetpack_memberships_contains_paid_content":false,"footnotes":"","jetpack_publicize_message":"","jetpack_publicize_feature_enabled":true,"jetpack_social_post_already_shared":false,"jetpack_social_options":{"image_generator_settings":{"template":"highway","enabled":false},"version":2}},"categories":[67],"tags":[],"class_list":["post-2155","post","type-post","status-publish","format-standard","hentry","category-agr-2014"],"jetpack_publicize_connections":[],"jetpack_featured_media_url":"","jetpack_shortlink":"https:\/\/wp.me\/p63KIm-yL","jetpack_sharing_enabled":true,"_links":{"self":[{"href":"http:\/\/www.rockgegenrechts.com\/index.php?rest_route=\/wp\/v2\/posts\/2155"}],"collection":[{"href":"http:\/\/www.rockgegenrechts.com\/index.php?rest_route=\/wp\/v2\/posts"}],"about":[{"href":"http:\/\/www.rockgegenrechts.com\/index.php?rest_route=\/wp\/v2\/types\/post"}],"author":[{"embeddable":true,"href":"http:\/\/www.rockgegenrechts.com\/index.php?rest_route=\/wp\/v2\/users\/1"}],"replies":[{"embeddable":true,"href":"http:\/\/www.rockgegenrechts.com\/index.php?rest_route=%2Fwp%2Fv2%2Fcomments&post=2155"}],"version-history":[{"count":5,"href":"http:\/\/www.rockgegenrechts.com\/index.php?rest_route=\/wp\/v2\/posts\/2155\/revisions"}],"predecessor-version":[{"id":2170,"href":"http:\/\/www.rockgegenrechts.com\/index.php?rest_route=\/wp\/v2\/posts\/2155\/revisions\/2170"}],"wp:attachment":[{"href":"http:\/\/www.rockgegenrechts.com\/index.php?rest_route=%2Fwp%2Fv2%2Fmedia&parent=2155"}],"wp:term":[{"taxonomy":"category","embeddable":true,"href":"http:\/\/www.rockgegenrechts.com\/index.php?rest_route=%2Fwp%2Fv2%2Fcategories&post=2155"},{"taxonomy":"post_tag","embeddable":true,"href":"http:\/\/www.rockgegenrechts.com\/index.php?rest_route=%2Fwp%2Fv2%2Ftags&post=2155"}],"curies":[{"name":"wp","href":"https:\/\/api.w.org\/{rel}","templated":true}]}}