{"id":2177,"date":"2014-09-08T15:28:45","date_gmt":"2014-09-08T15:28:45","guid":{"rendered":"http:\/\/www.rockgegenrechts.com\/?p=2177"},"modified":"2014-12-24T10:28:27","modified_gmt":"2014-12-24T10:28:27","slug":"gastbeitraege-nazi-kinderfest-in-stralsund","status":"publish","type":"post","link":"http:\/\/www.rockgegenrechts.com\/?p=2177","title":{"rendered":"Gastbeitr\u00e4ge: Nazi Kinderfest in Stralsund"},"content":{"rendered":"<p style=\"text-align: justify;\"><a href=\"http:\/\/rockgegenrechts.square7.ch\/wp-content\/uploads\/2014\/09\/kinderfest_stralsund_clown.jpg\"><img loading=\"lazy\" decoding=\"async\" class=\"size-thumbnail wp-image-2179 alignleft\" src=\"http:\/\/rockgegenrechts.square7.ch\/wp-content\/uploads\/2014\/09\/kinderfest_stralsund_clown-150x150.jpg\" alt=\"kinderfest_stralsund_clown\" width=\"150\" height=\"150\" \/><\/a>&#8222;Es fand schon wieder statt, schon zum dreizehnten Mal. Das sogenannte &#8222;Kinderfest&#8220; der Neonazitruppe NPD. Das in einem der sch\u00f6nsten Stadtparks Stralsund, mit Genehmigung der Landkreises und der Stadt. Ordner der NPD patrouillieren bereits seit Freitag durch die Brunnenaue, sie beobachten Eltern die abseits auf dem nahen Spielplatz mit ihren Kindern spielten, es k\u00f6nnte ja ein Linker drunter sein.&#8220; Hier sind 2 Gastbeitr\u00e4ge zu lesen, die wir den Leser_innen zur Verf\u00fcgung stellen wollen. Die NPD hat angek\u00fcndigt im n\u00e4chsten Jahr nicht nur in Stralsund, sondern auch in einem anderem Ort im Landkreis Vorpommern-R\u00fcgen ein Neonazi-Kinderfest zu veranstalten. Das d\u00fcrfen wir nicht zulassen! Im Gleichen Zuge wollen wir auf eine Veranstaltung mit Andreas Speit aufmaerksam machen, der sich mit neonazistischer Kindererziehung befasst. Die Veranstaltung findet am 16.09. in Stralsund statt, mehr dazu <a href=\"http:\/\/rockgegenrechts.square7.ch\/\/?page_id=908&amp;event_id=116\">HIER<\/a>.<!--more--><\/p>\n<h3><strong>Kinderfest unter Nazi-Flaggen<\/strong><\/h3>\n<p style=\"text-align: justify;\">Es fand schon wieder statt, schon zum dreizehnten Mal. Das sogenannte &#8222;Kinderfest&#8220; der Neonazitruppe NPD. Das in einem der sch\u00f6nsten Stadtparks Stralsund, mit Genehmigung der Stadtverwaltung. Ordner der NPD patrouillieren bereits seit Freitag durch die Brunnenaue, sie beobachten Eltern die abseits auf dem nahen Spielplatz mit ihren Kindern spielten, es k\u00f6nnte ja ein Linker drunter sein.<\/p>\n<p style=\"text-align: justify;\">Die NPD wirbt um Sympathie bei den ganz Kleinen. Mit diesem Fest versuchen die NPDler, Nachwuchs f\u00fcr die Partei schon im Kindesalter zu rekrutieren. Menschen andere Herkunft oder Meinung sind nicht erw\u00fcnscht, man will unter sich bleiben. Der eigentlich \u00f6ffentliche Park ist f\u00fcr dieses Wochenende eine NoGo Area ,nicht nur f\u00fcr Ausl\u00e4nder, gewesen. Ein \u00f6ffentlicher Stadtpark wird von den Nazis f\u00fcr einen Tag besetzt und der Zugang zu diesem Park wird durch sie geregelt. Das kann nicht toleriert werden!<\/p>\n<p style=\"text-align: justify;\">Unter der Fahne der NPD gab es Spiele, kostenlose Verpflegung und Getr\u00e4nke. Das Ziel ist klar: Nachwuchs f\u00fcr die Partei. So sagte einmal ein f\u00fchrendes Mitglied der NPD &#8222;das wir mit unserem Weltbild einstehen &#8211; f\u00fcr eine kindgerechte Erziehung&#8220;. Mit von der Partie, diesmal der \u201eRing Nationaler Frauen\u201c kurz RNF, eine Unterorganisation der NPD. Erg\u00e4nzend zum Rassismus und Antisemitismus der Mutterpartei vertritt der RNF auch ausgesprochen sexistische und anti-feministische Positionen. M\u00e4nner und Frauen k\u00f6nnen nach Ansicht des RNF von Natur aus nicht die gleichen Aufgaben bew\u00e4ltigen und so haben sie sich den Kampf gegen das \u201eGender \u2013 Mainstreaming\u201c auf die rot-weiss-schwarzen Fahnen geschrieben. Ein Flugblatt auf der Homepage propagiert: \u201eGender \u2013 Mainstreaming \u2013 Ungleiches gleich zu behandeln ist ungerecht.\u201c So bleiben die Frauen in ihrer Rolle als Mutter und Helferin.<\/p>\n<p style=\"text-align: justify;\">Die Stadt sieht diesem Treiben zu und unternimmt nichts damit diese Veranstaltung nicht mehr stattfinden kann. Die Parteien der b\u00fcrgerlichen Mitte bekunden scheinbar wenig Interesse daf\u00fcr, sich offen gegen diese Zust\u00e4nde auszusprechen. Man kann sich tats\u00e4chlich fragen, ob man in der Stadtverwaltung vielleicht auf dem rechten Auge blind ist. In Hansest\u00e4dten wie Greifswald, L\u00fcbeck oder Hamburg w\u00fcrden solche Veranstaltungen am Widerstand der demokratischen Parteien scheitern, in Stralsund leider nicht. Selbst in der NPD Hochburg Anklam wurde ein Kinderfest der Neonazis, trotz Drohungen der Nazis, erfolgreich verboten. Die NPD verbreitet auf dieser Veranstaltung ihr v\u00f6lkisch rassistisches Weltbild, durch das letztlich diejenigen ausgegrenzt werden, die nicht \u201edeutschen Blutes\u201c seien und als \u201eVolkssch\u00e4dlinge\u201c nicht in das neonazistische Weltbild passen. Neonazikinderfeste geh\u00f6ren in unserer Hanse- und Welterbe &#8211; Stadt nicht ignoriert und schon gar nicht toleriert, sie m\u00fcssen genau wie alle anderen Aktivit\u00e4ten neonazistischer Organisationen verhindert werden.<\/p>\n<address>Quelle mit Kommentaren:<\/address>\n<address><a href=\"https:\/\/www.facebook.com\/HansestadtStralsund\/posts\/945025042181202\" target=\"_blank\">https:\/\/www.facebook.com\/HansestadtStralsund\/posts\/945025042181202<\/a><\/address>\n<address>\u00a0<\/address>\n<h3><\/h3>\n<h3><strong>Antirassistische Jugendinitiative Stralsund: \u201eKein weiteres NPD-Fest in der Brunnenaue\u201c<\/strong><\/h3>\n<p style=\"text-align: justify;\">Nachdem schon in den letzten Jahren, teils unter Protest von nichtrechten B\u00fcrgern und B\u00fcrgerinnen, die NPD einmal j\u00e4hrlich ein Fest in der Brunnenaue veranstaltete, fand am Sonntag, dem 07.09.2014, ein weiteres \u201eKinderfest\u201c des Kreisverbandes der NPD in Stralsund statt. Seit 13 Jahren organisieren gewaltbereite Neonazis ein \u201eKinderfest\u201c mit Rechtsrock und rassistischer Propaganda in Mitten der Hansestadt, ohne dass die Stadt Stralsund dies unterbindet oder ein Alternativprogramm f\u00fcr Familien zur Verf\u00fcgung stellt. Neonazis nisten sich in einer CDU- dominierten Touristenstadt ein und d\u00fcrfen sich ein familienfreundliches Image verschaffen, mit Hilfe des Desinteresses der Politik und der Zivilgesellschaft.<\/p>\n<p style=\"text-align: justify;\">Was ist das Problem an diesem Fest und warum sollte es nicht besucht werden? Die nationalistische Partei NPD versucht seit Jahren in Regionen wie Mecklenburg-Vorpommern ihre menschenfeindliche Ideologie durch solche Veranstaltungen zu verbreiten. Es geht hierbei lediglich um die Verbreitung ihres verschr\u00e4nkten Weltbildes und nicht um die Kinder die dieses Angebot nutzen. Die Kinder werden als Schutzschild missbraucht, um ein Image der K\u00fcmmerer zu konstruieren und sich menschenfreundlich zu pr\u00e4sentieren. Am Beispiel von NPD Stadtvertreter und Mitorganisator Dirk Arendt zeigt sich, dass selbst ein sch\u00fcchtern wirkender Familienvater menschenverachtende Politik mit Gewalt durchsetzen will. Arendt fiel bereits mehrfach durch Drohungen oder Angriffe auf nicht rechte Jugendliche auf. Beispielweise wurden mit seiner Beteiligung 2011 G\u00e4ste eines linkes Rockkonzertes von circa 20 Neonazis angegriffen.<\/p>\n<p style=\"text-align: justify;\"><strong>Ein Auszug<\/strong> <strong>aus einem Bericht hierzu:<\/strong>\u201eNachdem die Sp\u00e4her der Rechten im Bahnhofsgeb\u00e4ude Alarm geschlagen hatten, eilten 15-20 Nazis zum Bahnhof. Dort griffen sie unverz\u00fcglich wartende Antifaschisten an. Federf\u00fchrend und als Einziger unvermummt trat dabei das B\u00fcrgerschaftsmitglied der NPD Dirk Arendt auf. Nach dem \u00dcbergriff zogen sich die Nazis wieder in das B\u00fcrgerb\u00fcro des Landtagsabgeordneten Raimund Borrmann zur\u00fcck, dessen Wahlkreismitarbeiter wiederum der langj\u00e4hrige Parteisoldat Arendt ist.\u201c(Quelle: <a href=\"http:\/\/de.indymedia.org\/2011\/04\/304021.shtml?c=on#c708851\" target=\"_blank\">http:\/\/de.indymedia.org\/2011\/04\/304021.shtml?c=on#c708851<\/a>)<\/p>\n<p style=\"text-align: justify;\">Nach eigenen Ver\u00f6ffentlichungen best\u00e4tigen Arendt und seine Parteileute solche Angriffe und br\u00fcsten sich stolz mit Gewalttaten gegen Jugendliche und Andersdenkende.<\/p>\n<p style=\"text-align: justify;\"><strong>Regelm\u00e4\u00dfig kommt es zu \u00dcbergriffen und Sachbesch\u00e4digungen: <\/strong>\u201eNeubrandenburg (ots) &#8211; In der Nacht vom 16.07.2014 zum 17.07.2014 haben unbekannte T\u00e4ter die Fensterscheiben vom Wahlkreisb\u00fcro \u0301Die Linke \u0301 in Stralsund mit Steinen eingeworfen. (<a href=\"http:\/\/www.polizei.mvnet.de\/cms2\/Polizei_prod\/Polizei\/de\/oeff\/Pressemitteilungen\/Aktuelle_Presse%20 mitteilungen\/index.jsp?&amp;pid=78927\" target=\"_blank\">Quelle: http:\/\/www.polizei.mvnet.de\/cms2\/Polizei_prod\/Polizei\/de\/oeff\/Pressemitteilungen\/Aktuelle_Pressemitteilungen\/index.jsp?&amp;pid=78927<\/a>)<\/p>\n<p style=\"text-align: justify;\">\u201eDass dieses \u201eKinderfest\u201c Jahr f\u00fcr Jahr in der Brunnenaue stattfindet, ist eine Schmach f\u00fcr eine weltoffene Stadt mit Kulturerbe, wie Stralsund es gerne ist. Dieses Fest ist kein Ort f\u00fcr Kinder und diese Stadt ist kein Ort f\u00fcr dieses Fest\u201c sagt Niklas Wiemann von der antirassistischen Initiative. \u201eBleib nur fraglich wann die etablierten Stadtvertreter die Courage haben, das zu thematisieren und rassistischen Kinderfesten ein Ende zu bereiten.\u201c<\/p>\n","protected":false},"excerpt":{"rendered":"<p>&#8222;Es fand schon wieder statt, schon zum dreizehnten Mal. Das sogenannte &#8222;Kinderfest&#8220; der Neonazitruppe NPD. Das in einem der sch\u00f6nsten Stadtparks Stralsund, mit Genehmigung der Landkreises und der Stadt. Ordner der NPD patrouillieren bereits seit Freitag durch die Brunnenaue, sie beobachten Eltern die abseits auf dem nahen Spielplatz mit ihren Kindern spielten, es k\u00f6nnte ja &hellip; <a href=\"http:\/\/www.rockgegenrechts.com\/?p=2177\" class=\"more-link\"><span class=\"screen-reader-text\">Gastbeitr\u00e4ge: Nazi Kinderfest in Stralsund<\/span> weiterlesen<\/a><\/p>\n","protected":false},"author":1,"featured_media":0,"comment_status":"closed","ping_status":"closed","sticky":false,"template":"","format":"standard","meta":{"jetpack_post_was_ever_published":false,"_jetpack_newsletter_access":"","_jetpack_dont_email_post_to_subs":false,"_jetpack_newsletter_tier_id":0,"_jetpack_memberships_contains_paywalled_content":false,"_jetpack_memberships_contains_paid_content":false,"footnotes":"","jetpack_publicize_message":"","jetpack_publicize_feature_enabled":true,"jetpack_social_post_already_shared":false,"jetpack_social_options":{"image_generator_settings":{"template":"highway","enabled":false},"version":2}},"categories":[1],"tags":[],"class_list":["post-2177","post","type-post","status-publish","format-standard","hentry","category-allgemein"],"jetpack_publicize_connections":[],"jetpack_featured_media_url":"","jetpack_shortlink":"https:\/\/wp.me\/p63KIm-z7","jetpack_sharing_enabled":true,"_links":{"self":[{"href":"http:\/\/www.rockgegenrechts.com\/index.php?rest_route=\/wp\/v2\/posts\/2177"}],"collection":[{"href":"http:\/\/www.rockgegenrechts.com\/index.php?rest_route=\/wp\/v2\/posts"}],"about":[{"href":"http:\/\/www.rockgegenrechts.com\/index.php?rest_route=\/wp\/v2\/types\/post"}],"author":[{"embeddable":true,"href":"http:\/\/www.rockgegenrechts.com\/index.php?rest_route=\/wp\/v2\/users\/1"}],"replies":[{"embeddable":true,"href":"http:\/\/www.rockgegenrechts.com\/index.php?rest_route=%2Fwp%2Fv2%2Fcomments&post=2177"}],"version-history":[{"count":5,"href":"http:\/\/www.rockgegenrechts.com\/index.php?rest_route=\/wp\/v2\/posts\/2177\/revisions"}],"predecessor-version":[{"id":2190,"href":"http:\/\/www.rockgegenrechts.com\/index.php?rest_route=\/wp\/v2\/posts\/2177\/revisions\/2190"}],"wp:attachment":[{"href":"http:\/\/www.rockgegenrechts.com\/index.php?rest_route=%2Fwp%2Fv2%2Fmedia&parent=2177"}],"wp:term":[{"taxonomy":"category","embeddable":true,"href":"http:\/\/www.rockgegenrechts.com\/index.php?rest_route=%2Fwp%2Fv2%2Fcategories&post=2177"},{"taxonomy":"post_tag","embeddable":true,"href":"http:\/\/www.rockgegenrechts.com\/index.php?rest_route=%2Fwp%2Fv2%2Ftags&post=2177"}],"curies":[{"name":"wp","href":"https:\/\/api.w.org\/{rel}","templated":true}]}}