{"id":2183,"date":"2014-09-08T20:23:26","date_gmt":"2014-09-08T20:23:26","guid":{"rendered":"http:\/\/www.rockgegenrechts.com\/?p=2183"},"modified":"2014-12-24T10:02:41","modified_gmt":"2014-12-24T10:02:41","slug":"filmabend-welcome-schicksale-von-refugees-stehen-im-mittelpunkt","status":"publish","type":"post","link":"http:\/\/www.rockgegenrechts.com\/?p=2183","title":{"rendered":"Filmabend &#8222;Welcome&#8220;:  Schicksale von refugees stehen im Mittelpunkt"},"content":{"rendered":"<p style=\"text-align: justify;\"><img loading=\"lazy\" decoding=\"async\" class=\"alignleft  wp-image-2184\" src=\"http:\/\/rockgegenrechts.square7.ch\/wp-content\/uploads\/2014\/09\/bild1-281x300.jpg\" alt=\"bild1\" width=\"251\" height=\"268\" srcset=\"https:\/\/rockgegenrechts.bplaced.net\/wp-content\/uploads\/2014\/09\/bild1-281x300.jpg 281w, https:\/\/rockgegenrechts.bplaced.net\/wp-content\/uploads\/2014\/09\/bild1.jpg 318w\" sizes=\"(max-width: 251px) 100vw, 251px\" \/>Am 4.9.14 wurde in der Kulturkirche St. Jakobi im Rahmen der Aktionstage gegen Rechts, der Film \u201eWelcome\u201c gezeigt. Im gut gef\u00fcllten Gustav-Adolf-Saal herrschte 1,5 Stunden lang bedr\u00fccktes Schweigen. Ein Film, der die Anwesenden deutlich f\u00fchlbar ber\u00fchrte. So war es denn auch kein Wunder, dass nach der Filmvorf\u00fchrung der eine oder andere lieber mit seinen Gedanken allein sein wollte und nicht mit diskutieren wollte.<\/p>\n<p style=\"text-align: justify;\">\n<p style=\"text-align: justify;\">\n<p style=\"text-align: justify;\"><!--more-->Trotzdem gab es einige, die ihre Meinung sagen wollten und die vor allem die Situation von Fl\u00fcchtlingen in Deutschland und Frankreich vergleichen wollten. Hartmut Gutsche (Regionalzentrum f\u00fcr demokratische Kultur) und Dr. Sabine Koppe (Kreisvolkshochschule) standen als Gespr\u00e4chspartner zur Verf\u00fcgung. <img loading=\"lazy\" decoding=\"async\" class=\"alignright size-thumbnail wp-image-2172\" src=\"http:\/\/rockgegenrechts.square7.ch\/wp-content\/uploads\/2014\/09\/10668121_704569409630843_349179012_n-150x150.jpg\" alt=\"10668121_704569409630843_349179012_n\" width=\"150\" height=\"150\" \/><\/p>\n<p style=\"text-align: justify;\">Die Fragen der meisten Zuh\u00f6ren drehten sich vor allem darum, wie man Fl\u00fcchtlingsdramen vermeiden kann, wie man vor Ort die Situation der Menschen verbessern kann. Aber auch die Frage, wie leben denn Fl\u00fcchtlinge bei uns? Wird ihnen geholfen, d\u00fcrfen sie arbeiten und vieles andere mehr. Insgesamt ein sehr nachdenklich machender Abend, der unter die Haut ging.<\/p>\n","protected":false},"excerpt":{"rendered":"<p>Am 4.9.14 wurde in der Kulturkirche St. Jakobi im Rahmen der Aktionstage gegen Rechts, der Film \u201eWelcome\u201c gezeigt. Im gut gef\u00fcllten Gustav-Adolf-Saal herrschte 1,5 Stunden lang bedr\u00fccktes Schweigen. Ein Film, der die Anwesenden deutlich f\u00fchlbar ber\u00fchrte. So war es denn auch kein Wunder, dass nach der Filmvorf\u00fchrung der eine oder andere lieber mit seinen Gedanken &hellip; <a href=\"http:\/\/www.rockgegenrechts.com\/?p=2183\" class=\"more-link\"><span class=\"screen-reader-text\">Filmabend &#8222;Welcome&#8220;:  Schicksale von refugees stehen im Mittelpunkt<\/span> weiterlesen<\/a><\/p>\n","protected":false},"author":1,"featured_media":0,"comment_status":"closed","ping_status":"closed","sticky":false,"template":"","format":"standard","meta":{"jetpack_post_was_ever_published":false,"_jetpack_newsletter_access":"","_jetpack_dont_email_post_to_subs":false,"_jetpack_newsletter_tier_id":0,"_jetpack_memberships_contains_paywalled_content":false,"_jetpack_memberships_contains_paid_content":false,"footnotes":"","jetpack_publicize_message":"","jetpack_publicize_feature_enabled":true,"jetpack_social_post_already_shared":false,"jetpack_social_options":{"image_generator_settings":{"template":"highway","enabled":false},"version":2}},"categories":[67],"tags":[],"class_list":["post-2183","post","type-post","status-publish","format-standard","hentry","category-agr-2014"],"jetpack_publicize_connections":[],"jetpack_featured_media_url":"","jetpack_shortlink":"https:\/\/wp.me\/p63KIm-zd","jetpack_sharing_enabled":true,"_links":{"self":[{"href":"http:\/\/www.rockgegenrechts.com\/index.php?rest_route=\/wp\/v2\/posts\/2183"}],"collection":[{"href":"http:\/\/www.rockgegenrechts.com\/index.php?rest_route=\/wp\/v2\/posts"}],"about":[{"href":"http:\/\/www.rockgegenrechts.com\/index.php?rest_route=\/wp\/v2\/types\/post"}],"author":[{"embeddable":true,"href":"http:\/\/www.rockgegenrechts.com\/index.php?rest_route=\/wp\/v2\/users\/1"}],"replies":[{"embeddable":true,"href":"http:\/\/www.rockgegenrechts.com\/index.php?rest_route=%2Fwp%2Fv2%2Fcomments&post=2183"}],"version-history":[{"count":1,"href":"http:\/\/www.rockgegenrechts.com\/index.php?rest_route=\/wp\/v2\/posts\/2183\/revisions"}],"predecessor-version":[{"id":2185,"href":"http:\/\/www.rockgegenrechts.com\/index.php?rest_route=\/wp\/v2\/posts\/2183\/revisions\/2185"}],"wp:attachment":[{"href":"http:\/\/www.rockgegenrechts.com\/index.php?rest_route=%2Fwp%2Fv2%2Fmedia&parent=2183"}],"wp:term":[{"taxonomy":"category","embeddable":true,"href":"http:\/\/www.rockgegenrechts.com\/index.php?rest_route=%2Fwp%2Fv2%2Fcategories&post=2183"},{"taxonomy":"post_tag","embeddable":true,"href":"http:\/\/www.rockgegenrechts.com\/index.php?rest_route=%2Fwp%2Fv2%2Ftags&post=2183"}],"curies":[{"name":"wp","href":"https:\/\/api.w.org\/{rel}","templated":true}]}}