{"id":2205,"date":"2014-09-24T15:29:32","date_gmt":"2014-09-24T15:29:32","guid":{"rendered":"http:\/\/www.rockgegenrechts.com\/?p=2205"},"modified":"2014-09-24T15:30:31","modified_gmt":"2014-09-24T15:30:31","slug":"informationen-zum-konzert","status":"publish","type":"post","link":"http:\/\/www.rockgegenrechts.com\/?p=2205","title":{"rendered":"Informationen zum Konzert"},"content":{"rendered":"<p style=\"text-align: justify;\"><img loading=\"lazy\" decoding=\"async\" class=\"alignleft  wp-image-2111\" src=\"http:\/\/rockgegenrechts.square7.ch\/wp-content\/uploads\/2011\/05\/JW-18.09..jpg\" alt=\"JW 18.09.\" width=\"215\" height=\"320\" srcset=\"https:\/\/rockgegenrechts.bplaced.net\/wp-content\/uploads\/2011\/05\/JW-18.09..jpg 254w, https:\/\/rockgegenrechts.bplaced.net\/wp-content\/uploads\/2011\/05\/JW-18.09.-201x300.jpg 201w\" sizes=\"(max-width: 215px) 100vw, 215px\" \/>Liebe Konzertbesucher_innen,<\/p>\n<p style=\"text-align: justify;\">Wir bedauern sehr euch mitteilen zu m\u00fcssen, dass Egotronic das Konzert am Samstag aus gesundheitlichen Gr\u00fcnden nicht spielen kann. Bei Krankheit reicht der beste Wille numal leider nicht aus. Wir w\u00fcnschen gute Besserung!<\/p>\n<p style=\"text-align: justify;\">Das es in so kurzer Zeit nur sehr schwer ist eine vergleichbar erfahrene Band zu buchen, haben wir uns dazu entschlossen, den &#8222;Nachwuchs&#8220; wieder mit einzubeziehen. Wir freuen uns sehr das The Flexfitz am Samstag mit auf der B\u00fchne stehen werden.<\/p>\n<p style=\"text-align: justify;\">Ab jetzt ist der VVK beendet und reservationen sind jetzt auch nicht mehr m\u00f6glich. Wir freuen uns auf euch, an der Abendkasse gibt es noch ein gro\u00dfes kontigent an Ticktes! Seid p\u00fcnktlich! Wir sehen uns am Samstag!<\/p>\n<p style=\"text-align: justify;\">++ Grenzenlose Solidarit\u00e4t &#8211; Refugees Welcome ++<\/p>\n<p style=\"text-align: justify;\">eure RgR-Crew<\/p>\n","protected":false},"excerpt":{"rendered":"<p>Liebe Konzertbesucher_innen, Wir bedauern sehr euch mitteilen zu m\u00fcssen, dass Egotronic das Konzert am Samstag aus gesundheitlichen Gr\u00fcnden nicht spielen kann. Bei Krankheit reicht der beste Wille numal leider nicht aus. Wir w\u00fcnschen gute Besserung! Das es in so kurzer Zeit nur sehr schwer ist eine vergleichbar erfahrene Band zu buchen, haben wir uns dazu &hellip; <a href=\"http:\/\/www.rockgegenrechts.com\/?p=2205\" class=\"more-link\"><span class=\"screen-reader-text\">Informationen zum Konzert<\/span> weiterlesen<\/a><\/p>\n","protected":false},"author":1,"featured_media":0,"comment_status":"closed","ping_status":"closed","sticky":false,"template":"","format":"standard","meta":{"jetpack_post_was_ever_published":false,"_jetpack_newsletter_access":"","_jetpack_dont_email_post_to_subs":false,"_jetpack_newsletter_tier_id":0,"_jetpack_memberships_contains_paywalled_content":false,"_jetpack_memberships_contains_paid_content":false,"footnotes":"","jetpack_publicize_message":"","jetpack_publicize_feature_enabled":true,"jetpack_social_post_already_shared":false,"jetpack_social_options":{"image_generator_settings":{"template":"highway","enabled":false},"version":2}},"categories":[67],"tags":[],"class_list":["post-2205","post","type-post","status-publish","format-standard","hentry","category-agr-2014"],"jetpack_publicize_connections":[],"jetpack_featured_media_url":"","jetpack_shortlink":"https:\/\/wp.me\/p63KIm-zz","jetpack_sharing_enabled":true,"_links":{"self":[{"href":"http:\/\/www.rockgegenrechts.com\/index.php?rest_route=\/wp\/v2\/posts\/2205"}],"collection":[{"href":"http:\/\/www.rockgegenrechts.com\/index.php?rest_route=\/wp\/v2\/posts"}],"about":[{"href":"http:\/\/www.rockgegenrechts.com\/index.php?rest_route=\/wp\/v2\/types\/post"}],"author":[{"embeddable":true,"href":"http:\/\/www.rockgegenrechts.com\/index.php?rest_route=\/wp\/v2\/users\/1"}],"replies":[{"embeddable":true,"href":"http:\/\/www.rockgegenrechts.com\/index.php?rest_route=%2Fwp%2Fv2%2Fcomments&post=2205"}],"version-history":[{"count":2,"href":"http:\/\/www.rockgegenrechts.com\/index.php?rest_route=\/wp\/v2\/posts\/2205\/revisions"}],"predecessor-version":[{"id":2207,"href":"http:\/\/www.rockgegenrechts.com\/index.php?rest_route=\/wp\/v2\/posts\/2205\/revisions\/2207"}],"wp:attachment":[{"href":"http:\/\/www.rockgegenrechts.com\/index.php?rest_route=%2Fwp%2Fv2%2Fmedia&parent=2205"}],"wp:term":[{"taxonomy":"category","embeddable":true,"href":"http:\/\/www.rockgegenrechts.com\/index.php?rest_route=%2Fwp%2Fv2%2Fcategories&post=2205"},{"taxonomy":"post_tag","embeddable":true,"href":"http:\/\/www.rockgegenrechts.com\/index.php?rest_route=%2Fwp%2Fv2%2Ftags&post=2205"}],"curies":[{"name":"wp","href":"https:\/\/api.w.org\/{rel}","templated":true}]}}