{"id":2300,"date":"2014-10-14T13:58:20","date_gmt":"2014-10-14T13:58:20","guid":{"rendered":"http:\/\/www.rockgegenrechts.com\/?p=2300"},"modified":"2014-10-14T13:58:20","modified_gmt":"2014-10-14T13:58:20","slug":"landtag-beraet-kennzeichnungspflicht-fuer-polizistinnen","status":"publish","type":"post","link":"http:\/\/www.rockgegenrechts.com\/?p=2300","title":{"rendered":"Landtag ber\u00e4t: Kennzeichnungspflicht f\u00fcr PolizistInnen"},"content":{"rendered":"<p style=\"text-align: justify;\"><a href=\"http:\/\/rockgegenrechts.square7.ch\/wp-content\/uploads\/2014\/10\/111014_Stralsund_Foto-SK_8-300x200.jpg\"><img loading=\"lazy\" decoding=\"async\" class=\"alignleft  wp-image-2298\" src=\"http:\/\/rockgegenrechts.square7.ch\/wp-content\/uploads\/2014\/10\/111014_Stralsund_Foto-SK_8-300x200.jpg\" alt=\"111014_Stralsund_Foto-SK_8-300x200\" width=\"224\" height=\"149\" \/><\/a>Am Donnerstag, den 16.10.2014, wird es im Landtag eine Debatte zum Thema Kennzeichnungspflicht f\u00fcr Polizeibeamte geben.<br \/>\nAuch im Nachgang zu den Geschehnissen vom Wochenende ist dies f\u00fcr viele sicherlich interessant. Die Fraktion B\u00fcndnis 90\/DIE GR\u00dcNEN hat den\u00a0<a href=\"http:\/\/rockgegenrechts.square7.ch\/wp-content\/uploads\/2014\/10\/Antrag-B90_GR\u00dcNE-Pr\u00fcfung-Kennzeichnungspflicht-Polizeibeamte.pdf\" target=\"_blank\"><strong> Antrag (download)<\/strong><\/a> zur Pr\u00fcfung der Umsetzbarkeit der Kennzeichnungspflicht eingebracht. Die Begr\u00fcndung ist sehr lesenswert, da sie nochmal auf Rahmenbedingungen und Urteile in Bezug auf Menschenrechte und die fehlende Verfolgungsm\u00f6glichkeit von Fehlverhalten eingeht. Voraussichtlich wird das Thema am Donnerstag, den 16.10.2014, ab ca. 11:30 Uhr im Landtag beraten.<\/p>\n<p>Unter diesem Link ist die Debatte als Live-Stream verf\u00fcgbar:<br \/>\n<a href=\"http:\/\/www.landtag-mv.de\/aktuelles\/landtag-live.html\" target=\"_blank\">http:\/\/www.landtag-mv.de\/aktuelles\/landtag-live.html<\/a><\/p>\n","protected":false},"excerpt":{"rendered":"<p>Am Donnerstag, den 16.10.2014, wird es im Landtag eine Debatte zum Thema Kennzeichnungspflicht f\u00fcr Polizeibeamte geben. Auch im Nachgang zu den Geschehnissen vom Wochenende ist dies f\u00fcr viele sicherlich interessant. Die Fraktion B\u00fcndnis 90\/DIE GR\u00dcNEN hat den\u00a0 Antrag (download) zur Pr\u00fcfung der Umsetzbarkeit der Kennzeichnungspflicht eingebracht. Die Begr\u00fcndung ist sehr lesenswert, da sie nochmal auf &hellip; <a href=\"http:\/\/www.rockgegenrechts.com\/?p=2300\" class=\"more-link\"><span class=\"screen-reader-text\">Landtag ber\u00e4t: Kennzeichnungspflicht f\u00fcr PolizistInnen<\/span> weiterlesen<\/a><\/p>\n","protected":false},"author":1,"featured_media":0,"comment_status":"closed","ping_status":"closed","sticky":false,"template":"","format":"standard","meta":{"jetpack_post_was_ever_published":false,"_jetpack_newsletter_access":"","_jetpack_dont_email_post_to_subs":false,"_jetpack_newsletter_tier_id":0,"_jetpack_memberships_contains_paywalled_content":false,"_jetpack_memberships_contains_paid_content":false,"footnotes":"","jetpack_publicize_message":"","jetpack_publicize_feature_enabled":true,"jetpack_social_post_already_shared":false,"jetpack_social_options":{"image_generator_settings":{"template":"highway","enabled":false},"version":2}},"categories":[68],"tags":[],"class_list":["post-2300","post","type-post","status-publish","format-standard","hentry","category-stralsund-nazifrei"],"jetpack_publicize_connections":[],"jetpack_featured_media_url":"","jetpack_shortlink":"https:\/\/wp.me\/p63KIm-B6","jetpack_sharing_enabled":true,"_links":{"self":[{"href":"http:\/\/www.rockgegenrechts.com\/index.php?rest_route=\/wp\/v2\/posts\/2300"}],"collection":[{"href":"http:\/\/www.rockgegenrechts.com\/index.php?rest_route=\/wp\/v2\/posts"}],"about":[{"href":"http:\/\/www.rockgegenrechts.com\/index.php?rest_route=\/wp\/v2\/types\/post"}],"author":[{"embeddable":true,"href":"http:\/\/www.rockgegenrechts.com\/index.php?rest_route=\/wp\/v2\/users\/1"}],"replies":[{"embeddable":true,"href":"http:\/\/www.rockgegenrechts.com\/index.php?rest_route=%2Fwp%2Fv2%2Fcomments&post=2300"}],"version-history":[{"count":1,"href":"http:\/\/www.rockgegenrechts.com\/index.php?rest_route=\/wp\/v2\/posts\/2300\/revisions"}],"predecessor-version":[{"id":2302,"href":"http:\/\/www.rockgegenrechts.com\/index.php?rest_route=\/wp\/v2\/posts\/2300\/revisions\/2302"}],"wp:attachment":[{"href":"http:\/\/www.rockgegenrechts.com\/index.php?rest_route=%2Fwp%2Fv2%2Fmedia&parent=2300"}],"wp:term":[{"taxonomy":"category","embeddable":true,"href":"http:\/\/www.rockgegenrechts.com\/index.php?rest_route=%2Fwp%2Fv2%2Fcategories&post=2300"},{"taxonomy":"post_tag","embeddable":true,"href":"http:\/\/www.rockgegenrechts.com\/index.php?rest_route=%2Fwp%2Fv2%2Ftags&post=2300"}],"curies":[{"name":"wp","href":"https:\/\/api.w.org\/{rel}","templated":true}]}}