{"id":2317,"date":"2014-12-01T16:14:56","date_gmt":"2014-12-01T16:14:56","guid":{"rendered":"http:\/\/www.rockgegenrechts.com\/?p=2317"},"modified":"2014-12-24T12:39:51","modified_gmt":"2014-12-24T12:39:51","slug":"refugees-welcome-landesweite-demo-guestrow-6-12-2014","status":"publish","type":"post","link":"http:\/\/www.rockgegenrechts.com\/?p=2317","title":{"rendered":"Refugees welcome! Landesweite Demo G\u00fcstrow, 6.12.2014"},"content":{"rendered":"<p><a href=\"http:\/\/rockgegenrechts.square7.ch\/wp-content\/uploads\/2014\/12\/cropped-download1.jpg\"><img loading=\"lazy\" decoding=\"async\" class=\"alignleft size-medium wp-image-2318\" src=\"http:\/\/rockgegenrechts.square7.ch\/wp-content\/uploads\/2014\/12\/cropped-download1-300x59.jpg\" alt=\"cropped-download1\" width=\"300\" height=\"59\" srcset=\"https:\/\/rockgegenrechts.bplaced.net\/wp-content\/uploads\/2014\/12\/cropped-download1-300x59.jpg 300w, https:\/\/rockgegenrechts.bplaced.net\/wp-content\/uploads\/2014\/12\/cropped-download1.jpg 640w\" sizes=\"(max-width: 300px) 100vw, 300px\" \/><\/a><\/p>\n<p>&nbsp;<\/p>\n<p>&nbsp;<\/p>\n<p><strong>REFUGEES WELCOME! Asylrecht ist Menschenrecht!<\/strong><\/p>\n<p><strong>Aufruf zur landesweiten Demonstration in G\u00fcstrow<\/strong><br \/>\n<strong>6. Dezember 2014 \/\/ 13:00 Uhr \/\/ Hauptbahnhof<\/strong><\/p>\n<p style=\"text-align: justify;\">Der Ratschlag der B\u00fcndnisse Mecklenburg-Vorpommern* ruft f\u00fcr den 6. Dezember zur landesweiten Demonstration in G\u00fcstrow auf:<br \/>\n\u201eRefugees welcome! Asylrecht ist Menschenrecht!\u201c<\/p>\n<p style=\"text-align: justify;\">Seit nunmehr zwei Jahren mobilisieren Nazis in Mecklenburg-Vorpommern gezielt gegen Fl\u00fcchtlinge und verbreiten rassistische Vorurteile und Ger\u00fcchte. So versuchen Nazis zur Zeit beispielsweise in G\u00fcstrow, gegen die k\u00fcnftige Fl\u00fcchtlingsunterkunft in der S\u00fcdstadt Stimmung zu machen. <!--more--><\/p>\n<p style=\"text-align: justify;\">Unter dem Deckmantel einer vermeintlichen B\u00fcrgerinitiative versuchten sie bisher auf Facebook, mit regelm\u00e4\u00dfigen Infost\u00e4nden und einem Fackelmarsch auch Menschen zu erreichen, die sich selbst nicht im neonazistischen Spektrum verorten. Der Hetze folgen Taten \u2013 Asylsuchende werden regelm\u00e4\u00dfig auf der Stra\u00dfe bedroht und rassistisch beleidigt.<\/p>\n<p style=\"text-align: justify;\">Immer h\u00e4ufiger kommt es zu Angriffen auf Fl\u00fcchtlinge wie k\u00fcrzlich in Anklam, Schwerin oder Gro\u00df L\u00fcsewitz.<\/p>\n<p style=\"text-align: justify;\">Gleichzeitig gibt es in G\u00fcstrow und vielen anderen Orten Unterst\u00fctzungskreise, die in gro\u00dfem Ma\u00dfe zum Willkommen der Fl\u00fcchtlinge beitragen. Es gibt ehrenamtlich organisierte Sprachkurse, Menschen, die Fl\u00fcchtlinge bei G\u00e4ngen zu \u00c4mtern oder Beh\u00f6rden begleiten oder gemeinsam Freizeit verbringen. Es gibt viele Menschen, die der Propaganda der Nazis in ihrem praktischen Handeln etwas entgegen setzen.<\/p>\n<p style=\"text-align: justify;\">Gemeinsam mit ihnen und allen demokratischen Kr\u00e4ften setzen wir uns f\u00fcr eine solidarische Gesellschaft ein, in der Minderheitenrechte geachtet werden. Gemeinsam treten wir ein f\u00fcr eine Gesellschaft, die gepr\u00e4gt ist von Vielfalt und Respekt. Wir sind betroffen und w\u00fctend dar\u00fcber, dass Menschen, die in Deutschland Schutz suchen, mitten unter uns Bedrohungen, Diskriminierung und Gewalt ausgesetzt sind. Deshalb rufen wir dazu auf, am 6. Dezember ein klares und \u00f6ffentliches Zeichen gegen rassistische Propaganda und Gewalt zu setzen. Wir sagen klar:<br \/>\n\u201eRefugees welcome! Asylrecht ist Menschenrecht!\u201c<\/p>\n<p style=\"text-align: justify;\">Wir fordern, dass \u2026<br \/>\n\u2026 Fl\u00fcchtlinge selbstbestimmt entscheiden k\u00f6nnen, wo und wie sie leben m\u00f6chten!<br \/>\n\u2026 sich Gesellschaft, Verwaltung und Politik f\u00fcr Fl\u00fcchtlinge \u00f6ffnen, konsequent f\u00fcr eine solidarische Willkommens- und Anerkennungskultur einsetzen und gen\u00fcgend \u00f6ffentliche Mittel daf\u00fcr zur Verf\u00fcgung stehen!<br \/>\n\u2026 sich alle klar gegen Rassismus positionieren und sich \u00f6ffentlich mit den Betroffenen rassistischer Gewalt solidarisieren!<\/p>\n<p style=\"text-align: justify;\">Lasst uns gemeinsam am 6. Dezember f\u00fcr menschenw\u00fcrdige Lebensbedingungen von Fl\u00fcchtlingen, eine solidarische Willkommenskultur und gegen jede Form von Rassismus demonstrieren!<\/p>\n<p style=\"text-align: justify;\">*Der Ratschlag der B\u00fcndnisse MV ist der Zusammenschluss von Initiativen, B\u00fcndnissen und Organisationen, die sich in MV f\u00fcr demokratische Kultur und gegen Rechtsextremismus engagieren.<\/p>\n","protected":false},"excerpt":{"rendered":"<p>&nbsp; &nbsp; REFUGEES WELCOME! Asylrecht ist Menschenrecht! Aufruf zur landesweiten Demonstration in G\u00fcstrow 6. Dezember 2014 \/\/ 13:00 Uhr \/\/ Hauptbahnhof Der Ratschlag der B\u00fcndnisse Mecklenburg-Vorpommern* ruft f\u00fcr den 6. Dezember zur landesweiten Demonstration in G\u00fcstrow auf: \u201eRefugees welcome! Asylrecht ist Menschenrecht!\u201c Seit nunmehr zwei Jahren mobilisieren Nazis in Mecklenburg-Vorpommern gezielt gegen Fl\u00fcchtlinge und verbreiten &hellip; <a href=\"http:\/\/www.rockgegenrechts.com\/?p=2317\" class=\"more-link\"><span class=\"screen-reader-text\">Refugees welcome! Landesweite Demo G\u00fcstrow, 6.12.2014<\/span> weiterlesen<\/a><\/p>\n","protected":false},"author":1,"featured_media":0,"comment_status":"closed","ping_status":"closed","sticky":false,"template":"","format":"gallery","meta":{"jetpack_post_was_ever_published":false,"_jetpack_newsletter_access":"","_jetpack_dont_email_post_to_subs":false,"_jetpack_newsletter_tier_id":0,"_jetpack_memberships_contains_paywalled_content":false,"_jetpack_memberships_contains_paid_content":false,"footnotes":"","jetpack_publicize_message":"","jetpack_publicize_feature_enabled":true,"jetpack_social_post_already_shared":false,"jetpack_social_options":{"image_generator_settings":{"template":"highway","enabled":false},"version":2}},"categories":[69],"tags":[],"class_list":["post-2317","post","type-post","status-publish","format-gallery","hentry","category-flucht-und-asyl","post_format-post-format-gallery"],"jetpack_publicize_connections":[],"jetpack_featured_media_url":"","jetpack_shortlink":"https:\/\/wp.me\/p63KIm-Bn","jetpack_sharing_enabled":true,"_links":{"self":[{"href":"http:\/\/www.rockgegenrechts.com\/index.php?rest_route=\/wp\/v2\/posts\/2317"}],"collection":[{"href":"http:\/\/www.rockgegenrechts.com\/index.php?rest_route=\/wp\/v2\/posts"}],"about":[{"href":"http:\/\/www.rockgegenrechts.com\/index.php?rest_route=\/wp\/v2\/types\/post"}],"author":[{"embeddable":true,"href":"http:\/\/www.rockgegenrechts.com\/index.php?rest_route=\/wp\/v2\/users\/1"}],"replies":[{"embeddable":true,"href":"http:\/\/www.rockgegenrechts.com\/index.php?rest_route=%2Fwp%2Fv2%2Fcomments&post=2317"}],"version-history":[{"count":4,"href":"http:\/\/www.rockgegenrechts.com\/index.php?rest_route=\/wp\/v2\/posts\/2317\/revisions"}],"predecessor-version":[{"id":2403,"href":"http:\/\/www.rockgegenrechts.com\/index.php?rest_route=\/wp\/v2\/posts\/2317\/revisions\/2403"}],"wp:attachment":[{"href":"http:\/\/www.rockgegenrechts.com\/index.php?rest_route=%2Fwp%2Fv2%2Fmedia&parent=2317"}],"wp:term":[{"taxonomy":"category","embeddable":true,"href":"http:\/\/www.rockgegenrechts.com\/index.php?rest_route=%2Fwp%2Fv2%2Fcategories&post=2317"},{"taxonomy":"post_tag","embeddable":true,"href":"http:\/\/www.rockgegenrechts.com\/index.php?rest_route=%2Fwp%2Fv2%2Ftags&post=2317"}],"curies":[{"name":"wp","href":"https:\/\/api.w.org\/{rel}","templated":true}]}}