{"id":2650,"date":"2015-01-27T09:37:05","date_gmt":"2015-01-27T09:37:05","guid":{"rendered":"http:\/\/www.rockgegenrechts.com\/?p=2650"},"modified":"2015-01-27T20:49:28","modified_gmt":"2015-01-27T20:49:28","slug":"neumitmachen-contest-sticker-gegen-rechts-2015","status":"publish","type":"post","link":"http:\/\/www.rockgegenrechts.com\/?p=2650","title":{"rendered":"Neu&#038;mitmachen : contest &#8222;Sticker gegen Rechts 2015&#8220;"},"content":{"rendered":"<p style=\"text-align: justify;\"><a href=\"http:\/\/rockgegenrechts.square7.ch\/wp-content\/uploads\/2015\/01\/robots_4_democracy.thumb_.jpg\"><img loading=\"lazy\" decoding=\"async\" class=\"alignleft size-full wp-image-2651\" src=\"http:\/\/rockgegenrechts.square7.ch\/wp-content\/uploads\/2015\/01\/robots_4_democracy.thumb_.jpg\" alt=\"robots_4_democracy.thumb\" width=\"168\" height=\"240\" \/><\/a><strong>In den vergangenen Jahren gab es von uns und von anderen Organisationen aus die M\u00f6glichkeit das eigene Aufklebermotiv einzureichen &#8211; mit der M\u00f6glichkeit das dieses ausgew\u00e4hllt und gedruckt wird. Nun gibt es wieder eine M\u00f6glichkeit. Ein Partner von Rock gegen Rechts Stralsund e.V. f\u00fchrt wieder einen Sticker Wettbewerb durch.<\/strong><\/p>\n<p>&nbsp;<\/p>\n<p>&nbsp;<\/p>\n<h4><strong>Aufruf:<\/strong><\/h4>\n<blockquote><p>Leider war es seit dem Bestehen des Wettbewerbs 2008 nie dringlicher, unseren Wettbewerb erneut zum 6ten mal ins Leben zu rufen.<br \/>\nDenn leider h\u00e4ufen sich die Ereignisse. Rassismus, offensichtliche Ausgrenzungen von Menschen und faschistoide Parolen sind allgegenw\u00e4rtig. Rassistische Gruppierungen, wie \u201ePegida\u201c und \u201eHogeSa\u201c nehmen zu und machen ihre polyphoben Standpunkte publik. Nicht blo\u00df in den Medien wird man zuhauf mit solch aggressivem und zugleich menschenverachtendem Verhalten konfrontiert, sondern auch in Alltagssituationen nehmen sie stetig zu. So ist es wichtig, sich klar zu positionieren und ein solch kategorisierendes Einordnen von Menschen nicht einfach nur hinzunehmen und zuzulassen, sondern mithilfe eines friedlichen, aber zugleich aussagekr\u00e4ftigen Protests \u00d6ffentlichkeit gegen die rechte Szene zu machen.<\/p>\n<p>Der Wettbewerb startet am 27.01.2015 und l\u00e4dt alle zum Mitmachen ein. Die Teilnahme ist kostenlos und jeder Teilnehmer oder Supporter bekommt anschlie\u00dfend die Gewinnersticker gratis zugesandt. Bis zum 24.02.2015 k\u00f6nnen die Motive hochgeladen und bewertet werden. Danach werden die drei Motive mit den besten Bewertungen als Gewinner ermittelt und die Kreativen dahinter erhalten jeweils einen Schwung ihrer eigenen Motive kostenlos zugesandt (Genaue Mengenangaben siehe Teilnahmebedingungen).<\/p>\n<p>Alle Teilnehmer und Supporter bekommen auf Wunsch 30 Exemplare vom Gewinnermotiv, 20 Mal das zweitplatzierte Motiv und 10 Aufkleber vom drittplatzierten Motiv kostenlos zugesandt.<\/p>\n<p>Warum eine Druckerei einen solchen Wettbewerb macht, wie die Gewinner ermittelt werden und alle weiteren Hinweise und Informationen zum Wettbewerb findet ihr in unseren Teilnahmebedingungen. Wir w\u00fcnschen euch viel Spa\u00df bei Sticker gegen Rechts 2014 und freuen uns auf eure zahlreichen kreativen Ideen.<\/p>\n<p><strong>Kurz:<\/strong><\/p>\n<p>27.01.2015 \u2013 24.02.2015<\/p>\n<p>Kreativer Wettbewerb gegen rechtspolitische Gedanken, Rassismus und Ausgrenzung<\/p>\n<p>60 Kostenlose Sticker f\u00fcr jeden Teilnehmer oder Supporter<\/p>\n<p><a href=\"http:\/\/www.innup.de\/Sticker-Gegen-Rechts_2015\" target=\"_blank\"><strong>Hier findet ihr die Teilnahmebedingungen und weitere Infos zum Wettbewerb!<\/strong><\/a><\/p><\/blockquote>\n","protected":false},"excerpt":{"rendered":"<p>In den vergangenen Jahren gab es von uns und von anderen Organisationen aus die M\u00f6glichkeit das eigene Aufklebermotiv einzureichen &#8211; mit der M\u00f6glichkeit das dieses ausgew\u00e4hllt und gedruckt wird. Nun gibt es wieder eine M\u00f6glichkeit. Ein Partner von Rock gegen Rechts Stralsund e.V. f\u00fchrt wieder einen Sticker Wettbewerb durch. &nbsp; &nbsp; Aufruf: Leider war es &hellip; <a href=\"http:\/\/www.rockgegenrechts.com\/?p=2650\" class=\"more-link\"><span class=\"screen-reader-text\">Neu&#038;mitmachen : contest &#8222;Sticker gegen Rechts 2015&#8220;<\/span> weiterlesen<\/a><\/p>\n","protected":false},"author":1,"featured_media":0,"comment_status":"closed","ping_status":"closed","sticky":false,"template":"","format":"image","meta":{"jetpack_post_was_ever_published":false,"_jetpack_newsletter_access":"","_jetpack_dont_email_post_to_subs":false,"_jetpack_newsletter_tier_id":0,"_jetpack_memberships_contains_paywalled_content":false,"_jetpack_memberships_contains_paid_content":false,"footnotes":"","jetpack_publicize_message":"","jetpack_publicize_feature_enabled":true,"jetpack_social_post_already_shared":false,"jetpack_social_options":{"image_generator_settings":{"template":"highway","enabled":false},"version":2}},"categories":[1],"tags":[],"class_list":["post-2650","post","type-post","status-publish","format-image","hentry","category-allgemein","post_format-post-format-image"],"jetpack_publicize_connections":[],"jetpack_featured_media_url":"","jetpack_shortlink":"https:\/\/wp.me\/p63KIm-GK","jetpack_sharing_enabled":true,"_links":{"self":[{"href":"http:\/\/www.rockgegenrechts.com\/index.php?rest_route=\/wp\/v2\/posts\/2650"}],"collection":[{"href":"http:\/\/www.rockgegenrechts.com\/index.php?rest_route=\/wp\/v2\/posts"}],"about":[{"href":"http:\/\/www.rockgegenrechts.com\/index.php?rest_route=\/wp\/v2\/types\/post"}],"author":[{"embeddable":true,"href":"http:\/\/www.rockgegenrechts.com\/index.php?rest_route=\/wp\/v2\/users\/1"}],"replies":[{"embeddable":true,"href":"http:\/\/www.rockgegenrechts.com\/index.php?rest_route=%2Fwp%2Fv2%2Fcomments&post=2650"}],"version-history":[{"count":3,"href":"http:\/\/www.rockgegenrechts.com\/index.php?rest_route=\/wp\/v2\/posts\/2650\/revisions"}],"predecessor-version":[{"id":2656,"href":"http:\/\/www.rockgegenrechts.com\/index.php?rest_route=\/wp\/v2\/posts\/2650\/revisions\/2656"}],"wp:attachment":[{"href":"http:\/\/www.rockgegenrechts.com\/index.php?rest_route=%2Fwp%2Fv2%2Fmedia&parent=2650"}],"wp:term":[{"taxonomy":"category","embeddable":true,"href":"http:\/\/www.rockgegenrechts.com\/index.php?rest_route=%2Fwp%2Fv2%2Fcategories&post=2650"},{"taxonomy":"post_tag","embeddable":true,"href":"http:\/\/www.rockgegenrechts.com\/index.php?rest_route=%2Fwp%2Fv2%2Ftags&post=2650"}],"curies":[{"name":"wp","href":"https:\/\/api.w.org\/{rel}","templated":true}]}}