{"id":2658,"date":"2015-01-28T08:02:59","date_gmt":"2015-01-28T08:02:59","guid":{"rendered":"http:\/\/www.rockgegenrechts.com\/?p=2658"},"modified":"2015-02-01T08:22:18","modified_gmt":"2015-02-01T08:22:18","slug":"ag-fluechtlingshilfe-ruft-auf-zur-mitarbeit","status":"publish","type":"post","link":"http:\/\/www.rockgegenrechts.com\/?p=2658","title":{"rendered":"02. Februar \u00f6ffentliches Treffen: AG Fl\u00fcchtlingshilfe ruft auf zur Mitarbeit!"},"content":{"rendered":"<p style=\"color: #000000; text-align: justify;\">Die AG Fl\u00fcchtlingshilfe, die ein Teil des Vereins \u201eRock gegen Rechts Stralsund e.V.\u201c ist, ruft dazu auf sich aktiv in der Arbeit mit Fl\u00fcchtlingen zu bet\u00e4tigen. Die Arbeitsgemeinschaft bietet f\u00fcr ehrenamtliche Mitarbeiter_innen eine gute Struktur und andere gute Voraussetzungen. \u201eEs finden sich nicht oft Menschen, die direkt mit Fl\u00fcchtlingen arbeiten bzw. andere Helfer_innen bei der Arbeit unterst\u00fctzen wollen. Daher w\u00fcrde sich die Arbeitsgemeinschaft \u00fcber Verst\u00e4rkung freuen\u201c, so Sprecher Jens Knoop (24, Auszubildender zum Erzieher).<\/p>\n<p style=\"color: #000000; text-align: justify;\">Die Aufgaben steigen mit der Zahl der gefl\u00fcchteten und um eine funktionierende Gesellschaft zu gew\u00e4hrleisten ist es n\u00f6tig auch ehrenamtlich T\u00e4tige vor Ort zu haben. Leider hat der Landkreis bisher den Betreuungsschl\u00fcssel nicht gesenkt. Somit best\u00e4tigt sich ein hoher Bedarf an ehrenamtlich T\u00e4tigen. Eine enge Kooperation mit Malteser findet statt.<\/p>\n<p style=\"color: #000000; text-align: justify;\">Am 02. Februar 2015 findet im Foyer des Stic-er Theaters (Frankenstra\u00dfe 61) um 17.00 Uhr f\u00fcr Interessent_innen eine \u00f6ffentliches Treffen statt, in der die Struktur vorgestellt wird, direkte M\u00f6glichkeiten zur Mitarbeit aufgezeigt werden und fragen k\u00f6nnen ebenfalls beantwortet werden.<\/p>\n<p style=\"color: #000000; text-align: justify;\">Mehr Infos zu Mitarbeit unter: <a href=\"agfluechtlingshilfe.rockgegenrechts.com%20\" target=\"_blank\">http:\/\/<span style=\"color: #000080;\"><span style=\"text-decoration: underline;\">agfluechtlingshilfe.rockgegenrechts.com<\/span><\/span><\/a>\u00a0| oder unter Tel. 01748171346<\/p>\n<p style=\"text-align: justify;\"><b>Ihr Ansprechpartner:<\/b><\/p>\n<p style=\"text-align: justify;\">Jens Knoop<\/p>\n<p style=\"text-align: justify;\">01748171346<\/p>\n<p><a href=\"https:\/\/3c.gmx.net\/mail\/client\/mail\/mailto;jsessionid=D223A661A657818A3378AF390C5D1DAD-n1.bs12a?to=presse%40rockgegenrechts.com\" target=\"_parent\">presse@rockgegenrechts.com<\/a><\/p>\n","protected":false},"excerpt":{"rendered":"<p>Die AG Fl\u00fcchtlingshilfe, die ein Teil des Vereins \u201eRock gegen Rechts Stralsund e.V.\u201c ist, ruft dazu auf sich aktiv in der Arbeit mit Fl\u00fcchtlingen zu bet\u00e4tigen. Die Arbeitsgemeinschaft bietet f\u00fcr ehrenamtliche Mitarbeiter_innen eine gute Struktur und andere gute Voraussetzungen. \u201eEs finden sich nicht oft Menschen, die direkt mit Fl\u00fcchtlingen arbeiten bzw. andere Helfer_innen bei der &hellip; <a href=\"http:\/\/www.rockgegenrechts.com\/?p=2658\" class=\"more-link\"><span class=\"screen-reader-text\">02. Februar \u00f6ffentliches Treffen: AG Fl\u00fcchtlingshilfe ruft auf zur Mitarbeit!<\/span> weiterlesen<\/a><\/p>\n","protected":false},"author":1,"featured_media":2355,"comment_status":"closed","ping_status":"closed","sticky":false,"template":"","format":"image","meta":{"jetpack_post_was_ever_published":false,"_jetpack_newsletter_access":"","_jetpack_dont_email_post_to_subs":false,"_jetpack_newsletter_tier_id":0,"_jetpack_memberships_contains_paywalled_content":false,"_jetpack_memberships_contains_paid_content":false,"footnotes":"","jetpack_publicize_message":"","jetpack_publicize_feature_enabled":true,"jetpack_social_post_already_shared":false,"jetpack_social_options":{"image_generator_settings":{"template":"highway","enabled":false},"version":2}},"categories":[69],"tags":[],"class_list":["post-2658","post","type-post","status-publish","format-image","has-post-thumbnail","hentry","category-flucht-und-asyl","post_format-post-format-image"],"jetpack_publicize_connections":[],"jetpack_featured_media_url":"https:\/\/rockgegenrechts.bplaced.net\/wp-content\/uploads\/2014\/12\/erefugees.png","jetpack_shortlink":"https:\/\/wp.me\/p63KIm-GS","jetpack_sharing_enabled":true,"_links":{"self":[{"href":"http:\/\/www.rockgegenrechts.com\/index.php?rest_route=\/wp\/v2\/posts\/2658"}],"collection":[{"href":"http:\/\/www.rockgegenrechts.com\/index.php?rest_route=\/wp\/v2\/posts"}],"about":[{"href":"http:\/\/www.rockgegenrechts.com\/index.php?rest_route=\/wp\/v2\/types\/post"}],"author":[{"embeddable":true,"href":"http:\/\/www.rockgegenrechts.com\/index.php?rest_route=\/wp\/v2\/users\/1"}],"replies":[{"embeddable":true,"href":"http:\/\/www.rockgegenrechts.com\/index.php?rest_route=%2Fwp%2Fv2%2Fcomments&post=2658"}],"version-history":[{"count":6,"href":"http:\/\/www.rockgegenrechts.com\/index.php?rest_route=\/wp\/v2\/posts\/2658\/revisions"}],"predecessor-version":[{"id":2699,"href":"http:\/\/www.rockgegenrechts.com\/index.php?rest_route=\/wp\/v2\/posts\/2658\/revisions\/2699"}],"wp:featuredmedia":[{"embeddable":true,"href":"http:\/\/www.rockgegenrechts.com\/index.php?rest_route=\/wp\/v2\/media\/2355"}],"wp:attachment":[{"href":"http:\/\/www.rockgegenrechts.com\/index.php?rest_route=%2Fwp%2Fv2%2Fmedia&parent=2658"}],"wp:term":[{"taxonomy":"category","embeddable":true,"href":"http:\/\/www.rockgegenrechts.com\/index.php?rest_route=%2Fwp%2Fv2%2Fcategories&post=2658"},{"taxonomy":"post_tag","embeddable":true,"href":"http:\/\/www.rockgegenrechts.com\/index.php?rest_route=%2Fwp%2Fv2%2Ftags&post=2658"}],"curies":[{"name":"wp","href":"https:\/\/api.w.org\/{rel}","templated":true}]}}