{"id":2663,"date":"2015-01-28T14:53:23","date_gmt":"2015-01-28T14:53:23","guid":{"rendered":"http:\/\/www.rockgegenrechts.com\/?p=2663"},"modified":"2015-02-01T17:54:06","modified_gmt":"2015-02-01T17:54:06","slug":"veranstaltungen-gegen-den-mvgida-aufmarsch-am-02-februar-in-stralsund","status":"publish","type":"post","link":"http:\/\/www.rockgegenrechts.com\/?p=2663","title":{"rendered":"Veranstaltungen gegen den MVgida Aufmarsch am 02. Februar in Stralsund"},"content":{"rendered":"<blockquote><p><strong><span style=\"text-decoration: underline;\">Info<\/span>: In diesem Beitrag werden auch Aktualisierungen vorgenommen. Dies geschieht unmittelbar. Ab Montag, den 02. Februar 2015 ab 15:00Uhr, wird nur noch Twitter \u00fcber Hashtag #mvf\u00fcralle aktualisiert.<\/strong><\/p><\/blockquote>\n<p><a class=\"twitter-timeline\" href=\"https:\/\/twitter.com\/hashtag\/mvf%C3%BCralle\" data-widget-id=\"560847889904435201\">#mvf\u00fcralle-Tweets<\/a><br \/>\n<script>\/\/ <![CDATA[\n!function(d,s,id){var js,fjs=d.getElementsByTagName(s)[0],p=\/^http:\/.test(d.location)?'http':'https';if(!d.getElementById(id)){js=d.createElement(s);js.id=id;js.src=p+\":\/\/platform.twitter.com\/widgets.js\";fjs.parentNode.insertBefore(js,fjs);}}(document,\"script\",\"twitter-wjs\");\n\/\/ ]]><\/script><\/p>\n<ul>\n<li>Pressekontakt: Stralsund Nazifrei am 02.02. unter: 0174 8171346<\/li>\n<\/ul>\n<ul>\n<li>Der HASH-TAG f\u00fcr die Twitter-Gemeinde: #mvf\u00fcralle Bitte haltet uns \u00fcber aktuelle Entwicklungen auf dem Laufenden: #mvf\u00fcralle mit Leerzeichen dahinter setzt ihr HST 18:25 (Uhrzeit). Sieht dann so aus: #mvf\u00fcralle HST 18:25<\/li>\n<\/ul>\n<blockquote>\n<p style=\"padding-left: 30px;\">Hinweis: Bitte twittert so oft es geht. Wir haben eine bessere Informationsstruktur geschaffen, aber wir sind auf eure tweets angewiesen.<\/p>\n<\/blockquote>\n<ul>\n<li>Rechtshilfe Nummer f\u00fcr die Demonstranten in Stralsund (Ermittlungsausschuss):\u00a0015733730212<\/li>\n<\/ul>\n<blockquote>\n<p style=\"padding-left: 30px;\">\u00a0 Hinweis: Lesetipp: <a href=\"http:\/\/www.rote-hilfe.de\/downloads\/category\/3-rechtshilfe-a-was-tun-wenns-brennt?download=2:was-tun-wenns-brennt-rechtshilfetipps-ausgabe-2011\" target=\"_blank\">Brosch\u00fcre &#8222;was tun wenns brennt&#8220;<\/a><\/p>\n<\/blockquote>\n<ul>\n<li>Die Facebook Veranstaltung der Aktionen unter dem Motto &#8222;Stralsund f\u00fcr alle&#8220;:\u00a0<a href=\"https:\/\/www.facebook.com\/events\/1538309079775004\/?ref_notif_type=like&amp;source=1\" target=\"_blank\">https:\/\/www.facebook.com\/events\/1538309079775004\/?ref_notif_type=like&amp;source=1<\/a><\/li>\n<\/ul>\n<p><strong>Mahnwachen und co. ab 17.00 Uhr<br \/>\n<\/strong><\/p>\n<p>Die Mahnwachen sollen zeigen, dass Rassismus und Fremdenfeindlichkeit in Stralsund\u00a0 kein Platz hat. Sie werden unterschiedlich inhaltlich gef\u00fcllt sein und sollen B\u00fcrger sowie Besucher die M\u00f6glichkeit geben ihren Protest auszudr\u00fccken. Hier bekommt ihr Informationen! Bringt Schilder, Transparente, Fahnen, Trillerpfeifen und vieles mehr mit. Es wird an Mahnwachen auch Redebeitr\u00e4ge und mehr geben. Bitte denkt daran euch was warmes anzuziehen, euch warme Getr\u00e4nke mitzunehmen und Taschenlampen mitzubringen. itzkissen und M\u00fclls\u00e4cke sorgen daf\u00fcr das ihr nicht nass werdet.<\/p>\n<ol>\n<li>Bahnhof,\u00a0Tribseer Damm\/Jungfernstieg | Koordinaten: <span class=\"cards-reveal-left-container cards-reveal-show-lat-lng\">54.309272, 13.079094<\/span><\/li>\n<li>Friedrich-Engels-Stra\u00dfe\/Martinsgarten | Koordinaten: <span class=\"cards-reveal-left-container cards-reveal-show-lat-lng\">54.314832, 13.080475<\/span><\/li>\n<li>Brunnenaue\u00a0| Koordinaten:\u00a0<span class=\"cards-reveal-left-container cards-reveal-show-lat-lng\">54.321004, 13.080650<\/span><\/li>\n<li><span style=\"text-decoration: underline;\">Prohner Stra\u00dfe\/Heinrich-Heine-Ring\u00a0| Koordinaten:\u00a054.330550, 13.068890<\/span><\/li>\n<li><span style=\"text-decoration: underline;\">Heinrich-Heine-Ring\/Arnold Zweig Stra\u00dfe | Koordinaten: 54.323277, 13.056295<br \/>\n<\/span><\/li>\n<li><span style=\"text-decoration: underline;\">Hainholzstra\u00dfe\/Vogelwiese | Koordinaten:\u00a054.322774, 13.069559<\/span><\/li>\n<\/ol>\n<ol>\n<li>MVgida-Routen-Variante: 18:30 An den Bleichen &#8211; Knieperdamm &#8211; Prohner Stra\u00dfe &#8211; Rudolf-Vierchow-Stra\u00dfe &#8211; Vogelwiese &#8211;\u00a0 An den Bleichen.<\/li>\n<li>MVgida-Routen-Variante: 18:30 Trelleborger Platz &#8211; Hans-Fallada-Stra\u00dfe &#8211; Heinrich-Heine-Ring, Thomas-Kantzow-Stra\u00dfe &#8211; Lion-Feuchtwanger-Stra\u00dfe &#8211; Vogelwiese &#8211; Rudolf-Virchow-Stra\u00dfe &#8211; Prohner Stra\u00dfe &#8211; Heinrich-Heine-Ring &#8211; Hans-Fallada-Stra\u00dfe &#8211; Trelleborgerplatz<\/li>\n<\/ol>\n<p>Hier findet ihr noch einmal eine Karte wo die Routen-Varianten und die Mahnwachen eingezeichnet sind. Diese bekommt ihr auch an den Mahnwachen oder ihr druckt sie euch selber aus. <a href=\"http:\/\/rockgegenrechts.square7.ch\/wp-content\/uploads\/2015\/02\/Demokarte-2.jpg\" target=\"_blank\">[hier downloaden\u00a0].<\/a><\/p>\n<p>Laut Aussagen der Polizei ist der Weg zu den Mahnwachenpunkten passierbar. Die\u00a0 Sarnowstra\u00dfe und Friedrich-Engels-Stra\u00dfe (Wei\u00dfe Br\u00fccke) k\u00f6nnen genutzt werden um im Bereich &#8222;Knieper&#8220; zu gelangen.<\/p>\n<p><strong>Veranstaltungen von Partnern:<\/strong><\/p>\n<ol>\n<li>Friedensgebet um 19:00 in der Marienkirche am Neuen Markt<\/li>\n<li>\n<div class=\"_6a _6b\">\n<div class=\"_5v1l _11s4\">Fest ab 17:00 im B\u00fcrgergarten unter dem Motto:\u00a0 &#8222;Zu Risiken und Nebenwirkungen von Naziaufm\u00e4rschen lesen Sie ein Geschichtsbuch oder fragen Ihre Gro\u00dfeltern&#8220;\u00a0 (<a href=\"https:\/\/www.facebook.com\/events\/522739854534010\/?ref_newsfeed_story_type=regular&amp;source=1\" target=\"_blank\">siehe Facebook<\/a>)<\/div>\n<div class=\"_5v1l _11s4\">(Knieperdamm 80b | Koordinaten: <span class=\"cards-reveal-left-container cards-reveal-show-lat-lng\">54.317967, 13.085422)<\/span><\/div>\n<\/div>\n<\/li>\n<\/ol>\n<p><strong>Flyer download<\/strong><\/p>\n<p>Hier k\u00f6nnt ihr euch den Flyer im DIN-Format A5 downloaden!<\/p>\n<p><a href=\"http:\/\/rockgegenrechts.square7.ch\/wp-content\/uploads\/2015\/01\/flyer-stralsund-f\u00fcr-lle-a5.jpg\" target=\"_blank\">Vorderseite<\/a> (Ziel speichern unter&#8230;)<\/p>\n<p><a href=\"http:\/\/rockgegenrechts.square7.ch\/wp-content\/uploads\/2015\/01\/flyer-stralsund-f\u00fcr-alle-a5-back.jpg\" target=\"_blank\">R\u00fcckseite<\/a> (Ziel speichern unter&#8230;)<\/p>\n<p><strong>Aktionskarte Download (JPG\/PDF)<\/strong><\/p>\n<p>jpg:<a href=\"http:\/\/rockgegenrechts.square7.ch\/wp-content\/uploads\/2015\/02\/Demokarte.jpg\" target=\"_blank\"> Seite 1<\/a> (MVGida-Route) | PDF: <a href=\"http:\/\/rockgegenrechts.square7.ch\/wp-content\/uploads\/2015\/02\/kleine-runde.pdf\" target=\"_blank\">Seite 1<\/a><\/p>\n<p>jpg:<a href=\"http:\/\/rockgegenrechts.square7.ch\/wp-content\/uploads\/2015\/02\/Demokarte-2.jpg\" target=\"_blank\"> Seite 2<\/a> (gro\u00dfe Karte mit allen Mahnwachen) | PDF: <a href=\"http:\/\/rockgegenrechts.square7.ch\/wp-content\/uploads\/2015\/02\/gro\u00dfe-runde.pdf\" target=\"_blank\">Seite 2<\/a><\/p>\n<p><strong>Stadt bunt gestalten<\/strong><\/p>\n<p>Das B\u00fcndnis \u201eStralsund Nazifrei\u201c ruft alle Stralsunderinnen, Stralsunder und G\u00e4ste auf, sich zahlreich an diesen Veranstaltungen zu beteiligen. Weiterhin w\u00fcrden wir uns freuen wenn sie Transparente, Plakate oder \u00e4hnliche Sachen aufh\u00e4ngen. So k\u00f6nnen wir schon im Vorfeld gemeinsam ausdr\u00fccken, dass Stralsund friedlich und weltoffen ist.<\/p>\n<p><strong>Anreise<\/strong><\/p>\n<ol>\n<li>Aus <strong>Greifswald<\/strong> und zur\u00fcck fahren st\u00fcndlich Z\u00fcge, zur\u00fcck f\u00e4hrt der letzte 22.16 Uhr. Wenn es eine Busanreise gibt, wird dieser Teil erg\u00e4nzt.<\/li>\n<li>Aus <strong>Rostock<\/strong> fahren im 2 Stunden Abstand Z\u00fcge, zur\u00fcck geht es dann bis 22.00 Uhr.<\/li>\n<li>Aus Richtung <strong>Grimmen<\/strong> kann man auch bequem mit Zug anreisen, zur\u00fcck geht es dann bis 21.00 Uhr.<\/li>\n<\/ol>\n<p style=\"padding-left: 30px;\">Ihr solltet optimal in Gruppen anreisen und euch auch so bewegen!<\/p>\n<p><strong>Aufruf des B\u00fcndnis:<\/strong><\/p>\n<p>Seit geraumer Zeit gehen in Deutschland tausende Menschen auf die Stra\u00dfe, um gegen eine vermeintliche Islamisierung zu protestieren. Unter dem Deckmantel von Pegida \u2013 &#8222;Patriotische Europ\u00e4er gegen die Islamisierung des Abendlandes&#8220; \u2013 geht es hier um Hetze gegen asylsuchende Menschen. Dies zeigt wieder einmal, wie stark menschenfeindliche Ressentiments in der Gesellschaft verbreitet sind. Wer einen Blick auf die Veranstalter_innen und auf die Demonstrationsteilnehmer_innen wirft, kann unschwer erkennen, dass es sich hierbei nicht um eine Bewegung besorgter B\u00fcrger_innen handelt, sondern um Menschen mit klarem rassistischen Gedankengut und einer Gegenhaltung zu allem, was sie als fremd empfinden.<\/p>\n<p>Dass die von Pegida und Co. propagierte \u201eIslamisierung des Abendlandes\u201c schlichtweg irrational und nicht existent ist, zeigt sich beispielsweise daran, dass Menschen muslimischen Glaubens einen Bev\u00f6lkerungsanteil von unter 0,5 Prozent stellen. Das ist nur ein Beispiel f\u00fcr die haltlose Argumentation der Rassist_innen.<\/p>\n<p>Nachdem diese Bewegung am 19. Januar zum zweiten Mal einen Marsch in die Stralsund durchf\u00fchrte und die Stralsunder wiederholt gezeigt haben, dass dieses Gedankengut in der Stadt keinen Platz hat, will die Gruppe \u201eMvgida\u201c 02. Februar in Stralsund wiederholt eine Demonstration durchf\u00fchren.<\/p>\n<p>F\u00fcr ein weltoffenes Stralsund! Gegen Fremdenfeindlichkeit und jegliche Art von Rassismus! F\u00fcr ein solidarisches Miteinander!<\/p>\n<h4 style=\"text-align: center;\"><strong>Zuletzt gibt es nur noch zu sagen: Stralsund f\u00fcr alle!<\/strong><\/h4>\n","protected":false},"excerpt":{"rendered":"<p>Info: In diesem Beitrag werden auch Aktualisierungen vorgenommen. Dies geschieht unmittelbar. Ab Montag, den 02. Februar 2015 ab 15:00Uhr, wird nur noch Twitter \u00fcber Hashtag #mvf\u00fcralle aktualisiert. #mvf\u00fcralle-Tweets Pressekontakt: Stralsund Nazifrei am 02.02. unter: 0174 8171346 Der HASH-TAG f\u00fcr die Twitter-Gemeinde: #mvf\u00fcralle Bitte haltet uns \u00fcber aktuelle Entwicklungen auf dem Laufenden: #mvf\u00fcralle mit Leerzeichen dahinter &hellip; <a href=\"http:\/\/www.rockgegenrechts.com\/?p=2663\" class=\"more-link\"><span class=\"screen-reader-text\">Veranstaltungen gegen den MVgida Aufmarsch am 02. Februar in Stralsund<\/span> weiterlesen<\/a><\/p>\n","protected":false},"author":1,"featured_media":2606,"comment_status":"closed","ping_status":"closed","sticky":false,"template":"","format":"image","meta":{"jetpack_post_was_ever_published":false,"_jetpack_newsletter_access":"","_jetpack_dont_email_post_to_subs":false,"_jetpack_newsletter_tier_id":0,"_jetpack_memberships_contains_paywalled_content":false,"_jetpack_memberships_contains_paid_content":false,"footnotes":"","jetpack_publicize_message":"","jetpack_publicize_feature_enabled":true,"jetpack_social_post_already_shared":false,"jetpack_social_options":{"image_generator_settings":{"template":"highway","enabled":false},"version":2}},"categories":[68],"tags":[],"class_list":["post-2663","post","type-post","status-publish","format-image","has-post-thumbnail","hentry","category-stralsund-nazifrei","post_format-post-format-image"],"jetpack_publicize_connections":[],"jetpack_featured_media_url":"https:\/\/rockgegenrechts.bplaced.net\/wp-content\/uploads\/2015\/01\/peace.jpg","jetpack_shortlink":"https:\/\/wp.me\/p63KIm-GX","jetpack_sharing_enabled":true,"_links":{"self":[{"href":"http:\/\/www.rockgegenrechts.com\/index.php?rest_route=\/wp\/v2\/posts\/2663"}],"collection":[{"href":"http:\/\/www.rockgegenrechts.com\/index.php?rest_route=\/wp\/v2\/posts"}],"about":[{"href":"http:\/\/www.rockgegenrechts.com\/index.php?rest_route=\/wp\/v2\/types\/post"}],"author":[{"embeddable":true,"href":"http:\/\/www.rockgegenrechts.com\/index.php?rest_route=\/wp\/v2\/users\/1"}],"replies":[{"embeddable":true,"href":"http:\/\/www.rockgegenrechts.com\/index.php?rest_route=%2Fwp%2Fv2%2Fcomments&post=2663"}],"version-history":[{"count":23,"href":"http:\/\/www.rockgegenrechts.com\/index.php?rest_route=\/wp\/v2\/posts\/2663\/revisions"}],"predecessor-version":[{"id":2717,"href":"http:\/\/www.rockgegenrechts.com\/index.php?rest_route=\/wp\/v2\/posts\/2663\/revisions\/2717"}],"wp:featuredmedia":[{"embeddable":true,"href":"http:\/\/www.rockgegenrechts.com\/index.php?rest_route=\/wp\/v2\/media\/2606"}],"wp:attachment":[{"href":"http:\/\/www.rockgegenrechts.com\/index.php?rest_route=%2Fwp%2Fv2%2Fmedia&parent=2663"}],"wp:term":[{"taxonomy":"category","embeddable":true,"href":"http:\/\/www.rockgegenrechts.com\/index.php?rest_route=%2Fwp%2Fv2%2Fcategories&post=2663"},{"taxonomy":"post_tag","embeddable":true,"href":"http:\/\/www.rockgegenrechts.com\/index.php?rest_route=%2Fwp%2Fv2%2Ftags&post=2663"}],"curies":[{"name":"wp","href":"https:\/\/api.w.org\/{rel}","templated":true}]}}