{"id":2908,"date":"2015-05-12T11:30:29","date_gmt":"2015-05-12T11:30:29","guid":{"rendered":"http:\/\/www.rockgegenrechts.com\/?p=2908"},"modified":"2015-08-24T17:25:52","modified_gmt":"2015-08-24T17:25:52","slug":"8-mai-2015-in-demmin-naziaufmarsch-erfolgreich-aufgehalten","status":"publish","type":"post","link":"http:\/\/www.rockgegenrechts.com\/?p=2908","title":{"rendered":"8. Mai 2015 in Demmin \u2013 Naziaufmarsch erfolgreich aufgehalten"},"content":{"rendered":"<p><strong>Pressemitteilung vom Aktionsb\u00fcndnis 8. Mai Demmin<\/strong><\/p>\n<p style=\"text-align: justify;\"><a href=\"http:\/\/rockgegenrechts.square7.ch\/wp-content\/uploads\/2015\/04\/demmin-header.png\"><img loading=\"lazy\" decoding=\"async\" class=\"alignright size-medium wp-image-2894\" src=\"http:\/\/rockgegenrechts.square7.ch\/wp-content\/uploads\/2015\/04\/demmin-header-300x76.png\" alt=\"demmin-header\" width=\"300\" height=\"76\" srcset=\"https:\/\/rockgegenrechts.bplaced.net\/wp-content\/uploads\/2015\/04\/demmin-header-300x76.png 300w, https:\/\/rockgegenrechts.bplaced.net\/wp-content\/uploads\/2015\/04\/demmin-header.png 780w\" sizes=\"(max-width: 300px) 100vw, 300px\" \/><\/a>Mit ca. 500 Demonstranten brachte das Aktionsb\u00fcndnis 8. Mai in diesem Jahr so viele Menschen f\u00fcr die Friedensdemonstration auf die Stra\u00dfe wie noch nie. Ein deutliches Signal f\u00fcr aktiv gelebte Demokratie und gegen Rechtsextremismus. Bei der Abschlusskundgebung sprachen Vertreter des Landkreises, der Kreistagspr\u00e4sident, Landtagsabgeordnete und internationale G\u00e4ste.<\/p>\n<p style=\"text-align: justify;\">Bereits seit dem Vortag fand in Demmin anl\u00e4sslich des 70. Jahrestages der Befreiung vom Faschismus die Erste Demminer Konferenz \u2013 gegen Krieg und Faschismus, f\u00fcr ein kulturelles Miteinander und f\u00fcr Toleranz statt. An der mehrt\u00e4gigen Veranstaltung nahmen \u00fcber 150 Menschen teil, darunter mehr als 20 Franzosen.<\/p>\n<p style=\"text-align: justify;\">Ein beeindruckendes Beispiel f\u00fcr Zivilcourage waren zahlreiche friedliche und fantasievolle Blockaden. Dadurch kam der in diesem Jahr zahlenm\u00e4\u00dfig deutlich kleinere Neo-Nazi-Aufzug immer wieder zum halten und musste sich der ablehnenden Mehrheit der B\u00fcrgerinnen und B\u00fcrger stellen. Dabei waren vielf\u00e4ltige Protestformen zu sehen: Es wurde getanzt, gesungen und Musik gemacht. Insgesamt waren fast 1000 Menschen auf der Stra\u00dfe.<br \/>\nDie Neo-Nazis mussten stundenlang ausharren, bis sie auf ihrer Route weiter kamen.<\/p>\n<p style=\"text-align: justify;\">Erstmals waren neben der regionalen und \u00fcberregionalen Presse auch 12 internationale Beobachter aus Belgien, Gro\u00dfbritannien, Kamerun, Frankreich und der Schweiz vor Ort und begleiteten die Veranstaltungen. Insgesamt konnten Sie ein besonnenes Verhalten der Demonstrationsteilnehmer und der Polizeieinsatzkr\u00e4fte res\u00fcmieren, nur vereinzelt gab es un\u00fcbersichtliche Situationen. Dennoch fahren die Beobachter mit dem bedr\u00fcckenden Eindruck nach Hause, dass der politische Revanchismus in Deutschland wieder auflebt. Im Ergebnis haben die Veranstaltungen und Aktionen von Aktionsb\u00fcndnis und den Demonstranten zum ersten Mal in Demmin den Neo-Naziaufzug erfolgreich aufgehalten. Das engagierte Auftreten und die gezeigte Zivilcourage haben deutlich gemacht: Demmin bleibt bunt!<\/p>\n<p style=\"text-align: justify;\">http:\/\/demminnazifrei.blogsport.de\/2015\/05\/09\/8-mai-2015-in-demmin-naziaufmarsch-erfolgreich-aufgehalten\/<\/p>\n","protected":false},"excerpt":{"rendered":"<p>Pressemitteilung vom Aktionsb\u00fcndnis 8. Mai Demmin Mit ca. 500 Demonstranten brachte das Aktionsb\u00fcndnis 8. Mai in diesem Jahr so viele Menschen f\u00fcr die Friedensdemonstration auf die Stra\u00dfe wie noch nie. Ein deutliches Signal f\u00fcr aktiv gelebte Demokratie und gegen Rechtsextremismus. Bei der Abschlusskundgebung sprachen Vertreter des Landkreises, der Kreistagspr\u00e4sident, Landtagsabgeordnete und internationale G\u00e4ste. Bereits seit &hellip; <a href=\"http:\/\/www.rockgegenrechts.com\/?p=2908\" class=\"more-link\"><span class=\"screen-reader-text\">8. Mai 2015 in Demmin \u2013 Naziaufmarsch erfolgreich aufgehalten<\/span> weiterlesen<\/a><\/p>\n","protected":false},"author":0,"featured_media":2894,"comment_status":"closed","ping_status":"closed","sticky":false,"template":"","format":"image","meta":{"jetpack_post_was_ever_published":false,"_jetpack_newsletter_access":"","_jetpack_dont_email_post_to_subs":false,"_jetpack_newsletter_tier_id":0,"_jetpack_memberships_contains_paywalled_content":false,"_jetpack_memberships_contains_paid_content":false,"footnotes":"","jetpack_publicize_message":"","jetpack_publicize_feature_enabled":true,"jetpack_social_post_already_shared":false,"jetpack_social_options":{"image_generator_settings":{"template":"highway","enabled":false},"version":2}},"categories":[68],"tags":[],"class_list":["post-2908","post","type-post","status-publish","format-image","has-post-thumbnail","hentry","category-stralsund-nazifrei","post_format-post-format-image"],"jetpack_publicize_connections":[],"jetpack_featured_media_url":"https:\/\/rockgegenrechts.bplaced.net\/wp-content\/uploads\/2015\/04\/demmin-header.png","jetpack_shortlink":"https:\/\/wp.me\/p63KIm-KU","jetpack_sharing_enabled":true,"_links":{"self":[{"href":"http:\/\/www.rockgegenrechts.com\/index.php?rest_route=\/wp\/v2\/posts\/2908"}],"collection":[{"href":"http:\/\/www.rockgegenrechts.com\/index.php?rest_route=\/wp\/v2\/posts"}],"about":[{"href":"http:\/\/www.rockgegenrechts.com\/index.php?rest_route=\/wp\/v2\/types\/post"}],"replies":[{"embeddable":true,"href":"http:\/\/www.rockgegenrechts.com\/index.php?rest_route=%2Fwp%2Fv2%2Fcomments&post=2908"}],"version-history":[{"count":2,"href":"http:\/\/www.rockgegenrechts.com\/index.php?rest_route=\/wp\/v2\/posts\/2908\/revisions"}],"predecessor-version":[{"id":3089,"href":"http:\/\/www.rockgegenrechts.com\/index.php?rest_route=\/wp\/v2\/posts\/2908\/revisions\/3089"}],"wp:featuredmedia":[{"embeddable":true,"href":"http:\/\/www.rockgegenrechts.com\/index.php?rest_route=\/wp\/v2\/media\/2894"}],"wp:attachment":[{"href":"http:\/\/www.rockgegenrechts.com\/index.php?rest_route=%2Fwp%2Fv2%2Fmedia&parent=2908"}],"wp:term":[{"taxonomy":"category","embeddable":true,"href":"http:\/\/www.rockgegenrechts.com\/index.php?rest_route=%2Fwp%2Fv2%2Fcategories&post=2908"},{"taxonomy":"post_tag","embeddable":true,"href":"http:\/\/www.rockgegenrechts.com\/index.php?rest_route=%2Fwp%2Fv2%2Ftags&post=2908"}],"curies":[{"name":"wp","href":"https:\/\/api.w.org\/{rel}","templated":true}]}}