{"id":2911,"date":"2015-06-03T09:05:40","date_gmt":"2015-06-03T09:05:40","guid":{"rendered":"http:\/\/www.rockgegenrechts.com\/?p=2911"},"modified":"2015-08-24T17:24:02","modified_gmt":"2015-08-24T17:24:02","slug":"demo-in-rostock-13-juni-fuer-grenzenlose-humanitaet-gegen-die-europaeische-grenzpolitik","status":"publish","type":"post","link":"http:\/\/www.rockgegenrechts.com\/?p=2911","title":{"rendered":"Demo in Rostock 13. Juni: F\u00fcr grenzenlose Humanit\u00e4t \u2013 gegen die europ\u00e4ische Grenzpolitik"},"content":{"rendered":"<p style=\"text-align: justify;\"><a href=\"http:\/\/rockgegenrechts.square7.ch\/wp-content\/uploads\/2015\/06\/blogheader_humanity.blogsport_fertig.png\"><img loading=\"lazy\" decoding=\"async\" class=\"alignright  wp-image-2912\" src=\"http:\/\/rockgegenrechts.square7.ch\/wp-content\/uploads\/2015\/06\/blogheader_humanity.blogsport_fertig-300x77.png\" alt=\"blogheader_humanity.blogsport_fertig\" width=\"335\" height=\"86\" srcset=\"https:\/\/rockgegenrechts.bplaced.net\/wp-content\/uploads\/2015\/06\/blogheader_humanity.blogsport_fertig-300x77.png 300w, https:\/\/rockgegenrechts.bplaced.net\/wp-content\/uploads\/2015\/06\/blogheader_humanity.blogsport_fertig.png 780w\" sizes=\"(max-width: 335px) 100vw, 335px\" \/><\/a>Gegen die menschenverachtende Fl\u00fcchtlingspolitik der EU organisiert ein <a href=\"http:\/\/humanity.blogsport.de\/unterstuetzer\/\">breites B\u00fcndnis<\/a> am <strong>13. Juni, 14 Uhr in Rostock<\/strong> eine Demonstration, die am <strong>Doberaner Platz<\/strong> startet unter dem Motto: <strong>F\u00fcr grenzenlose Humanit\u00e4t \u2013 gegen die europ\u00e4ische Grenzpolitik! <\/strong><\/p>\n<p style=\"text-align: justify;\">Der <a href=\"http:\/\/humanity.blogsport.de\/category\/aufruf\/\">Aufruf des B\u00fcndnisses<\/a> macht auf die Opfer der Ausgrenzungspolitik aufmerksam. Statt Fl\u00fcchtlingen zu helfen, geben die Mitgliedsl\u00e4nder der EU Milliarden von Euro aus, um Grenzbefestigungen und Mauern zu errichten. Seit dem Jahre 2000 sind infolge dieser Politik mehr als 25000 Menschen im Mittelmeer umgekommen. Mit Waffenexporten und Kriegen ist die EU selbst Ursache f\u00fcr Fluchtbewegungen, gegen die sie sich dann mit Repressionen abschottet. Asylverfahren werden verschleppt, Menschen in Lager gepfercht und rassistische Proteste gegen die \u00c4rmsten der Armen als &#8222;Sorgen, die man ernst nehmen muss&#8220; bezeichnet. Die Folge dieser offenen T\u00fcr der deutschen Regierung nach rechtsau\u00dfen war <a href=\"https:\/\/www.kombinat-fortschritt.com\/2015\/05\/30\/guestrow-nazi-angriff-auf-antirassistische-kundgebung\/\">j\u00fcngst in G\u00fcstrow<\/a> zu sehen, als Neofaschisten eine antirassistische Kundgebung \u00fcberfielen. Derartige Geschehnisse reihen sich ein in eine zunehmende Anzahl von \u00dcbergriffen gegen gefl\u00fcchtete Menschen und <a href=\"http:\/\/www.sueddeutsche.de\/panorama\/lichterfelde-brand-in-berliner-fluechtlingsheim-1.2435756\">brennende Fl\u00fcchtlingsheime<\/a>. Die Vorf\u00e4lle machen deutlich, dass gerade hier in Deutschland, dem einflussreichsten Land der EU und damit dem Hauptverantwortlichen ihrer Politik gehandelt werden muss. Vor allem in unserer Region, in denen Neofaschisten ganze St\u00e4dte zu &#8222;national befreiten Zonen&#8220; erkl\u00e4ren und sich in B\u00fcrgerwehren nach Vorbild der SA zusammenrotten, muss Widerstand geleistet werden. Rock gegen Rechts Stralsund e.V., die AG Fl\u00fcchtlingshilfe Stralsund sowie Stralsund nazifrei unterst\u00fctzen den Aufruf. Wir sehen uns alle am 13. Juni! weitere infos unter: <a class=\"moz-txt-link-abbreviated\" href=\"http:\/\/www.humanity.blogsport.de\">www.humanity.blogsport.de<\/a><\/p>\n","protected":false},"excerpt":{"rendered":"<p>Gegen die menschenverachtende Fl\u00fcchtlingspolitik der EU organisiert ein breites B\u00fcndnis am 13. Juni, 14 Uhr in Rostock eine Demonstration, die am Doberaner Platz startet unter dem Motto: F\u00fcr grenzenlose Humanit\u00e4t \u2013 gegen die europ\u00e4ische Grenzpolitik! Der Aufruf des B\u00fcndnisses macht auf die Opfer der Ausgrenzungspolitik aufmerksam. Statt Fl\u00fcchtlingen zu helfen, geben die Mitgliedsl\u00e4nder der EU &hellip; <a href=\"http:\/\/www.rockgegenrechts.com\/?p=2911\" class=\"more-link\"><span class=\"screen-reader-text\">Demo in Rostock 13. Juni: F\u00fcr grenzenlose Humanit\u00e4t \u2013 gegen die europ\u00e4ische Grenzpolitik<\/span> weiterlesen<\/a><\/p>\n","protected":false},"author":0,"featured_media":2912,"comment_status":"closed","ping_status":"closed","sticky":false,"template":"","format":"image","meta":{"jetpack_post_was_ever_published":false,"_jetpack_newsletter_access":"","_jetpack_dont_email_post_to_subs":false,"_jetpack_newsletter_tier_id":0,"_jetpack_memberships_contains_paywalled_content":false,"_jetpack_memberships_contains_paid_content":false,"footnotes":"","jetpack_publicize_message":"","jetpack_publicize_feature_enabled":true,"jetpack_social_post_already_shared":false,"jetpack_social_options":{"image_generator_settings":{"template":"highway","enabled":false},"version":2}},"categories":[1,69,68],"tags":[],"class_list":["post-2911","post","type-post","status-publish","format-image","has-post-thumbnail","hentry","category-allgemein","category-flucht-und-asyl","category-stralsund-nazifrei","post_format-post-format-image"],"jetpack_publicize_connections":[],"jetpack_featured_media_url":"https:\/\/rockgegenrechts.bplaced.net\/wp-content\/uploads\/2015\/06\/blogheader_humanity.blogsport_fertig.png","jetpack_shortlink":"https:\/\/wp.me\/p63KIm-KX","jetpack_sharing_enabled":true,"_links":{"self":[{"href":"http:\/\/www.rockgegenrechts.com\/index.php?rest_route=\/wp\/v2\/posts\/2911"}],"collection":[{"href":"http:\/\/www.rockgegenrechts.com\/index.php?rest_route=\/wp\/v2\/posts"}],"about":[{"href":"http:\/\/www.rockgegenrechts.com\/index.php?rest_route=\/wp\/v2\/types\/post"}],"replies":[{"embeddable":true,"href":"http:\/\/www.rockgegenrechts.com\/index.php?rest_route=%2Fwp%2Fv2%2Fcomments&post=2911"}],"version-history":[{"count":6,"href":"http:\/\/www.rockgegenrechts.com\/index.php?rest_route=\/wp\/v2\/posts\/2911\/revisions"}],"predecessor-version":[{"id":3088,"href":"http:\/\/www.rockgegenrechts.com\/index.php?rest_route=\/wp\/v2\/posts\/2911\/revisions\/3088"}],"wp:featuredmedia":[{"embeddable":true,"href":"http:\/\/www.rockgegenrechts.com\/index.php?rest_route=\/wp\/v2\/media\/2912"}],"wp:attachment":[{"href":"http:\/\/www.rockgegenrechts.com\/index.php?rest_route=%2Fwp%2Fv2%2Fmedia&parent=2911"}],"wp:term":[{"taxonomy":"category","embeddable":true,"href":"http:\/\/www.rockgegenrechts.com\/index.php?rest_route=%2Fwp%2Fv2%2Fcategories&post=2911"},{"taxonomy":"post_tag","embeddable":true,"href":"http:\/\/www.rockgegenrechts.com\/index.php?rest_route=%2Fwp%2Fv2%2Ftags&post=2911"}],"curies":[{"name":"wp","href":"https:\/\/api.w.org\/{rel}","templated":true}]}}