{"id":2925,"date":"2015-08-04T13:16:04","date_gmt":"2015-08-04T13:16:04","guid":{"rendered":"http:\/\/www.rockgegenrechts.com\/?p=2925"},"modified":"2015-10-13T13:05:05","modified_gmt":"2015-10-13T13:05:05","slug":"kinderfest-im-buergerarten-statt-bei-der-npd","status":"publish","type":"post","link":"http:\/\/www.rockgegenrechts.com\/?p=2925","title":{"rendered":"09. August: Kinderfest im B\u00fcrgergarten statt bei der NPD"},"content":{"rendered":"<p>Der Aufruf den auch Rock gegen Rechts Stralsund e.V. unterst\u00fctzt:<\/p>\n<p><strong><span class=\"fsl\">Kinder, das wird ein Fest!!!<br \/>\naus einer Idee ist nun, wenn auch leider sehr kurzfristig, ein konkreter Plan geworden.<\/span><\/strong><\/p>\n<p style=\"text-align: justify;\"><a href=\"http:\/\/rockgegenrechts.square7.ch\/wp-content\/uploads\/2015\/01\/Stralsund-fA-r-alle.jpg\"><img loading=\"lazy\" decoding=\"async\" class=\"alignright size-medium wp-image-2690\" src=\"http:\/\/rockgegenrechts.square7.ch\/wp-content\/uploads\/2015\/01\/Stralsund-fA-r-alle-300x168.jpg\" alt=\"Stralsund-fA r-alle\" width=\"300\" height=\"168\" srcset=\"https:\/\/rockgegenrechts.bplaced.net\/wp-content\/uploads\/2015\/01\/Stralsund-fA-r-alle-300x168.jpg 300w, https:\/\/rockgegenrechts.bplaced.net\/wp-content\/uploads\/2015\/01\/Stralsund-fA-r-alle-1024x574.jpg 1024w, https:\/\/rockgegenrechts.bplaced.net\/wp-content\/uploads\/2015\/01\/Stralsund-fA-r-alle.jpg 2000w\" sizes=\"(max-width: 300px) 100vw, 300px\" \/><\/a>Die NPD veranstaltet am 9.8. in der Brunnenaue ihr 14. Kinderfest. Ihre Hetze gegen\u00fcber Minderheiten wird unter dem Motto \u201eUnsere Kinder sind unsere Zukunft und deshalb k\u00fcmmern wir uns darum\u201c an die J\u00fcngsten heran getragen. Wie<a href=\"http:\/\/www.netz-gegen-nazis.de\/artikel\/zwei-unwidersprochene-kinderfeste-der-npd-weil-die-%C3%B6ffentlichkeit-nicht-informiert-wurde\"> jedes Jahr<\/a> st\u00f6\u00dft dies bitter auf. Die NPD versucht mit diesen Festen auf billigsten Stimmenfang zu gehen und seine v\u00f6lkisch-rassistische Ideologie mit B\u00fcrgern\u00e4he zu \u00fcberdecken.<\/p>\n<p><strong>Doch es gibt eine Alternative!<\/strong><\/p>\n<p style=\"text-align: justify;\"><span class=\"fsl\">Wer sich nicht dem braunen Gestank der Neofaschisten aussetzen, aber dennoch mit der Familie etwas unternehmen m\u00f6chte, kann stattdessen das <strong>Kinderfest im B\u00fcrgergarten<\/strong> besuchen.<br \/>\nEin vielf\u00e4ltiges und buntes Angebot verspricht jede Menge Spa\u00df und Abwechslung. So kann, wer Lust hat, beispielsweise nach Herzenslust basteln. An der Schminkstation k\u00f6nnen sich die kleinen Besucher in Fabelwesen, wilde Pirat<span class=\"text_exposed_show\">en oder exotische Tiere verwandeln lassen. F\u00fcr alle bewegungsfreudigen und aktionsgierigen gibt es Spiel- und Bewegungsparcours. Da all die Aufregung immer so hungrig macht, wird f\u00fcr Erfrischungsgetr\u00e4nke, Kuchen und Bratwurst gesorgt! F\u00fcr Kinder nat\u00fcrlich alles <strong>KOSTENFREI!!<\/strong><br \/>\nDank der tollen Lokalit\u00e4t sind eine H\u00fcpfburg, ein Karussell und auch Boote bereits vorhanden.<\/span><\/span><\/p>\n<p style=\"text-align: justify;\">Unterst\u00fctzung in Form von Getr\u00e4nke, Bratwurst, Obst, kleinen Preisen und was das Kinderherz sonst noch begehrt, wird noch gesucht. Freiwilligen pers\u00f6nlichen Arbeitseinsatz am 9.8. finden wir auch sehr sympathisch!<\/p>\n<p><span class=\"fsl\">\u00c4rgern lohnt sich nicht! Besucht das Kinderfest im B\u00fcrgergarten.<br \/>\nSpiel und Spa\u00df f\u00fcr ALLE!!<\/span><\/p>\n<p><span class=\"fsl\"><span class=\"text_exposed_show\"><strong>Bei Fragen oder Unterst\u00fctzungsm\u00f6glichkeite<\/strong><wbr \/><strong>n meldet euch unter: <\/strong>kinderfest2015@gmail.com&#8220; oder bei der Facebookveranstaltung: <a href=\"https:\/\/www.facebook.com\/events\/641770919258944\/\" target=\"_blank\">https:\/\/www.facebook.com\/events\/641770919258944\/<\/a><br \/>\n<wbr \/><\/span><\/span><\/p>\n","protected":false},"excerpt":{"rendered":"<p>Der Aufruf den auch Rock gegen Rechts Stralsund e.V. unterst\u00fctzt: Kinder, das wird ein Fest!!! aus einer Idee ist nun, wenn auch leider sehr kurzfristig, ein konkreter Plan geworden. Die NPD veranstaltet am 9.8. in der Brunnenaue ihr 14. Kinderfest. Ihre Hetze gegen\u00fcber Minderheiten wird unter dem Motto \u201eUnsere Kinder sind unsere Zukunft und deshalb &hellip; <a href=\"http:\/\/www.rockgegenrechts.com\/?p=2925\" class=\"more-link\"><span class=\"screen-reader-text\">09. August: Kinderfest im B\u00fcrgergarten statt bei der NPD<\/span> weiterlesen<\/a><\/p>\n","protected":false},"author":0,"featured_media":2666,"comment_status":"closed","ping_status":"closed","sticky":false,"template":"","format":"standard","meta":{"jetpack_post_was_ever_published":false,"_jetpack_newsletter_access":"","_jetpack_dont_email_post_to_subs":false,"_jetpack_newsletter_tier_id":0,"_jetpack_memberships_contains_paywalled_content":false,"_jetpack_memberships_contains_paid_content":false,"footnotes":"","jetpack_publicize_message":"","jetpack_publicize_feature_enabled":true,"jetpack_social_post_already_shared":false,"jetpack_social_options":{"image_generator_settings":{"template":"highway","enabled":false},"version":2}},"categories":[1,68],"tags":[],"class_list":["post-2925","post","type-post","status-publish","format-standard","has-post-thumbnail","hentry","category-allgemein","category-stralsund-nazifrei"],"jetpack_publicize_connections":[],"jetpack_featured_media_url":"https:\/\/rockgegenrechts.bplaced.net\/wp-content\/uploads\/2015\/01\/Stralsund-f\u00fcr-alle1.jpg","jetpack_shortlink":"https:\/\/wp.me\/p63KIm-Lb","jetpack_sharing_enabled":true,"_links":{"self":[{"href":"http:\/\/www.rockgegenrechts.com\/index.php?rest_route=\/wp\/v2\/posts\/2925"}],"collection":[{"href":"http:\/\/www.rockgegenrechts.com\/index.php?rest_route=\/wp\/v2\/posts"}],"about":[{"href":"http:\/\/www.rockgegenrechts.com\/index.php?rest_route=\/wp\/v2\/types\/post"}],"replies":[{"embeddable":true,"href":"http:\/\/www.rockgegenrechts.com\/index.php?rest_route=%2Fwp%2Fv2%2Fcomments&post=2925"}],"version-history":[{"count":7,"href":"http:\/\/www.rockgegenrechts.com\/index.php?rest_route=\/wp\/v2\/posts\/2925\/revisions"}],"predecessor-version":[{"id":3105,"href":"http:\/\/www.rockgegenrechts.com\/index.php?rest_route=\/wp\/v2\/posts\/2925\/revisions\/3105"}],"wp:featuredmedia":[{"embeddable":true,"href":"http:\/\/www.rockgegenrechts.com\/index.php?rest_route=\/wp\/v2\/media\/2666"}],"wp:attachment":[{"href":"http:\/\/www.rockgegenrechts.com\/index.php?rest_route=%2Fwp%2Fv2%2Fmedia&parent=2925"}],"wp:term":[{"taxonomy":"category","embeddable":true,"href":"http:\/\/www.rockgegenrechts.com\/index.php?rest_route=%2Fwp%2Fv2%2Fcategories&post=2925"},{"taxonomy":"post_tag","embeddable":true,"href":"http:\/\/www.rockgegenrechts.com\/index.php?rest_route=%2Fwp%2Fv2%2Ftags&post=2925"}],"curies":[{"name":"wp","href":"https:\/\/api.w.org\/{rel}","templated":true}]}}