{"id":3188,"date":"2015-09-17T13:05:31","date_gmt":"2015-09-17T13:05:31","guid":{"rendered":"http:\/\/www.rockgegenrechts.com\/?p=3188"},"modified":"2016-02-24T00:04:05","modified_gmt":"2016-02-24T00:04:05","slug":"rechte-kuendigen-in-mecklenburg-vorpommern-heissen-demo-herbst-an","status":"publish","type":"post","link":"http:\/\/www.rockgegenrechts.com\/?p=3188","title":{"rendered":"Rechte k\u00fcndigen in Mecklenburg-Vorpommern hei\u00dfen Demo-Herbst an!"},"content":{"rendered":"<p lang=\"de-DE\" style=\"text-align: justify;\">Seitdem das \u00fcbliche \u201eSommerloch\u201c vorbei ist, waren in den vergangenen Wochen in ganz MV vermehrt <a href=\"http:\/\/rockgegenrechts.square7.ch\/wp-content\/uploads\/2015\/09\/Stralsund-Affen.png\"><img loading=\"lazy\" decoding=\"async\" class=\" size-medium wp-image-3189 alignright\" src=\"http:\/\/rockgegenrechts.square7.ch\/wp-content\/uploads\/2015\/09\/Stralsund-Affen-300x183.png\" alt=\"Stralsund Affen\" width=\"300\" height=\"183\" srcset=\"https:\/\/rockgegenrechts.bplaced.net\/wp-content\/uploads\/2015\/09\/Stralsund-Affen-300x183.png 300w, https:\/\/rockgegenrechts.bplaced.net\/wp-content\/uploads\/2015\/09\/Stralsund-Affen-1024x624.png 1024w, https:\/\/rockgegenrechts.bplaced.net\/wp-content\/uploads\/2015\/09\/Stralsund-Affen-310x190.png 310w, https:\/\/rockgegenrechts.bplaced.net\/wp-content\/uploads\/2015\/09\/Stralsund-Affen-700x426.png 700w, https:\/\/rockgegenrechts.bplaced.net\/wp-content\/uploads\/2015\/09\/Stralsund-Affen.png 2048w\" sizes=\"(max-width: 300px) 100vw, 300px\" \/><\/a>rechte Aktivit\u00e4ten festzustellen. In den meisten F\u00e4llen kann gegen diese Umtriebe mobilisiert werden, selbst wenn sie mitunter erst sehr kurzfristig bekannt werden.<\/p>\n<p lang=\"de-DE\" style=\"text-align: justify;\">So konnte am Freitag, den 11.09., erfolgreich gegen eine Mahnwache der \u201eMV-Patrioten\u201c in Stralsund protestiert werden. Interessierte B\u00fcrgerInnen wurden an zwei Infost\u00e4nden im Stadtteil Gr\u00fcnhufe rund ums Thema Asyl aufgekl\u00e4rt, um Falschdarstellungen, die derzeit reichlich von rechter Seite gestreut werden, zu entkr\u00e4ften. Doch nicht nur Bildungsarbeit wurde geleistet; das bunte B\u00fcndnis begab sich au\u00dferdem gemeinsam zur Notunterkunft f\u00fcr Gefl\u00fcchtete, um sie mit einer Menschenkette zu sch\u00fctzen. Zugleich sollten die Bewohner der Unterkunft damit willkommen gehei\u00dfen werden.<\/p>\n<p lang=\"de-DE\" style=\"text-align: justify;\">Dass die Zahl der Gegendemonstrierenden weit h\u00f6her war als die der fremdenfeindlichen \u201ePatrioten\u201c, war ein gutes Zeichen f\u00fcr die Stadt. Es ist bedenklich, dass die geringe Polizeipr\u00e4senz nicht ausreichte, um dem Treiben der RassistInnen Einhalt zu gebieten. Diese konnten unbehelligt einen \u201eSpaziergang\u201c zu ihrem Parkplatz durchf\u00fchren, nur um sp\u00e4ter erneut zu versuchen, zur Notunterkunft zu kommen. Das B\u00fcndnis und die Polizei konnten sie dort jedoch abwehren.<\/p>\n<p lang=\"de-DE\" style=\"text-align: justify;\">Zu einer Demonstration von Neonazis kam es au\u00dferdem in G\u00fcstrow am vergangenen Montag. Auch diese wurde erst sehr kurzfristig angemeldet und vom Landkreis genehmigt. Der Aufmarsch ging durch viele Teile der Stadt, u.a. vorbei an der \u201eVilla Kunterbunt\u201c, in der Karen Larisch und ihre KollegInnen wertvolle Integrations- und Kulturarbeit leisten. Am selben Abend wurde Frau Larisch von Neonazis angegriffen. Auch hier war die Polizeipr\u00e4senz gering, dennoch kam es zu keinen Verletzungen.<\/p>\n<p lang=\"de-DE\" style=\"text-align: justify;\">Am 16.09. fand eine weitere Nazidemo statt, die sich gegen die Notunterkunft f\u00fcr Gefl\u00fcchtete in Wismar richtete. Das B\u00fcndnis Wismar f\u00fcr Alle organisierte bunte Protestaktionen.<\/p>\n<p style=\"text-align: justify;\">Auch f\u00fcr die kommenden Tagen und Wochen sind bereits Demonstrationen von RassistInnen und Neonazis angek\u00fcndigt. Beim<a href=\"http:\/\/ino.blogsport.de\/naziaufmaersche\/\"> Infoportal Nordost<\/a> findet ihr eine st\u00e4ndig aktualisierte \u00dcbersicht. Um auf dem Laufenden zu bleiben, verfolgt au\u00dferdem aufmerksam unsere <a href=\"https:\/\/www.facebook.com\/RockGegenRechtsStralsund\">Facebookseite<\/a> und unseren\u00a0<a href=\"http:\/\/rockgegenrechts.square7.ch\/?page_id=908).\"> Terminkalender<\/a>. <span lang=\"de-DE\">Zus\u00e4tzlich sind Informationen auf <a href=\"http:\/\/www.endstation-rechts.de\/news\/kategorie\/demonstrationen-1\/artikel\/rassistische-buergerinitiativen-kuendigen-heissen-demo-herbst-fuer-m-v-an.html\">Endstation-Rechts<\/a> zu finden<\/span><span style=\"color: #000080;\"><span lang=\"zxx\"><a href=\"http:\/\/www.endstation-rechts.de\/news\/kategorie\/demonstrationen-1\/artikel\/rassistische-buergerinitiativen-kuendigen-heissen-demo-herbst-fuer-m-v-an.html\"><span lang=\"de-DE\">. <\/span><\/a><\/span><\/span><\/p>\n<p lang=\"de-DE\" style=\"text-align: justify;\">Es ist nun wichtiger denn je, sich ehrenamtlich f\u00fcr Gefl\u00fcchtete in Stralsund und MV zu engagieren. Aber auch die Aktivit\u00e4ten der RassistInnen verlangen kontinuierlichen Widerstand. Wenn ihr Informationen habt oder Hilfe braucht, schreibt uns oder einem B\u00fcndnis in eurer Stadt. Raus auf die Stra\u00dfe!<\/p>\n","protected":false},"excerpt":{"rendered":"<p>Seitdem das \u00fcbliche \u201eSommerloch\u201c vorbei ist, waren in den vergangenen Wochen in ganz MV vermehrt rechte Aktivit\u00e4ten festzustellen. In den meisten F\u00e4llen kann gegen diese Umtriebe mobilisiert werden, selbst wenn sie mitunter erst sehr kurzfristig bekannt werden. So konnte am Freitag, den 11.09., erfolgreich gegen eine Mahnwache der \u201eMV-Patrioten\u201c in Stralsund protestiert werden. Interessierte B\u00fcrgerInnen &hellip; <a href=\"http:\/\/www.rockgegenrechts.com\/?p=3188\" class=\"more-link\"><span class=\"screen-reader-text\">Rechte k\u00fcndigen in Mecklenburg-Vorpommern hei\u00dfen Demo-Herbst an!<\/span> weiterlesen<\/a><\/p>\n","protected":false},"author":0,"featured_media":2801,"comment_status":"closed","ping_status":"closed","sticky":false,"template":"","format":"standard","meta":{"jetpack_post_was_ever_published":false,"_jetpack_newsletter_access":"","_jetpack_dont_email_post_to_subs":false,"_jetpack_newsletter_tier_id":0,"_jetpack_memberships_contains_paywalled_content":false,"_jetpack_memberships_contains_paid_content":false,"footnotes":"","jetpack_publicize_message":"","jetpack_publicize_feature_enabled":true,"jetpack_social_post_already_shared":false,"jetpack_social_options":{"image_generator_settings":{"template":"highway","enabled":false},"version":2}},"categories":[1,68],"tags":[],"class_list":["post-3188","post","type-post","status-publish","format-standard","has-post-thumbnail","hentry","category-allgemein","category-stralsund-nazifrei"],"jetpack_publicize_connections":[],"jetpack_featured_media_url":"https:\/\/rockgegenrechts.bplaced.net\/wp-content\/uploads\/2015\/02\/8991_780252922023949_2802627271784005404_n.jpeg","jetpack_shortlink":"https:\/\/wp.me\/p63KIm-Pq","jetpack_sharing_enabled":true,"_links":{"self":[{"href":"http:\/\/www.rockgegenrechts.com\/index.php?rest_route=\/wp\/v2\/posts\/3188"}],"collection":[{"href":"http:\/\/www.rockgegenrechts.com\/index.php?rest_route=\/wp\/v2\/posts"}],"about":[{"href":"http:\/\/www.rockgegenrechts.com\/index.php?rest_route=\/wp\/v2\/types\/post"}],"replies":[{"embeddable":true,"href":"http:\/\/www.rockgegenrechts.com\/index.php?rest_route=%2Fwp%2Fv2%2Fcomments&post=3188"}],"version-history":[{"count":3,"href":"http:\/\/www.rockgegenrechts.com\/index.php?rest_route=\/wp\/v2\/posts\/3188\/revisions"}],"predecessor-version":[{"id":3403,"href":"http:\/\/www.rockgegenrechts.com\/index.php?rest_route=\/wp\/v2\/posts\/3188\/revisions\/3403"}],"wp:featuredmedia":[{"embeddable":true,"href":"http:\/\/www.rockgegenrechts.com\/index.php?rest_route=\/wp\/v2\/media\/2801"}],"wp:attachment":[{"href":"http:\/\/www.rockgegenrechts.com\/index.php?rest_route=%2Fwp%2Fv2%2Fmedia&parent=3188"}],"wp:term":[{"taxonomy":"category","embeddable":true,"href":"http:\/\/www.rockgegenrechts.com\/index.php?rest_route=%2Fwp%2Fv2%2Fcategories&post=3188"},{"taxonomy":"post_tag","embeddable":true,"href":"http:\/\/www.rockgegenrechts.com\/index.php?rest_route=%2Fwp%2Fv2%2Ftags&post=3188"}],"curies":[{"name":"wp","href":"https:\/\/api.w.org\/{rel}","templated":true}]}}