{"id":3199,"date":"2015-09-20T11:52:24","date_gmt":"2015-09-20T11:52:24","guid":{"rendered":"http:\/\/www.rockgegenrechts.com\/?p=3199"},"modified":"2015-10-13T13:02:46","modified_gmt":"2015-10-13T13:02:46","slug":"ein-tag-fuer-vielfalt-und-engagement","status":"publish","type":"post","link":"http:\/\/www.rockgegenrechts.com\/?p=3199","title":{"rendered":"Ein Tag f\u00fcr Vielfalt und Engagement"},"content":{"rendered":"<p style=\"text-align: justify;\">Der 18.09.2015 war f\u00fcr Stralsund ein sehr vielf\u00e4ltiger Tag, an dessen Gestaltung viele Menschen aus der Stadt und ihrer Umgebung teil hatten und Veranstaltungen auf die Beine stellten.<\/p>\n<h4 style=\"text-align: justify;\">Willkommensfest<a href=\"http:\/\/rockgegenrechts.square7.ch\/wp-content\/uploads\/2015\/09\/FB_IMG_1442655208544.jpg\"><img loading=\"lazy\" decoding=\"async\" class=\" size-medium wp-image-3219 alignright\" src=\"http:\/\/rockgegenrechts.square7.ch\/wp-content\/uploads\/2015\/09\/FB_IMG_1442655208544-300x225.jpg\" alt=\"FB_IMG_1442655208544\" width=\"300\" height=\"225\" srcset=\"https:\/\/rockgegenrechts.bplaced.net\/wp-content\/uploads\/2015\/09\/FB_IMG_1442655208544-300x225.jpg 300w, https:\/\/rockgegenrechts.bplaced.net\/wp-content\/uploads\/2015\/09\/FB_IMG_1442655208544-1024x768.jpg 1024w, https:\/\/rockgegenrechts.bplaced.net\/wp-content\/uploads\/2015\/09\/FB_IMG_1442655208544-268x200.jpg 268w, https:\/\/rockgegenrechts.bplaced.net\/wp-content\/uploads\/2015\/09\/FB_IMG_1442655208544-700x525.jpg 700w, https:\/\/rockgegenrechts.bplaced.net\/wp-content\/uploads\/2015\/09\/FB_IMG_1442655208544-1082x812.jpg 1082w, https:\/\/rockgegenrechts.bplaced.net\/wp-content\/uploads\/2015\/09\/FB_IMG_1442655208544.jpg 1280w\" sizes=\"(max-width: 300px) 100vw, 300px\" \/><\/a><\/h4>\n<p style=\"text-align: justify;\">Ein breites B\u00fcndnis aus Parteien, Bewegungen, Vereinen und Unternehmen hatte recht kurzfristig ein Willkommensfest ins Leben gerufen, auf dem sich \u00fcber 200 BesucherInnen auf dem Gel\u00e4nde der SIC (Stralsunder Innovations Consult) tummelten. Von nah und fern waren viele Menschen angereist, um den anwesenden Gefl\u00fcchteten einen herzlichen Empfang zu bereiten. Die Veranstalter hatten Busse organisiert, um den Gefl\u00fcchteten eine sichere Anreise zu gew\u00e4hrleisten.<\/p>\n<p style=\"text-align: justify;\">Die Stimmung auf dem Fest war ausgelassen und wurde von Musik, Tanzeinlagen und anderen kulturellen H\u00f6hepunkten begleitet. Auch die Gefl\u00fcchteten selbst trugen zu der ausgelassenen Stimmung bei, so hatte eine syrische Gruppe eine eigene Tanz-Aktion gestaltet, die von den BesucherInnen fr\u00f6hlich aufgenommen wurde.<\/p>\n<p style=\"text-align: justify;\"><a href=\"http:\/\/rockgegenrechts.square7.ch\/wp-content\/uploads\/2015\/09\/FB_IMG_1442655137533.jpg\"><img loading=\"lazy\" decoding=\"async\" class=\" size-medium wp-image-3215 alignleft\" src=\"http:\/\/rockgegenrechts.square7.ch\/wp-content\/uploads\/2015\/09\/FB_IMG_1442655137533-300x225.jpg\" alt=\"FB_IMG_1442655137533\" width=\"300\" height=\"225\" srcset=\"https:\/\/rockgegenrechts.bplaced.net\/wp-content\/uploads\/2015\/09\/FB_IMG_1442655137533-300x225.jpg 300w, https:\/\/rockgegenrechts.bplaced.net\/wp-content\/uploads\/2015\/09\/FB_IMG_1442655137533-1024x768.jpg 1024w, https:\/\/rockgegenrechts.bplaced.net\/wp-content\/uploads\/2015\/09\/FB_IMG_1442655137533-268x200.jpg 268w, https:\/\/rockgegenrechts.bplaced.net\/wp-content\/uploads\/2015\/09\/FB_IMG_1442655137533-700x525.jpg 700w, https:\/\/rockgegenrechts.bplaced.net\/wp-content\/uploads\/2015\/09\/FB_IMG_1442655137533-1082x812.jpg 1082w, https:\/\/rockgegenrechts.bplaced.net\/wp-content\/uploads\/2015\/09\/FB_IMG_1442655137533.jpg 1280w\" sizes=\"(max-width: 300px) 100vw, 300px\" \/><\/a>Ein besonderes Lob gilt nicht nur den OrganisatorInnen, sondern auch den vielen Menschen, die dem Spendenaufruf gefolgt sind und zahlreiche Sachspenden mitbrachten. Diese wurden zun\u00e4chst an die Gefl\u00fcchteten vor Ort verteilt, die \u00fcbrigen Dinge werden anderen zukommen.<\/p>\n<h4 style=\"text-align: justify;\">Nazis st\u00f6ren Willkommensfest<\/h4>\n<p style=\"text-align: justify;\">Die einzigen Ruhest\u00f6rer waren die ortsans\u00e4ssigen Neofaschisten von der NPD. In Sichtweite des Festes hatten diese auf \u00f6ffentlichem Gel\u00e4nde eine Mahnwache angemeldet und redeten auf ihrer Kundgebung den Untergang des Abendlandes herbei. Einschl\u00e4gig bekannte, lokale Nazik\u00f6pfe wie Enrico Naumann (ehemals \u201eMVGIDA\u201c, neuerdings \u201eMV-Patrioten\u201c) und Dirk Arendt (NPD- Kreisvorsitzender) versuchten ihre Hirngespinste einer \u201eAsylflut\u201c, rassistische Vorurteile und rechtsradikale Ideologie zu verbreiten. Die Mahnwache, deren Teilnehmerzahl weit hinter der des Willkommensfestes zur\u00fcck blieb, war offensiv gegen dieses angemeldet worden.<\/p>\n<p style=\"text-align: justify;\">Enrico Naumann hielt indes nicht nur eine Rede am NPD-Stand, sondern war auch flei\u00dfig damit besch\u00e4ftigt, BesucherInnen des Willkommensfestes zu fotografieren. Naumann hatte sich vor einigen Monaten von MVGIDA distanziert, das er selbst gegr\u00fcndet hatte. Er begr\u00fcndete dies damals damit, dass Neonazis seine Bestrebungen unterwandert h\u00e4tten.<\/p>\n<p style=\"text-align: justify;\">Kleinere Gruppen von Neonazis versuchten au\u00dferdem das Fest zu st\u00f6ren und verbreiteten sich rund um das Gel\u00e4nde der SIC.<\/p>\n<h4 style=\"text-align: justify;\">Polizei geht gegen Nazis vor<\/h4>\n<p style=\"text-align: justify;\">Die Polizei hat an diesem Tag tadellos gearbeitet. Die Mahnwache der Nazis stand unter st\u00e4ndiger Bewachung und auch die Gr\u00fcnfl\u00e4chen in der N\u00e4he des Festes wurden unabl\u00e4ssig von Hundestaffeln abgelaufen, um Angriffe der Rechten zu verhindern. Selbst einzelne Sp\u00e4her wurden immer wieder von der Polizei zur\u00fcckgedr\u00e4ngt. Auch w\u00e4hrend der \u201e10 Jahre Rock gegen Rechts Stralsund\u201c Veranstaltung war der Einsatz durchgehend positiv. Streifenfahrten waren in der gesamten Stadt erh\u00f6ht worden und auch die Hundestaffel blieb am Abend weiterhin aktiv.<\/p>\n<p style=\"text-align: justify;\">Somit war es allen BewohnerInnen, Gefl\u00fcchteten und G\u00e4sten m\u00f6glich, einen friedlichen Tag zu genie\u00dfen.<\/p>\n<p style=\"text-align: justify;\">Hier noch weitere Bilder vom Fest:<\/p>\n<p style=\"text-align: justify;\"><a href=\"http:\/\/rockgegenrechts.square7.ch\/wp-content\/uploads\/2015\/09\/FB_IMG_1442655165530.jpg\"><img loading=\"lazy\" decoding=\"async\" class=\" size-medium wp-image-3218 alignleft\" src=\"http:\/\/rockgegenrechts.square7.ch\/wp-content\/uploads\/2015\/09\/FB_IMG_1442655165530-300x225.jpg\" alt=\"FB_IMG_1442655165530\" width=\"300\" height=\"225\" srcset=\"https:\/\/rockgegenrechts.bplaced.net\/wp-content\/uploads\/2015\/09\/FB_IMG_1442655165530-300x225.jpg 300w, https:\/\/rockgegenrechts.bplaced.net\/wp-content\/uploads\/2015\/09\/FB_IMG_1442655165530-1024x768.jpg 1024w, https:\/\/rockgegenrechts.bplaced.net\/wp-content\/uploads\/2015\/09\/FB_IMG_1442655165530-268x200.jpg 268w, https:\/\/rockgegenrechts.bplaced.net\/wp-content\/uploads\/2015\/09\/FB_IMG_1442655165530-700x525.jpg 700w, https:\/\/rockgegenrechts.bplaced.net\/wp-content\/uploads\/2015\/09\/FB_IMG_1442655165530-1082x812.jpg 1082w, https:\/\/rockgegenrechts.bplaced.net\/wp-content\/uploads\/2015\/09\/FB_IMG_1442655165530.jpg 1280w\" sizes=\"(max-width: 300px) 100vw, 300px\" \/><\/a> <a href=\"http:\/\/rockgegenrechts.square7.ch\/wp-content\/uploads\/2015\/09\/FB_IMG_1442655142932.jpg\"><img loading=\"lazy\" decoding=\"async\" class=\" size-medium wp-image-3216 alignright\" src=\"http:\/\/rockgegenrechts.square7.ch\/wp-content\/uploads\/2015\/09\/FB_IMG_1442655142932-300x225.jpg\" alt=\"FB_IMG_1442655142932\" width=\"300\" height=\"225\" srcset=\"https:\/\/rockgegenrechts.bplaced.net\/wp-content\/uploads\/2015\/09\/FB_IMG_1442655142932-300x225.jpg 300w, https:\/\/rockgegenrechts.bplaced.net\/wp-content\/uploads\/2015\/09\/FB_IMG_1442655142932-1024x768.jpg 1024w, https:\/\/rockgegenrechts.bplaced.net\/wp-content\/uploads\/2015\/09\/FB_IMG_1442655142932-268x200.jpg 268w, https:\/\/rockgegenrechts.bplaced.net\/wp-content\/uploads\/2015\/09\/FB_IMG_1442655142932-700x525.jpg 700w, https:\/\/rockgegenrechts.bplaced.net\/wp-content\/uploads\/2015\/09\/FB_IMG_1442655142932-1082x812.jpg 1082w, https:\/\/rockgegenrechts.bplaced.net\/wp-content\/uploads\/2015\/09\/FB_IMG_1442655142932.jpg 1280w\" sizes=\"(max-width: 300px) 100vw, 300px\" \/><\/a> <a href=\"http:\/\/rockgegenrechts.square7.ch\/wp-content\/uploads\/2015\/09\/FB_IMG_1442655126141.jpg\"><img loading=\"lazy\" decoding=\"async\" class=\" size-medium wp-image-3214 alignleft\" src=\"http:\/\/rockgegenrechts.square7.ch\/wp-content\/uploads\/2015\/09\/FB_IMG_1442655126141-300x225.jpg\" alt=\"FB_IMG_1442655126141\" width=\"300\" height=\"225\" srcset=\"https:\/\/rockgegenrechts.bplaced.net\/wp-content\/uploads\/2015\/09\/FB_IMG_1442655126141-300x225.jpg 300w, https:\/\/rockgegenrechts.bplaced.net\/wp-content\/uploads\/2015\/09\/FB_IMG_1442655126141-1024x768.jpg 1024w, https:\/\/rockgegenrechts.bplaced.net\/wp-content\/uploads\/2015\/09\/FB_IMG_1442655126141-268x200.jpg 268w, https:\/\/rockgegenrechts.bplaced.net\/wp-content\/uploads\/2015\/09\/FB_IMG_1442655126141-700x525.jpg 700w, https:\/\/rockgegenrechts.bplaced.net\/wp-content\/uploads\/2015\/09\/FB_IMG_1442655126141-1082x812.jpg 1082w, https:\/\/rockgegenrechts.bplaced.net\/wp-content\/uploads\/2015\/09\/FB_IMG_1442655126141.jpg 1280w\" sizes=\"(max-width: 300px) 100vw, 300px\" \/><\/a> <a href=\"http:\/\/rockgegenrechts.square7.ch\/wp-content\/uploads\/2015\/09\/FB_IMG_1442655109144.jpg\"><img loading=\"lazy\" decoding=\"async\" class=\" size-medium wp-image-3213 alignright\" src=\"http:\/\/rockgegenrechts.square7.ch\/wp-content\/uploads\/2015\/09\/FB_IMG_1442655109144-300x225.jpg\" alt=\"FB_IMG_1442655109144\" width=\"300\" height=\"225\" srcset=\"https:\/\/rockgegenrechts.bplaced.net\/wp-content\/uploads\/2015\/09\/FB_IMG_1442655109144-300x225.jpg 300w, https:\/\/rockgegenrechts.bplaced.net\/wp-content\/uploads\/2015\/09\/FB_IMG_1442655109144-1024x768.jpg 1024w, https:\/\/rockgegenrechts.bplaced.net\/wp-content\/uploads\/2015\/09\/FB_IMG_1442655109144-268x200.jpg 268w, https:\/\/rockgegenrechts.bplaced.net\/wp-content\/uploads\/2015\/09\/FB_IMG_1442655109144-700x525.jpg 700w, https:\/\/rockgegenrechts.bplaced.net\/wp-content\/uploads\/2015\/09\/FB_IMG_1442655109144-1082x812.jpg 1082w, https:\/\/rockgegenrechts.bplaced.net\/wp-content\/uploads\/2015\/09\/FB_IMG_1442655109144.jpg 1280w\" sizes=\"(max-width: 300px) 100vw, 300px\" \/><\/a><\/p>\n","protected":false},"excerpt":{"rendered":"<p>Der 18.09.2015 war f\u00fcr Stralsund ein sehr vielf\u00e4ltiger Tag, an dessen Gestaltung viele Menschen aus der Stadt und ihrer Umgebung teil hatten und Veranstaltungen auf die Beine stellten. Willkommensfest Ein breites B\u00fcndnis aus Parteien, Bewegungen, Vereinen und Unternehmen hatte recht kurzfristig ein Willkommensfest ins Leben gerufen, auf dem sich \u00fcber 200 BesucherInnen auf dem Gel\u00e4nde &hellip; <a href=\"http:\/\/www.rockgegenrechts.com\/?p=3199\" class=\"more-link\"><span class=\"screen-reader-text\">Ein Tag f\u00fcr Vielfalt und Engagement<\/span> weiterlesen<\/a><\/p>\n","protected":false},"author":0,"featured_media":3217,"comment_status":"closed","ping_status":"closed","sticky":false,"template":"","format":"standard","meta":{"jetpack_post_was_ever_published":false,"_jetpack_newsletter_access":"","_jetpack_dont_email_post_to_subs":false,"_jetpack_newsletter_tier_id":0,"_jetpack_memberships_contains_paywalled_content":false,"_jetpack_memberships_contains_paid_content":false,"footnotes":"","jetpack_publicize_message":"","jetpack_publicize_feature_enabled":true,"jetpack_social_post_already_shared":false,"jetpack_social_options":{"image_generator_settings":{"template":"highway","enabled":false},"version":2}},"categories":[1,16,69,68],"tags":[],"class_list":["post-3199","post","type-post","status-publish","format-standard","has-post-thumbnail","hentry","category-allgemein","category-events","category-flucht-und-asyl","category-stralsund-nazifrei"],"jetpack_publicize_connections":[],"jetpack_featured_media_url":"https:\/\/rockgegenrechts.bplaced.net\/wp-content\/uploads\/2015\/09\/FB_IMG_1442655160673.jpg","jetpack_shortlink":"https:\/\/wp.me\/p63KIm-PB","jetpack_sharing_enabled":true,"_links":{"self":[{"href":"http:\/\/www.rockgegenrechts.com\/index.php?rest_route=\/wp\/v2\/posts\/3199"}],"collection":[{"href":"http:\/\/www.rockgegenrechts.com\/index.php?rest_route=\/wp\/v2\/posts"}],"about":[{"href":"http:\/\/www.rockgegenrechts.com\/index.php?rest_route=\/wp\/v2\/types\/post"}],"replies":[{"embeddable":true,"href":"http:\/\/www.rockgegenrechts.com\/index.php?rest_route=%2Fwp%2Fv2%2Fcomments&post=3199"}],"version-history":[{"count":4,"href":"http:\/\/www.rockgegenrechts.com\/index.php?rest_route=\/wp\/v2\/posts\/3199\/revisions"}],"predecessor-version":[{"id":3222,"href":"http:\/\/www.rockgegenrechts.com\/index.php?rest_route=\/wp\/v2\/posts\/3199\/revisions\/3222"}],"wp:featuredmedia":[{"embeddable":true,"href":"http:\/\/www.rockgegenrechts.com\/index.php?rest_route=\/wp\/v2\/media\/3217"}],"wp:attachment":[{"href":"http:\/\/www.rockgegenrechts.com\/index.php?rest_route=%2Fwp%2Fv2%2Fmedia&parent=3199"}],"wp:term":[{"taxonomy":"category","embeddable":true,"href":"http:\/\/www.rockgegenrechts.com\/index.php?rest_route=%2Fwp%2Fv2%2Fcategories&post=3199"},{"taxonomy":"post_tag","embeddable":true,"href":"http:\/\/www.rockgegenrechts.com\/index.php?rest_route=%2Fwp%2Fv2%2Ftags&post=3199"}],"curies":[{"name":"wp","href":"https:\/\/api.w.org\/{rel}","templated":true}]}}