{"id":3201,"date":"2015-09-20T12:09:02","date_gmt":"2015-09-20T12:09:02","guid":{"rendered":"http:\/\/www.rockgegenrechts.com\/?p=3201"},"modified":"2015-09-21T10:19:30","modified_gmt":"2015-09-21T10:19:30","slug":"das-wichtigste-ist-sich-zu-engagieren","status":"publish","type":"post","link":"http:\/\/www.rockgegenrechts.com\/?p=3201","title":{"rendered":"Das Wichtigste ist, sich zu engagieren!"},"content":{"rendered":"<figure id=\"attachment_3202\" aria-describedby=\"caption-attachment-3202\" style=\"width: 300px\" class=\"wp-caption alignright\"><a href=\"http:\/\/rockgegenrechts.square7.ch\/wp-content\/uploads\/2015\/09\/FB_IMG_1442655225299.jpg\"><img loading=\"lazy\" decoding=\"async\" class=\"wp-image-3202 size-medium\" src=\"http:\/\/rockgegenrechts.square7.ch\/wp-content\/uploads\/2015\/09\/FB_IMG_1442655225299-300x225.jpg\" alt=\"FB_IMG_1442655225299\" width=\"300\" height=\"225\" srcset=\"https:\/\/rockgegenrechts.bplaced.net\/wp-content\/uploads\/2015\/09\/FB_IMG_1442655225299-300x225.jpg 300w, https:\/\/rockgegenrechts.bplaced.net\/wp-content\/uploads\/2015\/09\/FB_IMG_1442655225299-1024x768.jpg 1024w, https:\/\/rockgegenrechts.bplaced.net\/wp-content\/uploads\/2015\/09\/FB_IMG_1442655225299-268x200.jpg 268w, https:\/\/rockgegenrechts.bplaced.net\/wp-content\/uploads\/2015\/09\/FB_IMG_1442655225299-700x525.jpg 700w, https:\/\/rockgegenrechts.bplaced.net\/wp-content\/uploads\/2015\/09\/FB_IMG_1442655225299.jpg 1280w\" sizes=\"(max-width: 300px) 100vw, 300px\" \/><\/a><figcaption id=\"caption-attachment-3202\" class=\"wp-caption-text\">Im Namen der Linksfraktion im Bundestag \u00fcberreichte Kerstin Kassner zu Beginn einen Spendencheck.<\/figcaption><\/figure>\n<p style=\"text-align: justify;\">So lautete der Appell, der w\u00e4hrend der Podiumsdiskussion zu \u201e10 Jahre Rock gegen Rechts Stralsund\u201c\u00a0\u00a0Im Namen der Linksfraktion im Bundestag \u00fcberreichte Kerstin Kassner zu Beginn einen Spendencheckimmer wieder zu vernehmen war. Er war die Quintessenz, die man den spannenden Beitr\u00e4gen zum antifaschistischen Engagement in der Vergangenheit und Gegenwart der PodiumsteilnehmerInnen entnehmen konnte.<\/p>\n<h4 style=\"text-align: justify;\"><\/h4>\n<h4 style=\"text-align: justify;\"><strong>Die Diskutierenden<\/strong><\/h4>\n<p style=\"text-align: justify;\">Der Raum in der Kulturkirche war bis zum letzten Platz gef\u00fcllt, als Antje Rudolph von der Kreisvolkshochschule am 18.09. die Podiumsdiskussion er\u00f6ffnete. Die Diskutierenden verk\u00f6rperten ein breites Spektrum gesellschaftlichen Engagements gegen Rassismus und neonazistische Ideologie. Da war Ahmed Shah von der Initative Grenzen Los aus Berlin, der schon von Rock against Racism in den 70er Jahren in Gro\u00dfbritannien politisiert worden war, daneben auch Volkhard Mosler, der \u201eRock gegen Rechts\u201c 1979 in Frankfurt mitbegr\u00fcndet hatte. W\u00e4hrend die beiden besondere globale und historische Einsch\u00e4tzungen liefern konnten, konzentrierte sich der Blick bei Jens Knoop und Birgit Lohmeyer st\u00e4rker auf die Situation in MV. Zu guter Letzt sa\u00df auch Monchi von Feine Sahne Fischfilet auf dem Podium, der stets auch auf Widerspr\u00fcche in der Bewegung aufmerksam machte.<\/p>\n<h4 style=\"text-align: justify;\"><a href=\"http:\/\/rockgegenrechts.square7.ch\/wp-content\/uploads\/2015\/09\/received_533727006786005.jpeg\"><img loading=\"lazy\" decoding=\"async\" class=\" size-medium wp-image-3203 alignleft\" src=\"http:\/\/rockgegenrechts.square7.ch\/wp-content\/uploads\/2015\/09\/received_533727006786005-300x200.jpeg\" alt=\"received_533727006786005\" width=\"300\" height=\"200\" srcset=\"https:\/\/rockgegenrechts.bplaced.net\/wp-content\/uploads\/2015\/09\/received_533727006786005-300x200.jpeg 300w, https:\/\/rockgegenrechts.bplaced.net\/wp-content\/uploads\/2015\/09\/received_533727006786005-700x467.jpeg 700w, https:\/\/rockgegenrechts.bplaced.net\/wp-content\/uploads\/2015\/09\/received_533727006786005.jpeg 960w\" sizes=\"(max-width: 300px) 100vw, 300px\" \/><\/a>Erfahrungen und Einsch\u00e4tzungen<\/h4>\n<p style=\"text-align: justify;\">Zusammen ergab dies eine sehr lebendige Gruppe, bei der Frau Rudolph als Moderatorin nach anf\u00e4nglichen Stichworten in den Hintergrund treten konnte und den Diskutierenden gen\u00fcgend Raum f\u00fcr ihre Gedanken gab. Die BesucherInnen erfuhren so von Herrn Mosler vieles \u00fcber die Anfangsschwierigkeiten Rock gegen Rechts&#8216; in Frankfurt und insgesamt Westdeutschland in den 70er Jahren, was von Ahmed Shah durch Vergleiche mit der englischen Entwicklung und aktuellen Initiativen in Berlin, wie dem Festiwalla, erg\u00e4nzt wurde. Monchi konnte aus eigenen Erfahrungen die von Nazikultur mitgepr\u00e4gte Jugend im vorpommerschen Dorf wiedergeben. In Verbindung mit den Projekten der Lohmeyers und Rock gegen Rechts Stralsund stellte sich zwangsl\u00e4ufig im ersten Teil wiederholt die Frage, wie und warum gerade Musik ein so ansprechendes Medium beim Engagement gegen Neofaschismus darstellt. W\u00e4hrend Jens Knoop hierbei die Position vertrat, dass Musikveranstaltungen eben eine besondere Form der Begegnung darstellen, die keine besondere Politisierung erfordern, gab Monchi zu bedenken, dass derlei Gemeinschaftsgef\u00fchl auch von den Nazis auf ihre Konzerten geschaffen werde. Diese w\u00fcrden ihre Musik jedoch auch gezielt nutzen, um ihre Ideologie zu verbreiten und sich gegenseitig in ihrem Hass zu best\u00e4tigen. Daran anschlie\u00dfend war es dem S\u00e4nger besonders wichtig darauf hinzuweisen, dass Antifaschismus nicht in der Nische einer Subkultur verharren d\u00fcrfe und immer auch nach au\u00dfen wirken m\u00fcsse.<\/p>\n<h4 style=\"text-align: justify;\">Zusammenarbeit mit der b\u00fcrgerlichen Gesellschaft<\/h4>\n<p style=\"text-align: justify;\">Diesen Aspekt griff auch Birgit Lohmeyer auf, als sie erkl\u00e4rte, warum man sich bei \u201eJamel rockt den <a href=\"http:\/\/rockgegenrechts.square7.ch\/wp-content\/uploads\/2015\/09\/received_533727013452671.jpeg\"><img loading=\"lazy\" decoding=\"async\" class=\" size-medium wp-image-3204 alignright\" src=\"http:\/\/rockgegenrechts.square7.ch\/wp-content\/uploads\/2015\/09\/received_533727013452671-300x200.jpeg\" alt=\"received_533727013452671\" width=\"300\" height=\"200\" srcset=\"https:\/\/rockgegenrechts.bplaced.net\/wp-content\/uploads\/2015\/09\/received_533727013452671-300x200.jpeg 300w, https:\/\/rockgegenrechts.bplaced.net\/wp-content\/uploads\/2015\/09\/received_533727013452671-700x467.jpeg 700w, https:\/\/rockgegenrechts.bplaced.net\/wp-content\/uploads\/2015\/09\/received_533727013452671.jpeg 960w\" sizes=\"(max-width: 300px) 100vw, 300px\" \/><\/a>F\u00f6rster\u201c bewusst daf\u00fcr entschieden hatte, keine Botschaft \u201egegen\u201c etwas zu verwenden, sondern stattdessen mit einer positiven Einstellung den Menschen in der von Nazis gepr\u00e4gten Gegend von Jamel zu begegnen. Hierbei wurde auch das wom\u00f6glich gr\u00f6\u00dfte Dilemma des Engagements gegen Rechts deutlich: W\u00e4hrend es einerseits notwendig ist, auf das b\u00fcrgerliche System zuzugehen, um eine Massenbasis zu erhalten, sind es gleichzeitig die Vertreter eben dieses Systems, die den Aktionen die gr\u00f6\u00dften Steine in den Weg legen. Da wird RgR Stralsund bis heute von manchen konservativen Ansprechpartnern als \u201elinke Krawallmacher\u201c abgestempelt, da wird Feine Sahne Fischfilet wegen ihres kontinuierlichen Einsatzes vom Verfassungsschutz verfolgt und Ahmed Shah sieht sich auch bei \u201eliberalen\u201c B\u00fcndnispartnern latenter Islamophobie ausgesetzt. Angela Merkel verk\u00fcndet die Fl\u00fcchtlinge betreffend \u201eWir schaffen das!\u201c und l\u00e4sst am n\u00e4chsten Tag vom Innenminister die Grenzen hochziehen.<\/p>\n<h4 style=\"text-align: justify;\">Engagiert Euch!<\/h4>\n<p style=\"text-align: justify;\">Die Schlussfolgerung aus diesem Dilemma war f\u00fcr die TeilnehmerInnen des Podiums klar: Engagiert euch! Sei es in Jamel, f\u00fcr Gefl\u00fcchtete in der eigenen Stadt oder bei Rock gegen Rechts in Stralsund.<\/p>\n<p style=\"text-align: justify;\">Und an dieser Stelle k\u00f6nnen wir von Rock gegen Rechts auch in eigener Sache sagen: Wartet nicht, bis jemand etwas f\u00fcr euch auf die Beine stellt, sondern werdet selbst aktiv. Selbst wenn ihr nur eine Idee habt und nicht wisst, wie ihr sie alleine stemmen k\u00f6nnt \u2013 meldet euch bei uns und es werden sich zusammen Wege finden lassen.<\/p>\n<h4 style=\"text-align: justify;\">Fotoaktion<\/h4>\n<p style=\"text-align: justify;\">Die Podiumsdiskussion wurde begleitet von einer Fotoaktion, an der ca. 30 Menschen teilgenommen und sich positioniert haben. Wir bedanken uns f\u00fcr die Unterst\u00fctzung des Fotografen Moritz Werthschulte. Die Ergebnisse seht ihr hier:<\/p>\n<p style=\"text-align: justify;\"><a href=\"http:\/\/rockgegenrechts.square7.ch\/wp-content\/uploads\/2015\/09\/tafel1-verkleinert.jpg\"><img loading=\"lazy\" decoding=\"async\" class=\" size-medium wp-image-3226 alignleft\" src=\"http:\/\/rockgegenrechts.square7.ch\/wp-content\/uploads\/2015\/09\/tafel1-verkleinert-300x206.jpg\" alt=\"tafel1 verkleinert\" width=\"300\" height=\"206\" srcset=\"https:\/\/rockgegenrechts.bplaced.net\/wp-content\/uploads\/2015\/09\/tafel1-verkleinert-300x206.jpg 300w, https:\/\/rockgegenrechts.bplaced.net\/wp-content\/uploads\/2015\/09\/tafel1-verkleinert-1024x703.jpg 1024w, https:\/\/rockgegenrechts.bplaced.net\/wp-content\/uploads\/2015\/09\/tafel1-verkleinert-700x480.jpg 700w, https:\/\/rockgegenrechts.bplaced.net\/wp-content\/uploads\/2015\/09\/tafel1-verkleinert-1082x743.jpg 1082w\" sizes=\"(max-width: 300px) 100vw, 300px\" \/><\/a><\/p>\n<p style=\"text-align: justify;\"><a href=\"http:\/\/rockgegenrechts.square7.ch\/wp-content\/uploads\/2015\/09\/tafel2-verkleinert1.jpg\"><img loading=\"lazy\" decoding=\"async\" class=\" size-medium wp-image-3229 alignright\" src=\"http:\/\/rockgegenrechts.square7.ch\/wp-content\/uploads\/2015\/09\/tafel2-verkleinert1-300x206.jpg\" alt=\"tafel2 verkleinert\" width=\"300\" height=\"206\" srcset=\"https:\/\/rockgegenrechts.bplaced.net\/wp-content\/uploads\/2015\/09\/tafel2-verkleinert1-300x206.jpg 300w, https:\/\/rockgegenrechts.bplaced.net\/wp-content\/uploads\/2015\/09\/tafel2-verkleinert1-1024x703.jpg 1024w, https:\/\/rockgegenrechts.bplaced.net\/wp-content\/uploads\/2015\/09\/tafel2-verkleinert1-700x480.jpg 700w, https:\/\/rockgegenrechts.bplaced.net\/wp-content\/uploads\/2015\/09\/tafel2-verkleinert1-1082x743.jpg 1082w\" sizes=\"(max-width: 300px) 100vw, 300px\" \/><\/a> <a href=\"http:\/\/rockgegenrechts.square7.ch\/wp-content\/uploads\/2015\/09\/tafel3-verkleinert.jpg\"><img loading=\"lazy\" decoding=\"async\" class=\" size-medium wp-image-3230 alignleft\" src=\"http:\/\/rockgegenrechts.square7.ch\/wp-content\/uploads\/2015\/09\/tafel3-verkleinert-300x206.jpg\" alt=\"tafel3 verkleinert\" width=\"300\" height=\"206\" srcset=\"https:\/\/rockgegenrechts.bplaced.net\/wp-content\/uploads\/2015\/09\/tafel3-verkleinert-300x206.jpg 300w, https:\/\/rockgegenrechts.bplaced.net\/wp-content\/uploads\/2015\/09\/tafel3-verkleinert-1024x703.jpg 1024w, https:\/\/rockgegenrechts.bplaced.net\/wp-content\/uploads\/2015\/09\/tafel3-verkleinert-700x480.jpg 700w, https:\/\/rockgegenrechts.bplaced.net\/wp-content\/uploads\/2015\/09\/tafel3-verkleinert-1082x743.jpg 1082w\" sizes=\"(max-width: 300px) 100vw, 300px\" \/><\/a> <a href=\"http:\/\/rockgegenrechts.square7.ch\/wp-content\/uploads\/2015\/09\/tafel4-verkleinert.jpg\"><img loading=\"lazy\" decoding=\"async\" class=\" size-medium wp-image-3231 alignright\" src=\"http:\/\/rockgegenrechts.square7.ch\/wp-content\/uploads\/2015\/09\/tafel4-verkleinert-300x206.jpg\" alt=\"tafel4 verkleinert\" width=\"300\" height=\"206\" srcset=\"https:\/\/rockgegenrechts.bplaced.net\/wp-content\/uploads\/2015\/09\/tafel4-verkleinert-300x206.jpg 300w, https:\/\/rockgegenrechts.bplaced.net\/wp-content\/uploads\/2015\/09\/tafel4-verkleinert-1024x703.jpg 1024w, https:\/\/rockgegenrechts.bplaced.net\/wp-content\/uploads\/2015\/09\/tafel4-verkleinert-700x480.jpg 700w, https:\/\/rockgegenrechts.bplaced.net\/wp-content\/uploads\/2015\/09\/tafel4-verkleinert-1082x743.jpg 1082w\" sizes=\"(max-width: 300px) 100vw, 300px\" \/><\/a><\/p>\n<p style=\"text-align: justify;\">\n","protected":false},"excerpt":{"rendered":"<p>So lautete der Appell, der w\u00e4hrend der Podiumsdiskussion zu \u201e10 Jahre Rock gegen Rechts Stralsund\u201c\u00a0\u00a0Im Namen der Linksfraktion im Bundestag \u00fcberreichte Kerstin Kassner zu Beginn einen Spendencheckimmer wieder zu vernehmen war. Er war die Quintessenz, die man den spannenden Beitr\u00e4gen zum antifaschistischen Engagement in der Vergangenheit und Gegenwart der PodiumsteilnehmerInnen entnehmen konnte. Die Diskutierenden Der &hellip; <a href=\"http:\/\/www.rockgegenrechts.com\/?p=3201\" class=\"more-link\"><span class=\"screen-reader-text\">Das Wichtigste ist, sich zu engagieren!<\/span> weiterlesen<\/a><\/p>\n","protected":false},"author":0,"featured_media":3072,"comment_status":"closed","ping_status":"closed","sticky":false,"template":"","format":"standard","meta":{"jetpack_post_was_ever_published":false,"_jetpack_newsletter_access":"","_jetpack_dont_email_post_to_subs":false,"_jetpack_newsletter_tier_id":0,"_jetpack_memberships_contains_paywalled_content":false,"_jetpack_memberships_contains_paid_content":false,"footnotes":"","jetpack_publicize_message":"","jetpack_publicize_feature_enabled":true,"jetpack_social_post_already_shared":false,"jetpack_social_options":{"image_generator_settings":{"template":"highway","enabled":false},"version":2}},"categories":[74,16],"tags":[],"class_list":["post-3201","post","type-post","status-publish","format-standard","has-post-thumbnail","hentry","category-agr-2015","category-events"],"jetpack_publicize_connections":[],"jetpack_featured_media_url":"https:\/\/rockgegenrechts.bplaced.net\/wp-content\/uploads\/2015\/08\/bday2.png","jetpack_shortlink":"https:\/\/wp.me\/p63KIm-PD","jetpack_sharing_enabled":true,"_links":{"self":[{"href":"http:\/\/www.rockgegenrechts.com\/index.php?rest_route=\/wp\/v2\/posts\/3201"}],"collection":[{"href":"http:\/\/www.rockgegenrechts.com\/index.php?rest_route=\/wp\/v2\/posts"}],"about":[{"href":"http:\/\/www.rockgegenrechts.com\/index.php?rest_route=\/wp\/v2\/types\/post"}],"replies":[{"embeddable":true,"href":"http:\/\/www.rockgegenrechts.com\/index.php?rest_route=%2Fwp%2Fv2%2Fcomments&post=3201"}],"version-history":[{"count":5,"href":"http:\/\/www.rockgegenrechts.com\/index.php?rest_route=\/wp\/v2\/posts\/3201\/revisions"}],"predecessor-version":[{"id":3233,"href":"http:\/\/www.rockgegenrechts.com\/index.php?rest_route=\/wp\/v2\/posts\/3201\/revisions\/3233"}],"wp:featuredmedia":[{"embeddable":true,"href":"http:\/\/www.rockgegenrechts.com\/index.php?rest_route=\/wp\/v2\/media\/3072"}],"wp:attachment":[{"href":"http:\/\/www.rockgegenrechts.com\/index.php?rest_route=%2Fwp%2Fv2%2Fmedia&parent=3201"}],"wp:term":[{"taxonomy":"category","embeddable":true,"href":"http:\/\/www.rockgegenrechts.com\/index.php?rest_route=%2Fwp%2Fv2%2Fcategories&post=3201"},{"taxonomy":"post_tag","embeddable":true,"href":"http:\/\/www.rockgegenrechts.com\/index.php?rest_route=%2Fwp%2Fv2%2Ftags&post=3201"}],"curies":[{"name":"wp","href":"https:\/\/api.w.org\/{rel}","templated":true}]}}