{"id":3236,"date":"2015-09-23T16:24:21","date_gmt":"2015-09-23T16:24:21","guid":{"rendered":"http:\/\/www.rockgegenrechts.com\/?p=3236"},"modified":"2015-09-25T07:09:55","modified_gmt":"2015-09-25T07:09:55","slug":"stralsund-aufruf-fuer-kommenden-freitag-ein-regenbogen-fuer-alle","status":"publish","type":"post","link":"http:\/\/www.rockgegenrechts.com\/?p=3236","title":{"rendered":"Stralsund | Aufruf f\u00fcr kommenden Freitag: Ein Regenbogen f\u00fcr Alle!!!"},"content":{"rendered":"<p style=\"text-align: justify;\"><a href=\"http:\/\/rockgegenrechts.square7.ch\/wp-content\/uploads\/2015\/09\/snbl.jpg\"><img loading=\"lazy\" decoding=\"async\" class=\"alignright size-medium wp-image-3237\" src=\"http:\/\/rockgegenrechts.square7.ch\/wp-content\/uploads\/2015\/09\/snbl-300x200.jpg\" alt=\"snbl\" width=\"300\" height=\"200\" srcset=\"https:\/\/rockgegenrechts.bplaced.net\/wp-content\/uploads\/2015\/09\/snbl-300x200.jpg 300w, https:\/\/rockgegenrechts.bplaced.net\/wp-content\/uploads\/2015\/09\/snbl-700x467.jpg 700w, https:\/\/rockgegenrechts.bplaced.net\/wp-content\/uploads\/2015\/09\/snbl.jpg 960w\" sizes=\"(max-width: 300px) 100vw, 300px\" \/><\/a>Rock gegen Rechts Stralsund unterst\u00fctzt den Aufruf von &#8222;<a href=\"https:\/\/www.facebook.com\/events\/840568966042399\/\" target=\"_blank\">Kinderfest Stralsund<\/a>&#8222;. Weitere Infos zu diesem Aufruf erhaltet ihr in der Facebook Veranstaltung: <a href=\"https:\/\/www.facebook.com\/events\/840568966042399\/\" target=\"_blank\">https:\/\/www.facebook.com\/events\/840568966042399\/<\/a><\/p>\n<p style=\"text-align: justify;\"><strong>Aufruf zur bunten Demonstration f\u00fcr Gefl\u00fcchtete auf dem Alten Markt in Stralsund: <\/strong>Am kommenden Freitag, den 25.09.2015, wollen die rechtsgerichteten MV-Patrioten ihren Hass und ihre Vorurteile gegen Fl\u00fcchtlinge und Andersdenkende auf die Stralsunder Stra\u00dfen tragen.<\/p>\n<p style=\"text-align: justify;\">Dies wollen wir nicht unwidersprochen so stehen lassen und rufen daher um 18:30 Uhr auf dem Alten Markt in Stralsund zu einer gro\u00dfen Regenbogen-Demonstration f\u00fcr Gefl\u00fcchtete auf.<\/p>\n<p style=\"text-align: justify;\">Durch eine gro\u00dfe Anzahl an Menschen wollen wir unserer Idee eines menschlichen Miteinanders Ausdruck verleihen. Gemeinsam k\u00f6nnen wir ein starkes Zeichen setzen, dass wir f\u00fcr alle Menschen in ihrer Vielfalt einstehen. Dies wollen wir mit einem m\u00f6glichst gro\u00dfen Regenbogen auf dem Alten Markt deutlich zeigen!!!<\/p>\n<p style=\"text-align: justify;\">Daher schnappt euch die buntesten Klamotten die ihr habt und kommt am kommenden Freitag um 18:30 Uhr auf den Alten Markt und lasst uns dort einen gro\u00dfen Regenbogen schaffen.<\/p>\n<p style=\"text-align: justify;\">Rot, Gelb, Gr\u00fcn, Lila, Blau und alle anderen Farben sind gern gesehen, nur braune Kleidung lassen wir an diesem Tag zu Hause \ud83d\ude09<\/p>\n<p style=\"text-align: justify;\">Bitte leitet diesen Aufruf an so viele Menschen wie m\u00f6glich weiter, damit es ein gro\u00dfer und bunter Regenbogen wird.<\/p>\n<ul>\n<li style=\"text-align: justify;\"><strong>Informationen zu Mahnwachen im Aufmarschgebiet der MV.Patrioten bekommt ihr 18:30 Uhr auf dem Alten Markt. Dort wird es auch weitere Materialien geben. Die MV.Patrioten treffen sich um 19.00 Uhr\u00a0 &#8222;An den Bleichen \/ Friedrich Engels Str.&#8220;<\/strong><\/li>\n<\/ul>\n","protected":false},"excerpt":{"rendered":"<p>Rock gegen Rechts Stralsund unterst\u00fctzt den Aufruf von &#8222;Kinderfest Stralsund&#8222;. Weitere Infos zu diesem Aufruf erhaltet ihr in der Facebook Veranstaltung: https:\/\/www.facebook.com\/events\/840568966042399\/ Aufruf zur bunten Demonstration f\u00fcr Gefl\u00fcchtete auf dem Alten Markt in Stralsund: Am kommenden Freitag, den 25.09.2015, wollen die rechtsgerichteten MV-Patrioten ihren Hass und ihre Vorurteile gegen Fl\u00fcchtlinge und Andersdenkende auf die Stralsunder &hellip; <a href=\"http:\/\/www.rockgegenrechts.com\/?p=3236\" class=\"more-link\"><span class=\"screen-reader-text\">Stralsund | Aufruf f\u00fcr kommenden Freitag: Ein Regenbogen f\u00fcr Alle!!!<\/span> weiterlesen<\/a><\/p>\n","protected":false},"author":1,"featured_media":3237,"comment_status":"closed","ping_status":"closed","sticky":false,"template":"","format":"standard","meta":{"jetpack_post_was_ever_published":false,"_jetpack_newsletter_access":"","_jetpack_dont_email_post_to_subs":false,"_jetpack_newsletter_tier_id":0,"_jetpack_memberships_contains_paywalled_content":false,"_jetpack_memberships_contains_paid_content":false,"footnotes":"","jetpack_publicize_message":"","jetpack_publicize_feature_enabled":true,"jetpack_social_post_already_shared":false,"jetpack_social_options":{"image_generator_settings":{"template":"highway","enabled":false},"version":2}},"categories":[1,16,68],"tags":[],"class_list":["post-3236","post","type-post","status-publish","format-standard","has-post-thumbnail","hentry","category-allgemein","category-events","category-stralsund-nazifrei"],"jetpack_publicize_connections":[],"jetpack_featured_media_url":"https:\/\/rockgegenrechts.bplaced.net\/wp-content\/uploads\/2015\/09\/snbl.jpg","jetpack_shortlink":"https:\/\/wp.me\/p63KIm-Qc","jetpack_sharing_enabled":true,"_links":{"self":[{"href":"http:\/\/www.rockgegenrechts.com\/index.php?rest_route=\/wp\/v2\/posts\/3236"}],"collection":[{"href":"http:\/\/www.rockgegenrechts.com\/index.php?rest_route=\/wp\/v2\/posts"}],"about":[{"href":"http:\/\/www.rockgegenrechts.com\/index.php?rest_route=\/wp\/v2\/types\/post"}],"author":[{"embeddable":true,"href":"http:\/\/www.rockgegenrechts.com\/index.php?rest_route=\/wp\/v2\/users\/1"}],"replies":[{"embeddable":true,"href":"http:\/\/www.rockgegenrechts.com\/index.php?rest_route=%2Fwp%2Fv2%2Fcomments&post=3236"}],"version-history":[{"count":4,"href":"http:\/\/www.rockgegenrechts.com\/index.php?rest_route=\/wp\/v2\/posts\/3236\/revisions"}],"predecessor-version":[{"id":3241,"href":"http:\/\/www.rockgegenrechts.com\/index.php?rest_route=\/wp\/v2\/posts\/3236\/revisions\/3241"}],"wp:featuredmedia":[{"embeddable":true,"href":"http:\/\/www.rockgegenrechts.com\/index.php?rest_route=\/wp\/v2\/media\/3237"}],"wp:attachment":[{"href":"http:\/\/www.rockgegenrechts.com\/index.php?rest_route=%2Fwp%2Fv2%2Fmedia&parent=3236"}],"wp:term":[{"taxonomy":"category","embeddable":true,"href":"http:\/\/www.rockgegenrechts.com\/index.php?rest_route=%2Fwp%2Fv2%2Fcategories&post=3236"},{"taxonomy":"post_tag","embeddable":true,"href":"http:\/\/www.rockgegenrechts.com\/index.php?rest_route=%2Fwp%2Fv2%2Ftags&post=3236"}],"curies":[{"name":"wp","href":"https:\/\/api.w.org\/{rel}","templated":true}]}}