{"id":3243,"date":"2015-09-27T17:17:32","date_gmt":"2015-09-27T17:17:32","guid":{"rendered":"http:\/\/www.rockgegenrechts.com\/?p=3243"},"modified":"2015-09-28T07:32:07","modified_gmt":"2015-09-28T07:32:07","slug":"beschlagnahmung-von-privatwohnungen-neonazis-faelschen-landkreis-schreiben","status":"publish","type":"post","link":"http:\/\/www.rockgegenrechts.com\/?p=3243","title":{"rendered":"Beschlagnahmung von Privatwohnungen &#8211; Neonazis f\u00e4lschen Landkreis-Schreiben"},"content":{"rendered":"<p style=\"text-align: justify;\"><a href=\"http:\/\/rockgegenrechts.square7.ch\/wp-content\/uploads\/2015\/09\/Pegida-Ableger-veroeffentlicht-gefaelschten-Landrats-Brief_pdaArticleWide.jpg\"><img loading=\"lazy\" decoding=\"async\" class=\"alignright  wp-image-3244\" src=\"http:\/\/rockgegenrechts.square7.ch\/wp-content\/uploads\/2015\/09\/Pegida-Ableger-veroeffentlicht-gefaelschten-Landrats-Brief_pdaArticleWide.jpg\" alt=\"Pegida-Ableger-veroeffentlicht-gefaelschten-Landrats-Brief_pdaArticleWide\" width=\"437\" height=\"252\" srcset=\"https:\/\/rockgegenrechts.bplaced.net\/wp-content\/uploads\/2015\/09\/Pegida-Ableger-veroeffentlicht-gefaelschten-Landrats-Brief_pdaArticleWide.jpg 505w, https:\/\/rockgegenrechts.bplaced.net\/wp-content\/uploads\/2015\/09\/Pegida-Ableger-veroeffentlicht-gefaelschten-Landrats-Brief_pdaArticleWide-300x173.jpg 300w\" sizes=\"(max-width: 437px) 100vw, 437px\" \/><\/a>Anfang diesen Jahres kam es auch im Landkreis Vorpommern-R\u00fcgen zu F\u00e4lschungen von Bescheiden des Landkreises. In diesem Schreiben wurde behauptet, dass der Landrat Ralf Drescher (CDU) Verwaltungsmitarbeiter_innen verboten hat zu den damligen MVgida-Demos zu gehen. Diese F\u00e4lschungen wurden laut OZ vom Pegidaableger MVgida (jetzt MV.Patrioten) get\u00e4tigt. Wir m\u00f6chten aus aktuellem Anlass, da es in Deutschland immer \u00f6fter zu solchen und anderen F\u00e4lschungen kommt, auf folgendes Aufmerksam machen: Falls Sie betroffen sind sollten Sie sich bei der Beh\u00f6rde \u00fcber die Echtheit kundig machen.<\/p>\n<p style=\"text-align: justify;\">Wohnraumbeschlagnahmungen o.\u00c4. sind nicht so einfach m\u00f6glich, wie es oft \u00fcber soziale Netzwerke kommuniziert wird. Daher m\u00f6chten wir auf einem Artikel des Nachrichtensenders N-TV aufmerksam machen: <a title=\"ntv\" href=\"http:\/\/www.n-tv.de\/politik\/Neonazis-faelschen-Landkreis-Schreiben-article16011486.html\" target=\"_blank\">http:\/\/www.n-tv.de\/politik\/Neonazis-faelschen-Landkreis-Schreiben-article16011486.html<\/a><\/p>\n<p style=\"text-align: justify;\">Weiterhin m\u00f6chten wir auch an den Fall &#8222;MVgida f\u00e4lscht Landratsschreiben&#8220; erinnern: <a title=\"oz\" href=\"http:\/\/www.ostsee-zeitung.de\/Vorpommern\/Stralsund\/Politik\/Pegida-Ableger-veroeffentlicht-gefaelschten-Landrats-Brief\" target=\"_blank\">http:\/\/www.ostsee-zeitung.de\/Vorpommern\/Stralsund\/Politik\/Pegida-Ableger-veroeffentlicht-gefaelschten-Landrats-Brief<\/a><\/p>\n<p>Zur Unterbringungsthematik hier auch nochmal eine Richtigstellung des Landkreises Vorpommern-R\u00fcgen: <a title=\"lk vr\" href=\"http:\/\/www.lk-vr.de\/index.php?object=tx|2151.1&amp;ModID=7&amp;FID=2152.1081.1&amp;NavID=2152.170&amp;La=1\" target=\"_blank\">http:\/\/www.lk-vr.de\/index.php?object=tx|2151.1&amp;ModID=7&amp;FID=2152.1081.1&amp;NavID=2152.170&amp;La=1<\/a><\/p>\n","protected":false},"excerpt":{"rendered":"<p>Anfang diesen Jahres kam es auch im Landkreis Vorpommern-R\u00fcgen zu F\u00e4lschungen von Bescheiden des Landkreises. In diesem Schreiben wurde behauptet, dass der Landrat Ralf Drescher (CDU) Verwaltungsmitarbeiter_innen verboten hat zu den damligen MVgida-Demos zu gehen. Diese F\u00e4lschungen wurden laut OZ vom Pegidaableger MVgida (jetzt MV.Patrioten) get\u00e4tigt. Wir m\u00f6chten aus aktuellem Anlass, da es in Deutschland &hellip; <a href=\"http:\/\/www.rockgegenrechts.com\/?p=3243\" class=\"more-link\"><span class=\"screen-reader-text\">Beschlagnahmung von Privatwohnungen &#8211; Neonazis f\u00e4lschen Landkreis-Schreiben<\/span> weiterlesen<\/a><\/p>\n","protected":false},"author":1,"featured_media":3244,"comment_status":"closed","ping_status":"closed","sticky":false,"template":"","format":"standard","meta":{"jetpack_post_was_ever_published":false,"_jetpack_newsletter_access":"","_jetpack_dont_email_post_to_subs":false,"_jetpack_newsletter_tier_id":0,"_jetpack_memberships_contains_paywalled_content":false,"_jetpack_memberships_contains_paid_content":false,"footnotes":"","jetpack_publicize_message":"","jetpack_publicize_feature_enabled":true,"jetpack_social_post_already_shared":false,"jetpack_social_options":{"image_generator_settings":{"template":"highway","enabled":false},"version":2}},"categories":[1,68],"tags":[],"class_list":["post-3243","post","type-post","status-publish","format-standard","has-post-thumbnail","hentry","category-allgemein","category-stralsund-nazifrei"],"jetpack_publicize_connections":[],"jetpack_featured_media_url":"https:\/\/rockgegenrechts.bplaced.net\/wp-content\/uploads\/2015\/09\/Pegida-Ableger-veroeffentlicht-gefaelschten-Landrats-Brief_pdaArticleWide.jpg","jetpack_shortlink":"https:\/\/wp.me\/p63KIm-Qj","jetpack_sharing_enabled":true,"_links":{"self":[{"href":"http:\/\/www.rockgegenrechts.com\/index.php?rest_route=\/wp\/v2\/posts\/3243"}],"collection":[{"href":"http:\/\/www.rockgegenrechts.com\/index.php?rest_route=\/wp\/v2\/posts"}],"about":[{"href":"http:\/\/www.rockgegenrechts.com\/index.php?rest_route=\/wp\/v2\/types\/post"}],"author":[{"embeddable":true,"href":"http:\/\/www.rockgegenrechts.com\/index.php?rest_route=\/wp\/v2\/users\/1"}],"replies":[{"embeddable":true,"href":"http:\/\/www.rockgegenrechts.com\/index.php?rest_route=%2Fwp%2Fv2%2Fcomments&post=3243"}],"version-history":[{"count":6,"href":"http:\/\/www.rockgegenrechts.com\/index.php?rest_route=\/wp\/v2\/posts\/3243\/revisions"}],"predecessor-version":[{"id":3250,"href":"http:\/\/www.rockgegenrechts.com\/index.php?rest_route=\/wp\/v2\/posts\/3243\/revisions\/3250"}],"wp:featuredmedia":[{"embeddable":true,"href":"http:\/\/www.rockgegenrechts.com\/index.php?rest_route=\/wp\/v2\/media\/3244"}],"wp:attachment":[{"href":"http:\/\/www.rockgegenrechts.com\/index.php?rest_route=%2Fwp%2Fv2%2Fmedia&parent=3243"}],"wp:term":[{"taxonomy":"category","embeddable":true,"href":"http:\/\/www.rockgegenrechts.com\/index.php?rest_route=%2Fwp%2Fv2%2Fcategories&post=3243"},{"taxonomy":"post_tag","embeddable":true,"href":"http:\/\/www.rockgegenrechts.com\/index.php?rest_route=%2Fwp%2Fv2%2Ftags&post=3243"}],"curies":[{"name":"wp","href":"https:\/\/api.w.org\/{rel}","templated":true}]}}