{"id":3282,"date":"2015-10-02T16:43:32","date_gmt":"2015-10-02T16:43:32","guid":{"rendered":"http:\/\/www.rockgegenrechts.com\/?p=3282"},"modified":"2015-10-07T08:14:11","modified_gmt":"2015-10-07T08:14:11","slug":"helfende-haende-fuer-rock-gegen-rechts","status":"publish","type":"post","link":"http:\/\/www.rockgegenrechts.com\/?p=3282","title":{"rendered":"Helfende H\u00e4nde f\u00fcr Rock gegen Rechts?"},"content":{"rendered":"<p style=\"text-align: center;\"><strong>Aufruf<\/strong><\/p>\n<p style=\"text-align: justify;\">Wir planen ein neues Projekt, welches den Alltag von Fl\u00fcchtlingsunterst\u00fctzer_innen und anderen engagierten Menschen darstellen soll und anderen aufzeigen soll, wie leicht es ist zu helfen.<\/p>\n<p style=\"text-align: justify;\">Weiterhin freuen wir uns auf Verst\u00e4rkung f\u00fcr unsere Rock gegen Rechts online Redaktion (Facebook\/Homepage).<\/p>\n<p style=\"text-align: justify;\">\n<p style=\"text-align: justify;\">Falls ihr Gerne Texte verfasst, Interviews f\u00fchrt oder gar Journalist_innen seid: Wir freuen uns auf eure Unterst\u00fctzung! Schreibt uns eine e-Mail an info@rockgegenrechts.com<\/p>\n<p style=\"text-align: justify;\">P.s. nat\u00fcrlich freuen wir uns auch, wenn ihr einer unserer Strukturen\u00a0(AG Fl\u00fcchtlingshilfe, Aktionsb\u00fcndnis Stralsund f\u00fcr alle, Aktionstage gegen Rechts) f\u00fcr eine ehrenamtliche T\u00e4tigkeit bevorzugt!<a href=\"http:\/\/rockgegenrechts.square7.ch\/wp-content\/uploads\/2014\/04\/rgrlogovereinklein.jpg\"><img loading=\"lazy\" decoding=\"async\" class=\"aligncenter size-full wp-image-1997\" src=\"http:\/\/rockgegenrechts.square7.ch\/wp-content\/uploads\/2014\/04\/rgrlogovereinklein.jpg\" alt=\"rgrlogovereinklein\" width=\"400\" height=\"166\" srcset=\"https:\/\/rockgegenrechts.bplaced.net\/wp-content\/uploads\/2014\/04\/rgrlogovereinklein.jpg 400w, https:\/\/rockgegenrechts.bplaced.net\/wp-content\/uploads\/2014\/04\/rgrlogovereinklein-300x124.jpg 300w\" sizes=\"(max-width: 400px) 100vw, 400px\" \/><\/a><\/p>\n","protected":false},"excerpt":{"rendered":"<p>Aufruf Wir planen ein neues Projekt, welches den Alltag von Fl\u00fcchtlingsunterst\u00fctzer_innen und anderen engagierten Menschen darstellen soll und anderen aufzeigen soll, wie leicht es ist zu helfen. Weiterhin freuen wir uns auf Verst\u00e4rkung f\u00fcr unsere Rock gegen Rechts online Redaktion (Facebook\/Homepage). Falls ihr Gerne Texte verfasst, Interviews f\u00fchrt oder gar Journalist_innen seid: Wir freuen uns &hellip; <a href=\"http:\/\/www.rockgegenrechts.com\/?p=3282\" class=\"more-link\"><span class=\"screen-reader-text\">Helfende H\u00e4nde f\u00fcr Rock gegen Rechts?<\/span> weiterlesen<\/a><\/p>\n","protected":false},"author":1,"featured_media":1970,"comment_status":"closed","ping_status":"closed","sticky":false,"template":"","format":"standard","meta":{"jetpack_post_was_ever_published":false,"_jetpack_newsletter_access":"","_jetpack_dont_email_post_to_subs":false,"_jetpack_newsletter_tier_id":0,"_jetpack_memberships_contains_paywalled_content":false,"_jetpack_memberships_contains_paid_content":false,"footnotes":"","jetpack_publicize_message":"","jetpack_publicize_feature_enabled":true,"jetpack_social_post_already_shared":false,"jetpack_social_options":{"image_generator_settings":{"template":"highway","enabled":false},"version":2}},"categories":[1],"tags":[],"class_list":["post-3282","post","type-post","status-publish","format-standard","has-post-thumbnail","hentry","category-allgemein"],"jetpack_publicize_connections":[],"jetpack_featured_media_url":"https:\/\/rockgegenrechts.bplaced.net\/wp-content\/uploads\/2014\/05\/bilda.jpg","jetpack_shortlink":"https:\/\/wp.me\/p63KIm-QW","jetpack_sharing_enabled":true,"_links":{"self":[{"href":"http:\/\/www.rockgegenrechts.com\/index.php?rest_route=\/wp\/v2\/posts\/3282"}],"collection":[{"href":"http:\/\/www.rockgegenrechts.com\/index.php?rest_route=\/wp\/v2\/posts"}],"about":[{"href":"http:\/\/www.rockgegenrechts.com\/index.php?rest_route=\/wp\/v2\/types\/post"}],"author":[{"embeddable":true,"href":"http:\/\/www.rockgegenrechts.com\/index.php?rest_route=\/wp\/v2\/users\/1"}],"replies":[{"embeddable":true,"href":"http:\/\/www.rockgegenrechts.com\/index.php?rest_route=%2Fwp%2Fv2%2Fcomments&post=3282"}],"version-history":[{"count":3,"href":"http:\/\/www.rockgegenrechts.com\/index.php?rest_route=\/wp\/v2\/posts\/3282\/revisions"}],"predecessor-version":[{"id":3285,"href":"http:\/\/www.rockgegenrechts.com\/index.php?rest_route=\/wp\/v2\/posts\/3282\/revisions\/3285"}],"wp:featuredmedia":[{"embeddable":true,"href":"http:\/\/www.rockgegenrechts.com\/index.php?rest_route=\/wp\/v2\/media\/1970"}],"wp:attachment":[{"href":"http:\/\/www.rockgegenrechts.com\/index.php?rest_route=%2Fwp%2Fv2%2Fmedia&parent=3282"}],"wp:term":[{"taxonomy":"category","embeddable":true,"href":"http:\/\/www.rockgegenrechts.com\/index.php?rest_route=%2Fwp%2Fv2%2Fcategories&post=3282"},{"taxonomy":"post_tag","embeddable":true,"href":"http:\/\/www.rockgegenrechts.com\/index.php?rest_route=%2Fwp%2Fv2%2Ftags&post=3282"}],"curies":[{"name":"wp","href":"https:\/\/api.w.org\/{rel}","templated":true}]}}