{"id":3288,"date":"2015-10-03T10:07:34","date_gmt":"2015-10-03T10:07:34","guid":{"rendered":"http:\/\/www.rockgegenrechts.com\/?p=3288"},"modified":"2016-03-30T20:49:26","modified_gmt":"2016-03-30T20:49:26","slug":"gestern-erstes-begegnungscafe-in-stralsund","status":"publish","type":"post","link":"http:\/\/www.rockgegenrechts.com\/?p=3288","title":{"rendered":"Gestern: Erstes Begegnungscaf\u00e9 in Stralsund"},"content":{"rendered":"<p><a href=\"http:\/\/rockgegenrechts.square7.ch\/wp-content\/uploads\/2015\/10\/se.jpg\"><img loading=\"lazy\" decoding=\"async\" class=\" wp-image-3289 alignright\" src=\"http:\/\/rockgegenrechts.square7.ch\/wp-content\/uploads\/2015\/10\/se.jpg\" alt=\"se\" width=\"318\" height=\"239\" srcset=\"https:\/\/rockgegenrechts.bplaced.net\/wp-content\/uploads\/2015\/10\/se.jpg 960w, https:\/\/rockgegenrechts.bplaced.net\/wp-content\/uploads\/2015\/10\/se-300x225.jpg 300w, https:\/\/rockgegenrechts.bplaced.net\/wp-content\/uploads\/2015\/10\/se-268x200.jpg 268w, https:\/\/rockgegenrechts.bplaced.net\/wp-content\/uploads\/2015\/10\/se-700x525.jpg 700w\" sizes=\"(max-width: 318px) 100vw, 318px\" \/><\/a><strong><span style=\"text-decoration: underline;\">Ein Kommentar der AG Fl\u00fcchtlingshilfe<\/span><\/strong><\/p>\n<p style=\"text-align: justify;\">Zum ersten Mal fand unser gut besuchtes Begegnungscaf\u00e9 statt, das wir in Zukunft regelm\u00e4\u00dfig veranstalten werden. 30 Menschen verschiedenster Hintergr\u00fcnde, Herkunftsl\u00e4nder und Kulturen, zum Teil Teilnehmer_innen der Integrationskurse der Volkshochschule, kamen bei Kaffee, Tee,<br \/>\nKuchen, Bulgursalat und anderen Snacks zusammen, um sich kennenzulernen und nette Gespr\u00e4chen zu f\u00fchren.<\/p>\n<p style=\"text-align: justify;\">Die AG Fl\u00fcchtlingshilfe m\u00f6chte mit dem Begegnungscaf\u00e9 zu einer Willkommenskultur beitragen, die gerade jetzt so wichtig ist und zunehmend wichtiger wird. Au\u00dferdem bekommen Kursteilnehmer_innen die M\u00f6glichkeit ihre in der Volkshochschule gelernten Deutschkenntnisse praktisch anzuwenden, indem sie sich mit Deutsch-Muttersprachler_innen austauschen.<\/p>\n<hr \/>\n<p style=\"text-align: justify;\">It was the first time we organised the Begegnungscaf\u00e9 (Intercultural Community Caf\u00e9), which will be a regular event in future.<\/p>\n<p style=\"text-align: justify;\">30 people from different backgrounds, countries and cultures came together to enjoy coffee, tea, cake, bulgur salad and other snacks to have nice conversations and to get to know each other. Some of them were participants of the German courses of the Volkshochschule (Adult Education Center).<\/p>\n","protected":false},"excerpt":{"rendered":"<p>Ein Kommentar der AG Fl\u00fcchtlingshilfe Zum ersten Mal fand unser gut besuchtes Begegnungscaf\u00e9 statt, das wir in Zukunft regelm\u00e4\u00dfig veranstalten werden. 30 Menschen verschiedenster Hintergr\u00fcnde, Herkunftsl\u00e4nder und Kulturen, zum Teil Teilnehmer_innen der Integrationskurse der Volkshochschule, kamen bei Kaffee, Tee, Kuchen, Bulgursalat und anderen Snacks zusammen, um sich kennenzulernen und nette Gespr\u00e4chen zu f\u00fchren. Die AG &hellip; <a href=\"http:\/\/www.rockgegenrechts.com\/?p=3288\" class=\"more-link\"><span class=\"screen-reader-text\">Gestern: Erstes Begegnungscaf\u00e9 in Stralsund<\/span> weiterlesen<\/a><\/p>\n","protected":false},"author":1,"featured_media":0,"comment_status":"closed","ping_status":"closed","sticky":false,"template":"","format":"standard","meta":{"jetpack_post_was_ever_published":false,"_jetpack_newsletter_access":"","_jetpack_dont_email_post_to_subs":false,"_jetpack_newsletter_tier_id":0,"_jetpack_memberships_contains_paywalled_content":false,"_jetpack_memberships_contains_paid_content":false,"footnotes":"","jetpack_publicize_message":"","jetpack_publicize_feature_enabled":true,"jetpack_social_post_already_shared":false,"jetpack_social_options":{"image_generator_settings":{"template":"highway","enabled":false},"version":2}},"categories":[69],"tags":[],"class_list":["post-3288","post","type-post","status-publish","format-standard","hentry","category-flucht-und-asyl"],"jetpack_publicize_connections":[],"jetpack_featured_media_url":"","jetpack_shortlink":"https:\/\/wp.me\/p63KIm-R2","jetpack_sharing_enabled":true,"_links":{"self":[{"href":"http:\/\/www.rockgegenrechts.com\/index.php?rest_route=\/wp\/v2\/posts\/3288"}],"collection":[{"href":"http:\/\/www.rockgegenrechts.com\/index.php?rest_route=\/wp\/v2\/posts"}],"about":[{"href":"http:\/\/www.rockgegenrechts.com\/index.php?rest_route=\/wp\/v2\/types\/post"}],"author":[{"embeddable":true,"href":"http:\/\/www.rockgegenrechts.com\/index.php?rest_route=\/wp\/v2\/users\/1"}],"replies":[{"embeddable":true,"href":"http:\/\/www.rockgegenrechts.com\/index.php?rest_route=%2Fwp%2Fv2%2Fcomments&post=3288"}],"version-history":[{"count":3,"href":"http:\/\/www.rockgegenrechts.com\/index.php?rest_route=\/wp\/v2\/posts\/3288\/revisions"}],"predecessor-version":[{"id":3292,"href":"http:\/\/www.rockgegenrechts.com\/index.php?rest_route=\/wp\/v2\/posts\/3288\/revisions\/3292"}],"wp:attachment":[{"href":"http:\/\/www.rockgegenrechts.com\/index.php?rest_route=%2Fwp%2Fv2%2Fmedia&parent=3288"}],"wp:term":[{"taxonomy":"category","embeddable":true,"href":"http:\/\/www.rockgegenrechts.com\/index.php?rest_route=%2Fwp%2Fv2%2Fcategories&post=3288"},{"taxonomy":"post_tag","embeddable":true,"href":"http:\/\/www.rockgegenrechts.com\/index.php?rest_route=%2Fwp%2Fv2%2Ftags&post=3288"}],"curies":[{"name":"wp","href":"https:\/\/api.w.org\/{rel}","templated":true}]}}