{"id":3299,"date":"2015-10-03T10:48:15","date_gmt":"2015-10-03T10:48:15","guid":{"rendered":"http:\/\/www.rockgegenrechts.com\/?p=3299"},"modified":"2015-10-13T13:00:21","modified_gmt":"2015-10-13T13:00:21","slug":"aktionsbuendnis-stralsund-fuer-alle-trifft-sich-fuer-demovorbereitungen","status":"publish","type":"post","link":"http:\/\/www.rockgegenrechts.com\/?p=3299","title":{"rendered":"Aktionsb\u00fcndnis \u201eStralsund f\u00fcr alle\u201c trifft sich f\u00fcr Demovorbereitungen"},"content":{"rendered":"<p style=\"text-align: justify;\"><a href=\"http:\/\/rockgegenrechts.square7.ch\/wp-content\/uploads\/2015\/01\/Stralsund-fA-r-alle.jpg\"><img loading=\"lazy\" decoding=\"async\" class=\"aligncenter size-large wp-image-2690\" src=\"http:\/\/rockgegenrechts.square7.ch\/wp-content\/uploads\/2015\/01\/Stralsund-fA-r-alle-1024x574.jpg\" alt=\"Stralsund-fA r-alle\" width=\"700\" height=\"392\" srcset=\"https:\/\/rockgegenrechts.bplaced.net\/wp-content\/uploads\/2015\/01\/Stralsund-fA-r-alle-1024x574.jpg 1024w, https:\/\/rockgegenrechts.bplaced.net\/wp-content\/uploads\/2015\/01\/Stralsund-fA-r-alle-300x168.jpg 300w, https:\/\/rockgegenrechts.bplaced.net\/wp-content\/uploads\/2015\/01\/Stralsund-fA-r-alle.jpg 2000w\" sizes=\"(max-width: 700px) 100vw, 700px\" \/><\/a>Das Aktionsb\u00fcndnis \u201cStralsund f\u00fcr alle\u201c trifft sich am 05. Oktober 2015 um 18.00 Uhr, im SPD-B\u00fcro in Stralsund (M\u00fchlenstra\u00dfe 1). Interessierte B\u00fcrger sind herzlich eingeladen an dem Treffen teilzunehmen. Bei dem Treffen werden die Planungen von Aktionen gegen den Aufmarsch der \u201cMV.Patrioten\u201d am 09. Oktober in Stralsund vorbereitet. Auf\u00a0 Homepage www.rockgegenrechts.com finden interessierte <a href=\"http:\/\/rockgegenrechts.square7.ch\/?cat=68\">B\u00fcrger weitere Informationen<\/a> und <a title=\"Kalender\" href=\"http:\/\/www.rockgegenrechts.com\/?page_id=908\">Termine<\/a>. Personen mit rechten oder Rechtsextremen Hintergrund sind f\u00fcr diese Veranstaltung ausgeschlossen.<\/p>\n","protected":false},"excerpt":{"rendered":"<p>Das Aktionsb\u00fcndnis \u201cStralsund f\u00fcr alle\u201c trifft sich am 05. Oktober 2015 um 18.00 Uhr, im SPD-B\u00fcro in Stralsund (M\u00fchlenstra\u00dfe 1). Interessierte B\u00fcrger sind herzlich eingeladen an dem Treffen teilzunehmen. Bei dem Treffen werden die Planungen von Aktionen gegen den Aufmarsch der \u201cMV.Patrioten\u201d am 09. Oktober in Stralsund vorbereitet. Auf\u00a0 Homepage www.rockgegenrechts.com finden interessierte B\u00fcrger weitere &hellip; <a href=\"http:\/\/www.rockgegenrechts.com\/?p=3299\" class=\"more-link\"><span class=\"screen-reader-text\">Aktionsb\u00fcndnis \u201eStralsund f\u00fcr alle\u201c trifft sich f\u00fcr Demovorbereitungen<\/span> weiterlesen<\/a><\/p>\n","protected":false},"author":1,"featured_media":2690,"comment_status":"closed","ping_status":"closed","sticky":false,"template":"","format":"standard","meta":{"jetpack_post_was_ever_published":false,"_jetpack_newsletter_access":"","_jetpack_dont_email_post_to_subs":false,"_jetpack_newsletter_tier_id":0,"_jetpack_memberships_contains_paywalled_content":false,"_jetpack_memberships_contains_paid_content":false,"footnotes":"","jetpack_publicize_message":"","jetpack_publicize_feature_enabled":true,"jetpack_social_post_already_shared":false,"jetpack_social_options":{"image_generator_settings":{"template":"highway","enabled":false},"version":2}},"categories":[68],"tags":[],"class_list":["post-3299","post","type-post","status-publish","format-standard","has-post-thumbnail","hentry","category-stralsund-nazifrei"],"jetpack_publicize_connections":[],"jetpack_featured_media_url":"https:\/\/rockgegenrechts.bplaced.net\/wp-content\/uploads\/2015\/01\/Stralsund-fA-r-alle.jpg","jetpack_shortlink":"https:\/\/wp.me\/p63KIm-Rd","jetpack_sharing_enabled":true,"_links":{"self":[{"href":"http:\/\/www.rockgegenrechts.com\/index.php?rest_route=\/wp\/v2\/posts\/3299"}],"collection":[{"href":"http:\/\/www.rockgegenrechts.com\/index.php?rest_route=\/wp\/v2\/posts"}],"about":[{"href":"http:\/\/www.rockgegenrechts.com\/index.php?rest_route=\/wp\/v2\/types\/post"}],"author":[{"embeddable":true,"href":"http:\/\/www.rockgegenrechts.com\/index.php?rest_route=\/wp\/v2\/users\/1"}],"replies":[{"embeddable":true,"href":"http:\/\/www.rockgegenrechts.com\/index.php?rest_route=%2Fwp%2Fv2%2Fcomments&post=3299"}],"version-history":[{"count":2,"href":"http:\/\/www.rockgegenrechts.com\/index.php?rest_route=\/wp\/v2\/posts\/3299\/revisions"}],"predecessor-version":[{"id":3303,"href":"http:\/\/www.rockgegenrechts.com\/index.php?rest_route=\/wp\/v2\/posts\/3299\/revisions\/3303"}],"wp:featuredmedia":[{"embeddable":true,"href":"http:\/\/www.rockgegenrechts.com\/index.php?rest_route=\/wp\/v2\/media\/2690"}],"wp:attachment":[{"href":"http:\/\/www.rockgegenrechts.com\/index.php?rest_route=%2Fwp%2Fv2%2Fmedia&parent=3299"}],"wp:term":[{"taxonomy":"category","embeddable":true,"href":"http:\/\/www.rockgegenrechts.com\/index.php?rest_route=%2Fwp%2Fv2%2Fcategories&post=3299"},{"taxonomy":"post_tag","embeddable":true,"href":"http:\/\/www.rockgegenrechts.com\/index.php?rest_route=%2Fwp%2Fv2%2Ftags&post=3299"}],"curies":[{"name":"wp","href":"https:\/\/api.w.org\/{rel}","templated":true}]}}