{"id":3427,"date":"2015-11-28T13:01:15","date_gmt":"2015-11-28T13:01:15","guid":{"rendered":"http:\/\/www.rockgegenrechts.com\/?p=3427"},"modified":"2015-12-15T11:38:09","modified_gmt":"2015-12-15T11:38:09","slug":"pressemitteilung-lampignonumzug-war-grosser-erfolg","status":"publish","type":"post","link":"http:\/\/www.rockgegenrechts.com\/?p=3427","title":{"rendered":"Pressemitteilung:  Lampignonumzug war gro\u00dfer Erfolg"},"content":{"rendered":"<p style=\"text-align: justify;\"><a href=\"http:\/\/rockgegenrechts.square7.ch\/wp-content\/uploads\/2015\/11\/FLYER_HerzStattHetzeHST_b_Rueckseite_farbig1.jpg\"><img loading=\"lazy\" decoding=\"async\" class=\"aligncenter size-large wp-image-3409\" src=\"http:\/\/rockgegenrechts.square7.ch\/wp-content\/uploads\/2015\/11\/FLYER_HerzStattHetzeHST_b_Rueckseite_farbig1-1024x731.jpg\" alt=\"FLYER_HerzStattHetzeHST_b_Rueckseite_farbig\" width=\"700\" height=\"500\" srcset=\"https:\/\/rockgegenrechts.bplaced.net\/wp-content\/uploads\/2015\/11\/FLYER_HerzStattHetzeHST_b_Rueckseite_farbig1-1024x731.jpg 1024w, https:\/\/rockgegenrechts.bplaced.net\/wp-content\/uploads\/2015\/11\/FLYER_HerzStattHetzeHST_b_Rueckseite_farbig1-300x214.jpg 300w, https:\/\/rockgegenrechts.bplaced.net\/wp-content\/uploads\/2015\/11\/FLYER_HerzStattHetzeHST_b_Rueckseite_farbig1-700x500.jpg 700w, https:\/\/rockgegenrechts.bplaced.net\/wp-content\/uploads\/2015\/11\/FLYER_HerzStattHetzeHST_b_Rueckseite_farbig1-1082x772.jpg 1082w\" sizes=\"(max-width: 700px) 100vw, 700px\" \/><\/a><\/p>\n<p style=\"text-align: justify;\">Ein herzliches Dankesch\u00f6n an alle B\u00fcrger Stralsunds, die sich trotz des ungem\u00fctlichen Wetters am 20. November zum Lampionumzug eingefunden hatten. Den Kindern hat es sichtlich Spa\u00df gemacht und auch die Gro\u00dfen hielten sich beim gemeinsamen Singen nicht zur\u00fcck. Danke auch an das Team vom B\u00fcrgergarten, dem Theatercafe und unseren Gastrednerinnen Frau Steffen und Frau Kassner. Das friedliche und fr\u00f6hliche Beisammen hat Potential, so wurde uns von vielen Seiten versichert. Dann wollen wir das anpacken. Bis zum n\u00e4chsten Mal bei guter Gesundheit.<\/p>\n","protected":false},"excerpt":{"rendered":"<p>Ein herzliches Dankesch\u00f6n an alle B\u00fcrger Stralsunds, die sich trotz des ungem\u00fctlichen Wetters am 20. November zum Lampionumzug eingefunden hatten. Den Kindern hat es sichtlich Spa\u00df gemacht und auch die Gro\u00dfen hielten sich beim gemeinsamen Singen nicht zur\u00fcck. Danke auch an das Team vom B\u00fcrgergarten, dem Theatercafe und unseren Gastrednerinnen Frau Steffen und Frau Kassner. &hellip; <a href=\"http:\/\/www.rockgegenrechts.com\/?p=3427\" class=\"more-link\"><span class=\"screen-reader-text\">Pressemitteilung:  Lampignonumzug war gro\u00dfer Erfolg<\/span> weiterlesen<\/a><\/p>\n","protected":false},"author":1,"featured_media":3400,"comment_status":"closed","ping_status":"closed","sticky":false,"template":"","format":"standard","meta":{"jetpack_post_was_ever_published":false,"_jetpack_newsletter_access":"","_jetpack_dont_email_post_to_subs":false,"_jetpack_newsletter_tier_id":0,"_jetpack_memberships_contains_paywalled_content":false,"_jetpack_memberships_contains_paid_content":false,"footnotes":"","jetpack_publicize_message":"","jetpack_publicize_feature_enabled":true,"jetpack_social_post_already_shared":false,"jetpack_social_options":{"image_generator_settings":{"template":"highway","enabled":false},"version":2}},"categories":[68],"tags":[],"class_list":["post-3427","post","type-post","status-publish","format-standard","has-post-thumbnail","hentry","category-stralsund-nazifrei"],"jetpack_publicize_connections":[],"jetpack_featured_media_url":"https:\/\/rockgegenrechts.bplaced.net\/wp-content\/uploads\/2015\/11\/FLYER_HerzStattHetzeHST_a_Vorderseite_farbig.jpg","jetpack_shortlink":"https:\/\/wp.me\/p63KIm-Th","jetpack_sharing_enabled":true,"_links":{"self":[{"href":"http:\/\/www.rockgegenrechts.com\/index.php?rest_route=\/wp\/v2\/posts\/3427"}],"collection":[{"href":"http:\/\/www.rockgegenrechts.com\/index.php?rest_route=\/wp\/v2\/posts"}],"about":[{"href":"http:\/\/www.rockgegenrechts.com\/index.php?rest_route=\/wp\/v2\/types\/post"}],"author":[{"embeddable":true,"href":"http:\/\/www.rockgegenrechts.com\/index.php?rest_route=\/wp\/v2\/users\/1"}],"replies":[{"embeddable":true,"href":"http:\/\/www.rockgegenrechts.com\/index.php?rest_route=%2Fwp%2Fv2%2Fcomments&post=3427"}],"version-history":[{"count":1,"href":"http:\/\/www.rockgegenrechts.com\/index.php?rest_route=\/wp\/v2\/posts\/3427\/revisions"}],"predecessor-version":[{"id":3428,"href":"http:\/\/www.rockgegenrechts.com\/index.php?rest_route=\/wp\/v2\/posts\/3427\/revisions\/3428"}],"wp:featuredmedia":[{"embeddable":true,"href":"http:\/\/www.rockgegenrechts.com\/index.php?rest_route=\/wp\/v2\/media\/3400"}],"wp:attachment":[{"href":"http:\/\/www.rockgegenrechts.com\/index.php?rest_route=%2Fwp%2Fv2%2Fmedia&parent=3427"}],"wp:term":[{"taxonomy":"category","embeddable":true,"href":"http:\/\/www.rockgegenrechts.com\/index.php?rest_route=%2Fwp%2Fv2%2Fcategories&post=3427"},{"taxonomy":"post_tag","embeddable":true,"href":"http:\/\/www.rockgegenrechts.com\/index.php?rest_route=%2Fwp%2Fv2%2Ftags&post=3427"}],"curies":[{"name":"wp","href":"https:\/\/api.w.org\/{rel}","templated":true}]}}