{"id":3720,"date":"2016-04-18T21:04:52","date_gmt":"2016-04-18T21:04:52","guid":{"rendered":"http:\/\/www.rockgegenrechts.com\/?p=3720"},"modified":"2018-11-25T21:21:06","modified_gmt":"2018-11-25T21:21:06","slug":"stralsund-ein-fass-ohne-boden","status":"publish","type":"post","link":"http:\/\/www.rockgegenrechts.com\/?p=3720","title":{"rendered":"Stralsund: ein Fass ohne Boden!"},"content":{"rendered":"<p style=\"text-align: justify;\">Am Freitag, dem 1. April diesen Jahres, fand in Stralsund eine weitere Demonstration der \u201eInitiative Vereint f\u00fcr Stralsund\u201c statt. Die \u201eInitiative\u201c, die ein Teil eines \u201ePatrioten\u201c- B\u00fcndnisses ist und einige Facebook-Gemeinschaften umfasst (\u201ePatrioten R\u00fcgen\/Rostock\/Stralsund\u201c, \u201ePatrioten Rostock\/R\u00fcgen\/Stralsund\u201c, \u201ePatrioten Stralsund\/Rostock\/R\u00fcgen\u201c, \u201ePatrioten Barth\u201c, \u201ePatrioten Ribnitz-Damgarten\u201c) konnte diesmal deutlich weniger Menschen erreichen.<br \/>\nLaut eigener Z\u00e4hlung vor Ort waren bei der gesamten Demonstration gerade einmal 80 Personen anwesend. W\u00e4hrend dessen sprach die Polizei von etwas \u00fcber einhundert Personen. Die Demonstration, welche fast ausschlie\u00dflich durch Personen aus dem rechtsradikalen Spektrum besucht wurde, f\u00fchrte diesmal ungewohnte Wege. So entschloss man sich von der \u00fcblichen Route in der Altstadt abzuweichen, um in der Tribseer Vorstadt \/ Tribseer Wiesen zu laufen. Die Rechtsradikalen trafen sich mit dem \u00fcblichen Fahnen- und Schildersortiment in der Bahnhofstra\u00dfe. Gegen 19:30 Uhr setzte sich der Aufmarsch in Bewegung. Die Demonstration wurde von einem Spalier aus Polizist_innen und Polizeiwagen begleitet. Die Route f\u00fchrte entlang des Tribseer Damm, weiter in die Alte Rostocker Stra\u00dfe und m\u00fcndete in die Alte Richtenberger Stra\u00dfe. Lahme zaghafte \u201eWir sind das Volk\u201c- und \u201eLeute lasst das glotzen sein, reiht euch in die Demo ein\u201c- Rufe schalten neben rechtsradikaler Musik durch die Stra\u00dfen. Wer dachte, dass auf dem weiteren Weg das anliegende Wohngebiet genutzt wird, hatte sich get\u00e4uscht, denn \u00fcberraschenderweise ging es entlang eines menschenleeren Gewerbegebietes in den Gro\u00dfl\u00fcdersh\u00e4gerweg.<br \/>\nAnschlie\u00dfend gab es im Damaschkeweg &#8211; in einer gutsituierten Wohngegend &#8211; eine Abschlusskundgebung. In dieser wurde der Terroranschlag von Br\u00fcssel thematisiert und auf rassistische Weise \u00c4ngste gesch\u00fcrt. Weiterhin ging es haupts\u00e4chlich um Krieg und Einwanderung. Auch der blaue Lautsprecherwagen aus den Reihen von Norman Runge (NPD) war wieder vor Ort.<br \/>\nAnschlie\u00dfend gab es im Damaschkeweg &#8211; in einer gutsituierten Wohngegend &#8211; eine Abschlusskundgebung. In dieser wurde der Terroranschlag von Br\u00fcssel thematisiert und auf rassistische Weise \u00c4ngste gesch\u00fcrt. Andere Inhalte waren Einwanderung und Krieg. Auch der blaue Lautsprecherwagen aus den Reihen von Norman Runge (NPD) war wieder vor Ort.<\/p>\n<figure id=\"attachment_3744\" aria-describedby=\"caption-attachment-3744\" style=\"width: 459px\" class=\"wp-caption aligncenter\"><img loading=\"lazy\" decoding=\"async\" class=\"size-full wp-image-3744\" src=\"http:\/\/rockgegenrechts.square7.ch\/wp-content\/uploads\/2016\/04\/20160401_194634-1.jpg\" alt=\"Blauer Lautsprecherwagen aus dem NPD Umfeld. Wir berichteten: http:\/\/rockgegenrechts.square7.ch\/?p=3502\" width=\"459\" height=\"816\" srcset=\"https:\/\/rockgegenrechts.bplaced.net\/wp-content\/uploads\/2016\/04\/20160401_194634-1.jpg 459w, https:\/\/rockgegenrechts.bplaced.net\/wp-content\/uploads\/2016\/04\/20160401_194634-1-169x300.jpg 169w\" sizes=\"(max-width: 459px) 100vw, 459px\" \/><figcaption id=\"caption-attachment-3744\" class=\"wp-caption-text\">Blauer Lautsprecherwagen aus dem NPD Umfeld. Wir berichteten: <a href=\"http:\/\/rockgegenrechts.square7.ch\/?p=3502\">http:\/\/rockgegenrechts.square7.ch\/?p=3502<\/a><\/figcaption><\/figure>\n<p style=\"text-align: justify;\">Die Kundgebung, die vergleichsweise arm an Rednern war, wurde wie gewohnt mit dem \u201eDeutschlandlied\u201c beendet. Es kam zu einem technischen Fehler, wodurch die Musik abbrach und kein Gesang von teilnehmenden Rechtsradikalen zu h\u00f6ren war. Das Lied wurde erneut gestartet. Auch Dirk Arendt (NPD Kreisvorsitzender) und seine Ge\u201cvolk\u201cschaft waren anwesend. Die Demonstration lief \u00fcber eine der Parallelstra\u00dfen auf die Alte Richtenberger Stra\u00dfe in Richtung Bahnhof zur\u00fcck.<br \/>\nDie Route erinnerte an systematisches Ablaufen nach erfolgversprechenden Demonstrationsrouten. Der Erfolg blieb jedoch aus.<\/p>\n<blockquote><p><strong><span style=\"color: #ff0037;\">TIPP: <\/span><\/strong><span style=\"color: #ff0037;\">Die \u201eRecherche Gruppe AST\u201c hat \u00fcber die vorherige Demonstration berichtet. Den Bericht findet ihr hier: <\/span><span style=\"color: #ff0037;\"><a style=\"color: #ff0037;\" href=\"http:\/\/astwestmecklenburg.blogsport.eu\/2016\/03\/05\/wahlkampf-aufmarsch-in-stralsund\/\" target=\"_blank\">http:\/\/astwestmecklenburg.blogsport.eu\/2016\/03\/05\/wahlkampf-aufmarsch-in-stralsund\/<\/a>.<\/span><\/p><\/blockquote>\n<p>&nbsp;<\/p>\n<p style=\"text-align: justify;\"><strong>Naumann wider dabei?<\/strong><br \/>\nAuch Enrico Naumann, Begr\u00fcnder von \u201eMVGida\u201c und \u201eMV.Patrioten\u201c konnte auf den letzten Demonstrationen wieder entdeckt werden. W\u00e4hrend er diese Demonstration und Gegenproteste am Hauptbahnhof beobachtete, nahm er an vorherigen Demonstrationen nur passiv teil. Die Rolle von Enrico Naumann bleibt unklar. Wir bleiben gespannt!<\/p>\n<figure id=\"attachment_3739\" aria-describedby=\"caption-attachment-3739\" style=\"width: 576px\" class=\"wp-caption aligncenter\"><img loading=\"lazy\" decoding=\"async\" class=\"wp-image-3739 size-large\" src=\"http:\/\/rockgegenrechts.square7.ch\/wp-content\/uploads\/2016\/04\/20160401_212221-1-576x1024.jpg\" alt=\"20160401_212221\" width=\"576\" height=\"1024\" srcset=\"https:\/\/rockgegenrechts.bplaced.net\/wp-content\/uploads\/2016\/04\/20160401_212221-1-576x1024.jpg 576w, https:\/\/rockgegenrechts.bplaced.net\/wp-content\/uploads\/2016\/04\/20160401_212221-1-169x300.jpg 169w, https:\/\/rockgegenrechts.bplaced.net\/wp-content\/uploads\/2016\/04\/20160401_212221-1-768x1365.jpg 768w, https:\/\/rockgegenrechts.bplaced.net\/wp-content\/uploads\/2016\/04\/20160401_212221-1-700x1244.jpg 700w, https:\/\/rockgegenrechts.bplaced.net\/wp-content\/uploads\/2016\/04\/20160401_212221-1.jpg 918w\" sizes=\"(max-width: 576px) 100vw, 576px\" \/><figcaption id=\"caption-attachment-3739\" class=\"wp-caption-text\">Naumann beobachtet Gegenprotest und Demo der Rechtsradikalen am 1. Apil zugleich<\/figcaption><\/figure>\n<figure id=\"attachment_3741\" aria-describedby=\"caption-attachment-3741\" style=\"width: 616px\" class=\"wp-caption aligncenter\"><img loading=\"lazy\" decoding=\"async\" class=\"wp-image-3741 size-full\" src=\"http:\/\/rockgegenrechts.square7.ch\/wp-content\/uploads\/2016\/04\/MWE_7166-1.jpg\" alt=\"Naumann: passiv wirkend auf der Demo am 4. M\u00e4rz. Quelle: Moritz Werthschulte\" width=\"616\" height=\"408\" srcset=\"https:\/\/rockgegenrechts.bplaced.net\/wp-content\/uploads\/2016\/04\/MWE_7166-1.jpg 616w, https:\/\/rockgegenrechts.bplaced.net\/wp-content\/uploads\/2016\/04\/MWE_7166-1-300x199.jpg 300w\" sizes=\"(max-width: 616px) 100vw, 616px\" \/><figcaption id=\"caption-attachment-3741\" class=\"wp-caption-text\">Naumann: passiv wirkend auf der Demo am 4. M\u00e4rz. Quelle: Moritz Werthschulte<\/figcaption><\/figure>\n<figure id=\"attachment_3740\" aria-describedby=\"caption-attachment-3740\" style=\"width: 398px\" class=\"wp-caption aligncenter\"><img loading=\"lazy\" decoding=\"async\" class=\"wp-image-3740 \" src=\"http:\/\/rockgegenrechts.square7.ch\/wp-content\/uploads\/2016\/04\/Screenshot_2016-04-12-18-05-52-1-576x1024.png\" alt=\"Screenshot_2016-04-12-18-05-52\" width=\"398\" height=\"708\" srcset=\"https:\/\/rockgegenrechts.bplaced.net\/wp-content\/uploads\/2016\/04\/Screenshot_2016-04-12-18-05-52-1-576x1024.png 576w, https:\/\/rockgegenrechts.bplaced.net\/wp-content\/uploads\/2016\/04\/Screenshot_2016-04-12-18-05-52-1-169x300.png 169w, https:\/\/rockgegenrechts.bplaced.net\/wp-content\/uploads\/2016\/04\/Screenshot_2016-04-12-18-05-52-1-768x1365.png 768w, https:\/\/rockgegenrechts.bplaced.net\/wp-content\/uploads\/2016\/04\/Screenshot_2016-04-12-18-05-52-1-700x1244.png 700w, https:\/\/rockgegenrechts.bplaced.net\/wp-content\/uploads\/2016\/04\/Screenshot_2016-04-12-18-05-52-1.png 1080w\" sizes=\"(max-width: 398px) 100vw, 398px\" \/><figcaption id=\"caption-attachment-3740\" class=\"wp-caption-text\">Screenshot Satire-Seite \u201ePatrioten Rostock\/R\u00fcgen\/Stralsund entlarven\u201c),<a href=\"https:\/\/www.facebook.com\/permalink.php?story_fbid=1532553717040777&amp;id=1485417035087779\">https:\/\/www.facebook.com\/permalink.php?story_fbid=1532553717040777&amp;id=1485417035087779<\/a><\/figcaption><\/figure>\n<p style=\"text-align: justify;\"><strong>Dumm, Brutal und National<\/strong><br \/>\nDie Teilnehmer der Demonstrationen trafen schlie\u00dflich auf dem R\u00fcckweg auf H\u00f6he der Schranken am Hauptbahnhof auf Gegenwehr. Als die Demonstration die Schiene \u00fcberquerte war auch ihr H\u00f6hepunkt erreicht. Teils betrunkene Neonazis beleidigten die rund 40 Gegendemonstranten, versuchten zu ihnen zu gelangen und warfen auch eine leere Schnapsflasche in die Menge der Protestierenden. Zum Gl\u00fcck verfehlte sie ihr Ziel. Hier ein Video:<\/p>\n<p style=\"text-align: justify;\"><iframe loading=\"lazy\" src=\"https:\/\/www.youtube.com\/embed\/XCaMKUJSM3U\" width=\"560\" height=\"315\" frameborder=\"0\" allowfullscreen=\"allowfullscreen\"><\/iframe><br \/>\nDie Reaktion der Polizei darauf war nicht nennenswert. Es wurde lediglich kurz nachgesehen, ob Scheiben zu Bruch gingen. Als klar war, dass kein Schanden entstanden ist und niemand verletzt wurde, verlie\u00df man den Ort und es ist unklar, ob der Wurf zu polizeilichen Konsequenzen f\u00fcr die Rechtsradikalen gef\u00fchrt hat.<\/p>\n<p style=\"text-align: justify;\"><strong>Rechte Gewalt nach Demonstrationen<\/strong><br \/>\nAuch im Anschluss an die Demonstration am 01. April traf sich eine Gruppe von 30 Rechtsradikalen nach Abschluss der Veranstaltung. Sie bleiben in der N\u00e4he der Gegendemonstranten, waren offensichtlich betrunken und riefen Beleidigungen und Parolen aus. Auch die Polizei war Opfer mehrerer Beleidigungen. Nach der letzten Demonstration am 03.03.2016 kam es am Theater zu einem \u00dcbergriff auf Migrant_innen. Nazigegner beobachteten die Situation und die Polizei ging nach der Alarmierung gegen die betrunkenen Rechtsradikalen vor. Auch in der Nacht schlichen \u201eKleingeister\u201c der ehemaligen \u201eHatecrew\u201c durch die Altstadt um in Kneipen ihren Frust an Antifaschisten herauszulassen. Dabei handelt es sich beispielsweise und Namen wie Marko Preu\u00df, Dennis Raab und Eric Settekorn. Nur leider finden sie in manchen Etablissements keine Bleiben, da sie sich absolut daneben benehmen. Und auch nach dieser Demonstration war das gleiche Bild in der Stadt wahrzunehmen. Generell sind rechte und rassistische \u00dcbergriffe in jeglicher Form stark angestiegen.<\/p>\n<p style=\"text-align: justify;\"><strong>Was ist da eigentlich los in Greifswald?<\/strong><br \/>\nSo wie einige andere Blogs haben auch wir schon einmal \u00fcber die Geschehnisse um die FFDG Greifswald\/Wolgast berichtet. Nun enth\u00fcllt sich ein weiterer Krach in Greifwald. Die Facebook-Seite von \u201eGreifswald wehrt sich\u201c, einer von Neonazis durchsetzten B\u00fcrgerwehr, vermeldete noch vor Wochen, dass sie auf Jagd gehen m\u00f6chten \u2013 Jagd auf politische Gegner. Die Medien berichteten.\u00a0 Nun gab es inzwischen weitere Ver\u00f6ffentlichungen, allerdings unter dem Namen \u201eUmbrealla wehrt sich\u201c (<a href=\"https:\/\/www.facebook.com\/Umbrealla-wehrt-sich-408055126061369\/?fref=ts\" target=\"_blank\">https:\/\/www.facebook.com\/Umbrealla-wehrt-sich-408055126061369\/?fref=ts<\/a>).<\/p>\n<figure id=\"attachment_3750\" aria-describedby=\"caption-attachment-3750\" style=\"width: 988px\" class=\"wp-caption aligncenter\"><img loading=\"lazy\" decoding=\"async\" class=\"size-full wp-image-3750\" src=\"http:\/\/rockgegenrechts.square7.ch\/wp-content\/uploads\/2016\/04\/facebook_1460479041615-1.jpg\" alt=\"Screenshot: &quot;Greifswald wehrt sich&quot;\" width=\"988\" height=\"265\" srcset=\"https:\/\/rockgegenrechts.bplaced.net\/wp-content\/uploads\/2016\/04\/facebook_1460479041615-1.jpg 988w, https:\/\/rockgegenrechts.bplaced.net\/wp-content\/uploads\/2016\/04\/facebook_1460479041615-1-300x80.jpg 300w, https:\/\/rockgegenrechts.bplaced.net\/wp-content\/uploads\/2016\/04\/facebook_1460479041615-1-768x206.jpg 768w, https:\/\/rockgegenrechts.bplaced.net\/wp-content\/uploads\/2016\/04\/facebook_1460479041615-1-700x188.jpg 700w\" sizes=\"(max-width: 988px) 100vw, 988px\" \/><figcaption id=\"caption-attachment-3750\" class=\"wp-caption-text\">Screenshot: &#8222;Greifswald wehrt sich&#8220;<\/figcaption><\/figure>\n<figure id=\"attachment_3745\" aria-describedby=\"caption-attachment-3745\" style=\"width: 576px\" class=\"wp-caption aligncenter\"><img loading=\"lazy\" decoding=\"async\" class=\"wp-image-3745 size-large\" src=\"http:\/\/rockgegenrechts.square7.ch\/wp-content\/uploads\/2016\/04\/Screenshot_2016-04-12-18-32-46-1-576x1024.png\" alt=\"Screenshot_2016-04-12-18-32-46\" width=\"576\" height=\"1024\" srcset=\"https:\/\/rockgegenrechts.bplaced.net\/wp-content\/uploads\/2016\/04\/Screenshot_2016-04-12-18-32-46-1-576x1024.png 576w, https:\/\/rockgegenrechts.bplaced.net\/wp-content\/uploads\/2016\/04\/Screenshot_2016-04-12-18-32-46-1-169x300.png 169w, https:\/\/rockgegenrechts.bplaced.net\/wp-content\/uploads\/2016\/04\/Screenshot_2016-04-12-18-32-46-1-768x1365.png 768w, https:\/\/rockgegenrechts.bplaced.net\/wp-content\/uploads\/2016\/04\/Screenshot_2016-04-12-18-32-46-1-700x1244.png 700w, https:\/\/rockgegenrechts.bplaced.net\/wp-content\/uploads\/2016\/04\/Screenshot_2016-04-12-18-32-46-1.png 1080w\" sizes=\"(max-width: 576px) 100vw, 576px\" \/><figcaption id=\"caption-attachment-3745\" class=\"wp-caption-text\">Screenshot: \u201eUmbrealla wehrt sich\u201c<\/figcaption><\/figure>\n<p style=\"text-align: justify;\">Daraufhin kommentierte &#8222;Melanie Bu&#8220;, die vermutliche Nichte Naumanns und gleichzeitig FFDG-Organisatorin.<\/p>\n<figure id=\"attachment_3746\" aria-describedby=\"caption-attachment-3746\" style=\"width: 420px\" class=\"wp-caption aligncenter\"><img loading=\"lazy\" decoding=\"async\" class=\"wp-image-3746\" src=\"http:\/\/rockgegenrechts.square7.ch\/wp-content\/uploads\/2016\/04\/Screenshot_2016-04-12-18-32-40-1-576x1024.png\" alt=\"Screenshot_2016-04-12-18-32-40\" width=\"420\" height=\"746\" srcset=\"https:\/\/rockgegenrechts.bplaced.net\/wp-content\/uploads\/2016\/04\/Screenshot_2016-04-12-18-32-40-1-576x1024.png 576w, https:\/\/rockgegenrechts.bplaced.net\/wp-content\/uploads\/2016\/04\/Screenshot_2016-04-12-18-32-40-1-169x300.png 169w, https:\/\/rockgegenrechts.bplaced.net\/wp-content\/uploads\/2016\/04\/Screenshot_2016-04-12-18-32-40-1-768x1365.png 768w, https:\/\/rockgegenrechts.bplaced.net\/wp-content\/uploads\/2016\/04\/Screenshot_2016-04-12-18-32-40-1-700x1244.png 700w, https:\/\/rockgegenrechts.bplaced.net\/wp-content\/uploads\/2016\/04\/Screenshot_2016-04-12-18-32-40-1.png 1080w\" sizes=\"(max-width: 420px) 100vw, 420px\" \/><figcaption id=\"caption-attachment-3746\" class=\"wp-caption-text\">Screenshot: \u201eUmbrealle wehrt sich&#8220;<\/figcaption><\/figure>\n<p style=\"text-align: justify;\">Wer sich das diffuse Auftreten der Greifswalder Gruppe anschauen m\u00f6chte, ist zu sp\u00e4t. Die Seite wurde inzwischen gel\u00f6scht. Die \u201ePatrioten Rostock\/R\u00fcgen\/Stralsund\u201c \u00e4u\u00dferten sich emp\u00f6rt und distanzierend zum neuen Auftreten der B\u00fcrgerwehr und zeigen sich geschlossen mit der FFDG.<\/p>\n<figure id=\"attachment_3747\" aria-describedby=\"caption-attachment-3747\" style=\"width: 480px\" class=\"wp-caption aligncenter\"><img loading=\"lazy\" decoding=\"async\" class=\"wp-image-3747 size-full\" src=\"http:\/\/rockgegenrechts.square7.ch\/wp-content\/uploads\/2016\/04\/facebook_1460478874849-1.jpg\" alt=\"facebook_1460478874849\" width=\"480\" height=\"800\" srcset=\"https:\/\/rockgegenrechts.bplaced.net\/wp-content\/uploads\/2016\/04\/facebook_1460478874849-1.jpg 480w, https:\/\/rockgegenrechts.bplaced.net\/wp-content\/uploads\/2016\/04\/facebook_1460478874849-1-180x300.jpg 180w\" sizes=\"(max-width: 480px) 100vw, 480px\" \/><figcaption id=\"caption-attachment-3747\" class=\"wp-caption-text\">Screenshot: \u201ePatrioten Rostock\/R\u00fcgen\/Stralsund&#8220;<\/figcaption><\/figure>\n<p style=\"text-align: justify;\">Die Seite der Greifswalder B\u00fcrgerwehr erinnerte an die \u201eUmbrella Corporation\u201c (<a href=\"https:\/\/www.facebook.com\/umbrellacorp\/?fref=ts\">https:\/\/www.facebook.com\/umbrellacorp\/?fref=ts<\/a>). Vermutlich stand Enrico Naumann hinter dieser Seite. Ob er sie selbst gel\u00f6scht hat, oder die &#8222;umbrellacorporation&#8220; sie wegen Copyrightverst\u00f6\u00dfen gemeldet hat, werden wir wohl nie erfahren. Auch Konflikte zwischen &#8222;Melanie Bu&#8220; und Enrico Naumann k\u00f6nnten Gr\u00fcnde f\u00fcr die L\u00f6schung sein. Wie wir schon berichten, ist &#8222;Melanie Bu&#8220; eine der Hauptorganisatorinnen der &#8222;FFDG Greifswald&#8220;. Mehr zum Konflikt zwischen Naumann und der &#8222;FFDG Greifswald&#8220; hier: <a href=\"http:\/\/rockgegenrechts.square7.ch\/?p=3502\">http:\/\/rockgegenrechts.square7.ch\/?p=3502<\/a>.<\/p>\n<p style=\"text-align: justify;\">Eins haben alle &#8222;patriotischen Bewegungen&#8220; im Raum Vorpommern gemeinsam: Die Anzahl von Demonstranten sinkt drastisch. So waren es am 11.04. in Greifswald nur noch 40 Personen (<a href=\"https:\/\/www.facebook.com\/UoNhgw\/photos\/a.363014507200628.1073741827.349511071884305\/547350365433707\/?type=3&amp;theater\" target=\"_blank\">https:\/\/www.facebook.com\/UoNhgw\/photos\/a.363014507200628.1073741827.349511071884305\/547350365433707\/?type=3&amp;theater<\/a>).<\/p>\n<p><strong>Nennenswerte Ereignisse der Vergangenheit!<\/strong><br \/>\nIn Stralsund fand am 01.April weiterhin eine Kundgebung der AfD statt. Unter dem Motto \u201eMerkel muss weg\u201c demonstrierten AfDler und NPDler Hand in Hand gegen die Politik der Bundeskanzlerin. Auch Dirk Arendt (NPD Kreisvorsitzender) und Eric Listing (NPD Mitglied, aus Sagard) waren vor Ort.<\/p>\n<figure id=\"attachment_3749\" aria-describedby=\"caption-attachment-3749\" style=\"width: 942px\" class=\"wp-caption aligncenter\"><img loading=\"lazy\" decoding=\"async\" class=\"size-full wp-image-3749\" src=\"http:\/\/rockgegenrechts.square7.ch\/wp-content\/uploads\/2016\/04\/DSCF6651-1.jpg\" alt=\"Dirk Arendt (vorne-links), Eric Listing (vorne-rechts\" width=\"942\" height=\"670\" srcset=\"https:\/\/rockgegenrechts.bplaced.net\/wp-content\/uploads\/2016\/04\/DSCF6651-1.jpg 942w, https:\/\/rockgegenrechts.bplaced.net\/wp-content\/uploads\/2016\/04\/DSCF6651-1-300x213.jpg 300w, https:\/\/rockgegenrechts.bplaced.net\/wp-content\/uploads\/2016\/04\/DSCF6651-1-768x546.jpg 768w, https:\/\/rockgegenrechts.bplaced.net\/wp-content\/uploads\/2016\/04\/DSCF6651-1-700x498.jpg 700w\" sizes=\"(max-width: 942px) 100vw, 942px\" \/><figcaption id=\"caption-attachment-3749\" class=\"wp-caption-text\">Dirk Arendt (vorne-links), Eric Listing (vorne-rechts)<\/figcaption><\/figure>\n<p style=\"text-align: justify;\">Journalisten wurden auf dieser Veranstaltung bedroht. Ein ausf\u00fchrlicher Bericht von \u201eEndstation Rechts\u201c findet sich hier: <a href=\"http:\/\/www.endstation-rechts.de\/news\/kategorie\/afd\/artikel\/afd-macht-gegen-merkel-mobil.html\" target=\"_blank\">http:\/\/www.endstation-rechts.de\/news\/kategorie\/afd\/artikel\/afd-macht-gegen-merkel-mobil.html<\/a>.<\/p>\n<p style=\"text-align: justify;\">Der offizielle Wahlkampfauftakt der AfD Mecklenburg-Vorpommern zu den anstehenden Landtagswahlen erfolgt am 23. April ebenfalls in Stralsund. (<a href=\"https:\/\/www.facebook.com\/events\/996942647038966\/\" target=\"_blank\">https:\/\/www.facebook.com\/events\/996942647038966\/, <\/a><a href=\"http:\/\/www.endstation-rechts.de\/news\/kategorie\/afd\/artikel\/schuetzenhilfe-von-gauland-afd-mecklenburg-vorpommern-eroeffnet-wahlkampf.html\" target=\"_blank\">http:\/\/www.endstation-rechts.de\/news\/kategorie\/afd\/artikel\/schuetzenhilfe-von-gauland-afd-mecklenburg-vorpommern-eroeffnet-wahlkampf.html<\/a>). Zu Gast sind erneut Leif Eric Holm und diesmal auch Alexander Gauland, ein Hardliner in der AfD. Die rechte Szene ruft schon jetzt zur Teilnahme auf, so ist es verschiedenen Seiten und Facebook-Profilen zu entnehmen.<\/p>\n<figure id=\"attachment_3752\" aria-describedby=\"caption-attachment-3752\" style=\"width: 576px\" class=\"wp-caption aligncenter\"><img loading=\"lazy\" decoding=\"async\" class=\"wp-image-3752 size-large\" src=\"http:\/\/rockgegenrechts.square7.ch\/wp-content\/uploads\/2016\/04\/Screenshot_2016-04-17-21-46-32-576x1024.png\" alt=\"Screenshot_2016-04-17-21-46-32\" width=\"576\" height=\"1024\" srcset=\"https:\/\/rockgegenrechts.bplaced.net\/wp-content\/uploads\/2016\/04\/Screenshot_2016-04-17-21-46-32-576x1024.png 576w, https:\/\/rockgegenrechts.bplaced.net\/wp-content\/uploads\/2016\/04\/Screenshot_2016-04-17-21-46-32-169x300.png 169w, https:\/\/rockgegenrechts.bplaced.net\/wp-content\/uploads\/2016\/04\/Screenshot_2016-04-17-21-46-32-768x1365.png 768w, https:\/\/rockgegenrechts.bplaced.net\/wp-content\/uploads\/2016\/04\/Screenshot_2016-04-17-21-46-32-700x1244.png 700w, https:\/\/rockgegenrechts.bplaced.net\/wp-content\/uploads\/2016\/04\/Screenshot_2016-04-17-21-46-32.png 1080w\" sizes=\"(max-width: 576px) 100vw, 576px\" \/><figcaption id=\"caption-attachment-3752\" class=\"wp-caption-text\">Screenshot: &#8222;Patrioten&#8220; sagen Demo am 22.04. ab und rufen zur Teilnahme am 23.05. auf.<\/figcaption><\/figure>\n<p style=\"text-align: justify;\"><strong>Erw\u00e4hnenswert ist an dieser Stelle ebenfalls, dass Dirk Arendt zu einer Geldstrafe verurteilt wurde, da er auf dem Weg zur NPD-Weihnachtsfeier seinen mit Hakenkreuz geschm\u00fcckten Christbaum-St\u00e4nder ver\u00f6ffentlichte. Auch hier gibt\u2019s einen Bericht:<\/strong> <a href=\"http:\/\/www.endstation-rechts.de\/news\/kategorie\/npd\/artikel\/hakenkreuz-unterm-weihnachtsbaum-geldstrafe-fuer-npd-politiker.html\" target=\"_blank\">http:\/\/www.endstation-rechts.de\/news\/kategorie\/npd\/artikel\/hakenkreuz-unterm-weihnachtsbaum-geldstrafe-fuer-npd-politiker.html<\/a>. Zu diesem Bericht empfehlen wir folgende Facebookbeitr\u00e4ge: <a href=\"https:\/\/www.facebook.com\/HansestadtStralsund\/posts\/1293070377376665\" target=\"_blank\">https:\/\/www.facebook.com\/HansestadtStralsund\/posts\/1293070377376665<\/a>,<br \/>\n<a href=\"https:\/\/www.facebook.com\/jana.hoffmann.56\/posts\/956612467709015?pnref=story\" target=\"_blank\">https:\/\/www.facebook.com\/jana.hoffmann.56\/posts\/956612467709015?pnref=story<\/a><\/p>\n<p><strong>Auch die &#8222;Identit\u00e4re Bewegung&#8220; versucht sich von Mecklenburg in den Landkreis Vorpommern-R\u00fcgen zu verbreiten. Hier findet ihr verschiedene Berichte:<\/strong><\/p>\n<p><a href=\"http:\/\/astwestmecklenburg.blogsport.eu\/2016\/04\/09\/indentitaere-bewegung-veranstaltet-kundgebung-und-flashmob\/#more-651\" target=\"_blank\">http:\/\/astwestmecklenburg.blogsport.eu\/2016\/04\/09\/indentitaere-bewegung-veranstaltet-kundgebung-und-flashmob\/#more-651<\/a><\/p>\n<p><a href=\"https:\/\/www.facebook.com\/RockGegenRechtsStralsund\/photos\/a.598500806839402.1073741827.577501005606049\/1092842194071925\/?type=3&amp;theater\" target=\"_blank\">https:\/\/www.facebook.com\/RockGegenRechtsStralsund\/photos\/a.598500806839402.1073741827.577501005606049\/1092842194071925\/?type=3&amp;theater<\/a><\/p>\n<p><a href=\"https:\/\/www.facebook.com\/RockGegenRechtsStralsund\/posts\/1092789630743848\" target=\"_blank\">https:\/\/www.facebook.com\/RockGegenRechtsStralsund\/posts\/1092789630743848<\/a><\/p>\n<p><a href=\"https:\/\/www.facebook.com\/RockGegenRechtsStralsund\/posts\/1093468387342639\" target=\"_blank\">https:\/\/www.facebook.com\/RockGegenRechtsStralsund\/posts\/1093468387342639<\/a><\/p>\n<p><a href=\"http:\/\/www.huffingtonpost.de\/2016\/04\/08\/afd-sachsen-anhalt-identitaere-bewegung-_n_9642830.html\" target=\"_blank\">http:\/\/www.huffingtonpost.de\/2016\/04\/08\/afd-sachsen-anhalt-identitaere-bewegung-_n_9642830.html<\/a><\/p>\n<p style=\"text-align: justify;\"><strong>NPD Wahlkampf und so?<\/strong><\/p>\n<p style=\"text-align: justify;\">Die NPD hat vor einigen Wochen ihre Landesliste (1. Udo Past\u00f6rs, 2. Tino M\u00fcller,3. Michael Andrejewski, 4. Stefan K\u00f6ster, 5. David Petereit, 6. Andreas Thei\u00dfen, 7. Norman Runge, 8. Enrico Hamisch, 9. Stefan Suhr, 10. Michael Grewe, 11. Marianne Past\u00f6rs, 12. Alexander Wendt, 13. Dirk Bahlmann, 14. Adrian Wasner, 15. Marko Zimmermann, 16. Kristian Belz, 17. Torgai Klingebiel, 18. Antje Menzel, 19. J\u00f6rn Stelter, 20. Doris Zutt) f\u00fcr die anstehenden Wahlen ver\u00f6ffentlicht. Ein Wahlkampf ist bisher nur im Rahmen der &#8222;Initiative Vereint f\u00fcr Stralsund&#8220;und deren Demonstrationen wahrzunehmen. Auf den Demonstrationen sind u.a. Antje Karnatz Menzel ( Vorsitzende Ring Nationaler Frauen MV, NPD) und Norman Runge (NPD) aufgetreten.<\/p>\n<p style=\"text-align: justify;\"><iframe loading=\"lazy\" src=\"https:\/\/www.youtube.com\/embed\/F-y6-qUCmVY\" width=\"560\" height=\"315\" frameborder=\"0\" allowfullscreen=\"allowfullscreen\"><\/iframe><\/p>\n<p style=\"text-align: center;\">Video: Min. 16:55 Norman Runge<\/p>\n<figure id=\"attachment_3753\" aria-describedby=\"caption-attachment-3753\" style=\"width: 300px\" class=\"wp-caption aligncenter\"><img loading=\"lazy\" decoding=\"async\" class=\"wp-image-3753 size-full\" src=\"http:\/\/rockgegenrechts.square7.ch\/wp-content\/uploads\/2016\/04\/menzel.jpg\" alt=\"Antje Karnatz Menzel\" width=\"300\" height=\"200\" \/><figcaption id=\"caption-attachment-3753\" class=\"wp-caption-text\">Antje Karnatz Menzel<\/figcaption><\/figure>\n<figure id=\"attachment_3755\" aria-describedby=\"caption-attachment-3755\" style=\"width: 582px\" class=\"wp-caption aligncenter\"><img loading=\"lazy\" decoding=\"async\" class=\" wp-image-3755\" src=\"http:\/\/rockgegenrechts.square7.ch\/wp-content\/uploads\/2016\/04\/Leitfaden-zum-Umgang-mit-Asylanten-in-der-Nachbarschaft-690x1024.jpg\" alt=\"Alter NPD Flyer wird in Stralsund verteilt.\" width=\"582\" height=\"864\" srcset=\"https:\/\/rockgegenrechts.bplaced.net\/wp-content\/uploads\/2016\/04\/Leitfaden-zum-Umgang-mit-Asylanten-in-der-Nachbarschaft-690x1024.jpg 690w, https:\/\/rockgegenrechts.bplaced.net\/wp-content\/uploads\/2016\/04\/Leitfaden-zum-Umgang-mit-Asylanten-in-der-Nachbarschaft-202x300.jpg 202w, https:\/\/rockgegenrechts.bplaced.net\/wp-content\/uploads\/2016\/04\/Leitfaden-zum-Umgang-mit-Asylanten-in-der-Nachbarschaft-768x1141.jpg 768w, https:\/\/rockgegenrechts.bplaced.net\/wp-content\/uploads\/2016\/04\/Leitfaden-zum-Umgang-mit-Asylanten-in-der-Nachbarschaft-700x1040.jpg 700w, https:\/\/rockgegenrechts.bplaced.net\/wp-content\/uploads\/2016\/04\/Leitfaden-zum-Umgang-mit-Asylanten-in-der-Nachbarschaft-1082x1607.jpg 1082w, https:\/\/rockgegenrechts.bplaced.net\/wp-content\/uploads\/2016\/04\/Leitfaden-zum-Umgang-mit-Asylanten-in-der-Nachbarschaft.jpg 1379w\" sizes=\"(max-width: 582px) 100vw, 582px\" \/><figcaption id=\"caption-attachment-3755\" class=\"wp-caption-text\">Alter NPD Flyer wird in Stralsund verteilt.<\/figcaption><\/figure>\n<p style=\"text-align: left;\">\n<hr \/>\n<p style=\"text-align: left;\">\n<p style=\"text-align: left;\">Da es nicht m\u00f6glich ist alle Ereignisse in einem Bericht zu erfassen, bitten wir darum, st\u00e4ndig unsere Facebook-Seite zu besuchen. Dort werden aktuelle Meldungen, Polizeiberichte etc. ver\u00f6ffentlicht. Zur Seite: <a href=\"https:\/\/www.facebook.com\/RockGegenRechtsStralsund\/?fref=ts\" target=\"_blank\">https:\/\/www.facebook.com\/RockGegenRechtsStralsund\/?fref=ts<\/a>.<\/p>\n<p style=\"text-align: left;\">\nAktuelle Meldungen und Auswertung zu Gegenprotesten immer auf den Seiten von \u201eStralsund f\u00fcr Alle\u201c (<a href=\"http:\/\/stralsundfueralle.blogsport.eu\/2016\/03\/29\/scherz-statt-hetze\/\" target=\"_blank\">http:\/\/stralsundfueralle.blogsport.eu\/2016\/03\/29\/scherz-statt-hetze\/<\/a>, <a href=\"https:\/\/www.facebook.com\/hstfueralle\/?fref=ts\" target=\"_blank\">https:\/\/www.facebook.com\/hstfueralle\/?fref=ts<\/a>) und \u201eEinfach Handeln\u201c (<a href=\"https:\/\/www.facebook.com\/Einfachhandeln-948541105207739\/?fref=ts\" target=\"_blank\">https:\/\/www.facebook.com\/Einfachhandeln-948541105207739\/?fref=ts<\/a>).<\/p>\n","protected":false},"excerpt":{"rendered":"<p>Am Freitag, dem 1. April diesen Jahres, fand in Stralsund eine weitere Demonstration der \u201eInitiative Vereint f\u00fcr Stralsund\u201c statt. Die \u201eInitiative\u201c, die ein Teil eines \u201ePatrioten\u201c- B\u00fcndnisses ist und einige Facebook-Gemeinschaften umfasst (\u201ePatrioten R\u00fcgen\/Rostock\/Stralsund\u201c, \u201ePatrioten Rostock\/R\u00fcgen\/Stralsund\u201c, \u201ePatrioten Stralsund\/Rostock\/R\u00fcgen\u201c, \u201ePatrioten Barth\u201c, \u201ePatrioten Ribnitz-Damgarten\u201c) konnte diesmal deutlich weniger Menschen erreichen. Laut eigener Z\u00e4hlung vor Ort waren bei &hellip; <a href=\"http:\/\/www.rockgegenrechts.com\/?p=3720\" class=\"more-link\"><span class=\"screen-reader-text\">Stralsund: ein Fass ohne Boden!<\/span> weiterlesen<\/a><\/p>\n","protected":false},"author":1,"featured_media":3741,"comment_status":"open","ping_status":"open","sticky":false,"template":"","format":"standard","meta":{"jetpack_post_was_ever_published":false,"_jetpack_newsletter_access":"","_jetpack_dont_email_post_to_subs":false,"_jetpack_newsletter_tier_id":0,"_jetpack_memberships_contains_paywalled_content":false,"_jetpack_memberships_contains_paid_content":false,"footnotes":"","jetpack_publicize_message":"","jetpack_publicize_feature_enabled":true,"jetpack_social_post_already_shared":false,"jetpack_social_options":{"image_generator_settings":{"template":"highway","enabled":false},"version":2}},"categories":[1,68],"tags":[],"class_list":["post-3720","post","type-post","status-publish","format-standard","has-post-thumbnail","hentry","category-allgemein","category-stralsund-nazifrei"],"jetpack_publicize_connections":[],"jetpack_featured_media_url":"https:\/\/rockgegenrechts.bplaced.net\/wp-content\/uploads\/2016\/04\/MWE_7166-1.jpg","jetpack_shortlink":"https:\/\/wp.me\/p63KIm-Y0","jetpack_sharing_enabled":true,"_links":{"self":[{"href":"http:\/\/www.rockgegenrechts.com\/index.php?rest_route=\/wp\/v2\/posts\/3720"}],"collection":[{"href":"http:\/\/www.rockgegenrechts.com\/index.php?rest_route=\/wp\/v2\/posts"}],"about":[{"href":"http:\/\/www.rockgegenrechts.com\/index.php?rest_route=\/wp\/v2\/types\/post"}],"author":[{"embeddable":true,"href":"http:\/\/www.rockgegenrechts.com\/index.php?rest_route=\/wp\/v2\/users\/1"}],"replies":[{"embeddable":true,"href":"http:\/\/www.rockgegenrechts.com\/index.php?rest_route=%2Fwp%2Fv2%2Fcomments&post=3720"}],"version-history":[{"count":9,"href":"http:\/\/www.rockgegenrechts.com\/index.php?rest_route=\/wp\/v2\/posts\/3720\/revisions"}],"predecessor-version":[{"id":3758,"href":"http:\/\/www.rockgegenrechts.com\/index.php?rest_route=\/wp\/v2\/posts\/3720\/revisions\/3758"}],"wp:featuredmedia":[{"embeddable":true,"href":"http:\/\/www.rockgegenrechts.com\/index.php?rest_route=\/wp\/v2\/media\/3741"}],"wp:attachment":[{"href":"http:\/\/www.rockgegenrechts.com\/index.php?rest_route=%2Fwp%2Fv2%2Fmedia&parent=3720"}],"wp:term":[{"taxonomy":"category","embeddable":true,"href":"http:\/\/www.rockgegenrechts.com\/index.php?rest_route=%2Fwp%2Fv2%2Fcategories&post=3720"},{"taxonomy":"post_tag","embeddable":true,"href":"http:\/\/www.rockgegenrechts.com\/index.php?rest_route=%2Fwp%2Fv2%2Ftags&post=3720"}],"curies":[{"name":"wp","href":"https:\/\/api.w.org\/{rel}","templated":true}]}}