{"id":3780,"date":"2016-07-01T14:26:28","date_gmt":"2016-07-01T14:26:28","guid":{"rendered":"http:\/\/www.rockgegenrechts.com\/?p=3780"},"modified":"2018-11-25T21:20:52","modified_gmt":"2018-11-25T21:20:52","slug":"rock-gegen-rechts-in-stralsund-stralsunder-verein-laedt-zum-vorbereitungstreffen-ein","status":"publish","type":"post","link":"http:\/\/www.rockgegenrechts.com\/?p=3780","title":{"rendered":"Rock gegen Rechts in Stralsund: Stralsunder Verein l\u00e4dt zum Vorbereitungstreffen ein!"},"content":{"rendered":"<figure id=\"attachment_2108\" aria-describedby=\"caption-attachment-2108\" style=\"width: 435px\" class=\"wp-caption alignleft\"><img loading=\"lazy\" decoding=\"async\" class=\"wp-image-2108 size-full\" src=\"http:\/\/rockgegenrechts.square7.ch\/wp-content\/uploads\/2011\/05\/TAZ-23.09.jpg\" alt=\"TAZ 23.09\" width=\"435\" height=\"236\" srcset=\"https:\/\/rockgegenrechts.bplaced.net\/wp-content\/uploads\/2011\/05\/TAZ-23.09.jpg 435w, https:\/\/rockgegenrechts.bplaced.net\/wp-content\/uploads\/2011\/05\/TAZ-23.09-300x162.jpg 300w\" sizes=\"(max-width: 435px) 100vw, 435px\" \/><figcaption id=\"caption-attachment-2108\" class=\"wp-caption-text\">Zeitungsanzeige aus dem Jahr 2014. Dort gab es das letzte Rock gegen Rechts Konzert in Stralsund. Soll es 2016 wieder eins geben? Dann mach mit!<\/figcaption><\/figure>\n<p style=\"text-align: justify;\">Der Stralsunder Verein \u201cRock gegen Rechts\u201d l\u00e4dt am kommenden Sonntag, den 03. Juli, zu einem \u00f6ffentlichen Vorbereitungstreffen um 14.15 Uhr ein. Dort soll die Vorbereitung eines open air Konzertes besprochen werden. Gerade inaktiven Menschen oder die ihr bisheriges Bet\u00e4tigungsfeld in anderen Initiativen haben, sollen die M\u00f6glichkeit erhalten sich an diesem Projekt zu beteiligen. Das Treffen findet in R\u00e4umen des Stic-er Theaters in der Frankenstra\u00dfe 57 statt.<\/p>\n<p style=\"text-align: justify;\">Auch andere Arbeitsgemeinschaften, wie das Fu\u00dfballturnier und der Bildungs-\/Kulturbereich werden momentan reaktiviert. Interessenten sollen sich per Telefon oder E-Mail anmelden (<a href=\"http:\/\/rockgegenrechts.square7.ch\/?page_id=7\" target=\"_blank\">KONTAKT<\/a>)<br \/>\nDer Verein unterst\u00fctzt auch das in diesem Jahr zum zehnten mal stattfindende das bei Wismar stattfindende &gt;Jamel rockt den F\u00f6rster&lt;, was am 27. und 28. August ist. Auch hier sucht der Verein gerade f\u00fcr die Festivaltage ehrenamtliche Helfer.<\/p>\n<p style=\"text-align: justify;\">V.i.S.d.P.: Jens Knoop, Rock gegen Rechts, RGR Stralsund e.V.<\/p>\n<p>&nbsp;<\/p>\n","protected":false},"excerpt":{"rendered":"<p>Der Stralsunder Verein \u201cRock gegen Rechts\u201d l\u00e4dt am kommenden Sonntag, den 03. Juli, zu einem \u00f6ffentlichen Vorbereitungstreffen um 14.15 Uhr ein. Dort soll die Vorbereitung eines open air Konzertes besprochen werden. Gerade inaktiven Menschen oder die ihr bisheriges Bet\u00e4tigungsfeld in anderen Initiativen haben, sollen die M\u00f6glichkeit erhalten sich an diesem Projekt zu beteiligen. Das Treffen &hellip; <a href=\"http:\/\/www.rockgegenrechts.com\/?p=3780\" class=\"more-link\"><span class=\"screen-reader-text\">Rock gegen Rechts in Stralsund: Stralsunder Verein l\u00e4dt zum Vorbereitungstreffen ein!<\/span> weiterlesen<\/a><\/p>\n","protected":false},"author":1,"featured_media":2108,"comment_status":"open","ping_status":"open","sticky":false,"template":"","format":"standard","meta":{"jetpack_post_was_ever_published":false,"_jetpack_newsletter_access":"","_jetpack_dont_email_post_to_subs":false,"_jetpack_newsletter_tier_id":0,"_jetpack_memberships_contains_paywalled_content":false,"_jetpack_memberships_contains_paid_content":false,"footnotes":"","jetpack_publicize_message":"","jetpack_publicize_feature_enabled":true,"jetpack_social_post_already_shared":false,"jetpack_social_options":{"image_generator_settings":{"template":"highway","enabled":false},"version":2}},"categories":[81,1],"tags":[],"class_list":["post-3780","post","type-post","status-publish","format-standard","has-post-thumbnail","hentry","category-ag-konzert","category-allgemein"],"jetpack_publicize_connections":[],"jetpack_featured_media_url":"https:\/\/rockgegenrechts.bplaced.net\/wp-content\/uploads\/2011\/05\/TAZ-23.09.jpg","jetpack_shortlink":"https:\/\/wp.me\/p63KIm-YY","jetpack_sharing_enabled":true,"_links":{"self":[{"href":"http:\/\/www.rockgegenrechts.com\/index.php?rest_route=\/wp\/v2\/posts\/3780"}],"collection":[{"href":"http:\/\/www.rockgegenrechts.com\/index.php?rest_route=\/wp\/v2\/posts"}],"about":[{"href":"http:\/\/www.rockgegenrechts.com\/index.php?rest_route=\/wp\/v2\/types\/post"}],"author":[{"embeddable":true,"href":"http:\/\/www.rockgegenrechts.com\/index.php?rest_route=\/wp\/v2\/users\/1"}],"replies":[{"embeddable":true,"href":"http:\/\/www.rockgegenrechts.com\/index.php?rest_route=%2Fwp%2Fv2%2Fcomments&post=3780"}],"version-history":[{"count":1,"href":"http:\/\/www.rockgegenrechts.com\/index.php?rest_route=\/wp\/v2\/posts\/3780\/revisions"}],"predecessor-version":[{"id":3781,"href":"http:\/\/www.rockgegenrechts.com\/index.php?rest_route=\/wp\/v2\/posts\/3780\/revisions\/3781"}],"wp:featuredmedia":[{"embeddable":true,"href":"http:\/\/www.rockgegenrechts.com\/index.php?rest_route=\/wp\/v2\/media\/2108"}],"wp:attachment":[{"href":"http:\/\/www.rockgegenrechts.com\/index.php?rest_route=%2Fwp%2Fv2%2Fmedia&parent=3780"}],"wp:term":[{"taxonomy":"category","embeddable":true,"href":"http:\/\/www.rockgegenrechts.com\/index.php?rest_route=%2Fwp%2Fv2%2Fcategories&post=3780"},{"taxonomy":"post_tag","embeddable":true,"href":"http:\/\/www.rockgegenrechts.com\/index.php?rest_route=%2Fwp%2Fv2%2Ftags&post=3780"}],"curies":[{"name":"wp","href":"https:\/\/api.w.org\/{rel}","templated":true}]}}