{"id":3816,"date":"2016-08-04T08:36:48","date_gmt":"2016-08-04T08:36:48","guid":{"rendered":"http:\/\/www.rockgegenrechts.com\/?p=3816"},"modified":"2018-11-25T21:18:57","modified_gmt":"2018-11-25T21:18:57","slug":"10-jahre-jamel-rockt-den-foerster-hilf-mit","status":"publish","type":"post","link":"http:\/\/www.rockgegenrechts.com\/?p=3816","title":{"rendered":"10 Jahre Jamel rockt den F\u00f6rster &#8211; Helfe mit!"},"content":{"rendered":"<p><strong>JUBIL\u00c4UM!<\/strong> Am 26. und 27. August 2016 wird es zum 10. Mal hei\u00dfen: <strong>\u201eSpa\u00df und Zivilcourage im Doppelpack\u201c<\/strong>.<\/p>\n<p>Das Dorf Jamel ist von Neonazis gezielt als \u201enationalsozialistisches Musterdorf\u201c besiedelt worden. Das Festival bedeutet seit 2007 Gegenwehr gegen diese Vereinnahmung und soll den Nazis demonstrieren, dass ihnen \u201edemokratischer Gegenwind\u201c entgegen bl\u00e4st.<\/p>\n<p>Welche Bands dieses Jahr spielen, k\u00f6nnt ihr <a href=\"http:\/\/www.forstrock.de\/zeitplan\/\">hier<\/a> sehen. Zudem sucht Jamel rockt den F\u00f6rster jederzeit Leute, die bei der Organisation und Durchf\u00fchrung des Festivals mithelfen wollen. Wenn ihr Bock darauf habt, k\u00f6nnt ihr euch bei uns per Mail oder \u00fcber <a href=\"https:\/\/www.facebook.com\/RockGegenRechtsStralsund\/\">Facebook <\/a>melden.<\/p>\n","protected":false},"excerpt":{"rendered":"<p>JUBIL\u00c4UM! Am 26. und 27. August 2016 wird es zum 10. Mal hei\u00dfen: \u201eSpa\u00df und Zivilcourage im Doppelpack\u201c. Das Dorf Jamel ist von Neonazis gezielt als \u201enationalsozialistisches Musterdorf\u201c besiedelt worden. Das Festival bedeutet seit 2007 Gegenwehr gegen diese Vereinnahmung und soll den Nazis demonstrieren, dass ihnen \u201edemokratischer Gegenwind\u201c entgegen bl\u00e4st. Welche Bands dieses Jahr spielen, &hellip; <a href=\"http:\/\/www.rockgegenrechts.com\/?p=3816\" class=\"more-link\"><span class=\"screen-reader-text\">10 Jahre Jamel rockt den F\u00f6rster &#8211; Helfe mit!<\/span> weiterlesen<\/a><\/p>\n","protected":false},"author":1,"featured_media":3802,"comment_status":"open","ping_status":"open","sticky":false,"template":"","format":"standard","meta":{"jetpack_post_was_ever_published":false,"_jetpack_newsletter_access":"","_jetpack_dont_email_post_to_subs":false,"_jetpack_newsletter_tier_id":0,"_jetpack_memberships_contains_paywalled_content":false,"_jetpack_memberships_contains_paid_content":false,"footnotes":"","jetpack_publicize_message":"","jetpack_publicize_feature_enabled":true,"jetpack_social_post_already_shared":false,"jetpack_social_options":{"image_generator_settings":{"template":"highway","enabled":false},"version":2}},"categories":[1,91],"tags":[],"class_list":["post-3816","post","type-post","status-publish","format-standard","has-post-thumbnail","hentry","category-allgemein","category-support-jamel-rockt-den-foerster"],"jetpack_publicize_connections":[],"jetpack_featured_media_url":"https:\/\/rockgegenrechts.bplaced.net\/wp-content\/uploads\/2016\/07\/f1debfc0fd.jpg","jetpack_shortlink":"https:\/\/wp.me\/p63KIm-Zy","jetpack_sharing_enabled":true,"_links":{"self":[{"href":"http:\/\/www.rockgegenrechts.com\/index.php?rest_route=\/wp\/v2\/posts\/3816"}],"collection":[{"href":"http:\/\/www.rockgegenrechts.com\/index.php?rest_route=\/wp\/v2\/posts"}],"about":[{"href":"http:\/\/www.rockgegenrechts.com\/index.php?rest_route=\/wp\/v2\/types\/post"}],"author":[{"embeddable":true,"href":"http:\/\/www.rockgegenrechts.com\/index.php?rest_route=\/wp\/v2\/users\/1"}],"replies":[{"embeddable":true,"href":"http:\/\/www.rockgegenrechts.com\/index.php?rest_route=%2Fwp%2Fv2%2Fcomments&post=3816"}],"version-history":[{"count":2,"href":"http:\/\/www.rockgegenrechts.com\/index.php?rest_route=\/wp\/v2\/posts\/3816\/revisions"}],"predecessor-version":[{"id":4641,"href":"http:\/\/www.rockgegenrechts.com\/index.php?rest_route=\/wp\/v2\/posts\/3816\/revisions\/4641"}],"wp:featuredmedia":[{"embeddable":true,"href":"http:\/\/www.rockgegenrechts.com\/index.php?rest_route=\/wp\/v2\/media\/3802"}],"wp:attachment":[{"href":"http:\/\/www.rockgegenrechts.com\/index.php?rest_route=%2Fwp%2Fv2%2Fmedia&parent=3816"}],"wp:term":[{"taxonomy":"category","embeddable":true,"href":"http:\/\/www.rockgegenrechts.com\/index.php?rest_route=%2Fwp%2Fv2%2Fcategories&post=3816"},{"taxonomy":"post_tag","embeddable":true,"href":"http:\/\/www.rockgegenrechts.com\/index.php?rest_route=%2Fwp%2Fv2%2Ftags&post=3816"}],"curies":[{"name":"wp","href":"https:\/\/api.w.org\/{rel}","templated":true}]}}