{"id":3881,"date":"2016-09-01T15:59:10","date_gmt":"2016-09-01T15:59:10","guid":{"rendered":"http:\/\/www.rockgegenrechts.com\/?p=3881"},"modified":"2016-11-28T18:05:17","modified_gmt":"2016-11-28T18:05:17","slug":"stralsund-16-september-rock-gegen-rechts-konzert","status":"publish","type":"post","link":"http:\/\/www.rockgegenrechts.com\/?p=3881","title":{"rendered":"Stralsund 16. September: Rock gegen Rechts Konzert"},"content":{"rendered":"<p><a href=\"http:\/\/rockgegenrechts.square7.ch\/wp-content\/uploads\/2016\/09\/solikonzert-plakat-hp-3.jpg\" rel=\"attachment wp-att-3891\"><img loading=\"lazy\" decoding=\"async\" class=\"alignleft size-full wp-image-3891\" src=\"http:\/\/rockgegenrechts.square7.ch\/wp-content\/uploads\/2016\/09\/solikonzert-plakat-hp-3.jpg\" alt=\"solikonzert plakat hp\" width=\"707\" height=\"1000\" srcset=\"https:\/\/rockgegenrechts.bplaced.net\/wp-content\/uploads\/2016\/09\/solikonzert-plakat-hp-3.jpg 707w, https:\/\/rockgegenrechts.bplaced.net\/wp-content\/uploads\/2016\/09\/solikonzert-plakat-hp-3-212x300.jpg 212w, https:\/\/rockgegenrechts.bplaced.net\/wp-content\/uploads\/2016\/09\/solikonzert-plakat-hp-3-700x990.jpg 700w\" sizes=\"(max-width: 707px) 100vw, 707px\" \/><\/a><\/p>\n<p><span class=\"_4n-j fsl\">Wir sind zur\u00fcck! Lasst uns feiern!<\/span><\/p>\n<p><span class=\"_4n-j fsl\">Am 16. September mit:<\/span><\/p>\n<p>19.30 &#8211; 20.15 DIAS<br \/>\n20.45 \u2013 21.30 Restposten<br \/>\n22.00 \u2013 23.00 KRACH<\/p>\n<p>Einlass: 18:30 Uhr<\/p>\n<p>&#8212;&#8212;&#8212;&#8212;&#8212;&#8212;&#8212;&#8212;&#8211;<wbr \/>&#8212;&#8211;<\/p>\n<p>Die Veranstaltenden behalten sich vor, von ihrem Hausrecht Gebrauch zu machen und Personen, die rechtsextremen Parteien oder Organisationen angeh\u00f6ren, der rechtsextremen Szene zuzuordnen sind oder bereits in der Vergangenheit durch rassistische, nationalistische, antisemitische oder sonstige menschenverachtende \u00c4u\u00dferungen in Erscheinung getreten sind, den Zutritt zur Veranstaltung zu verwehren oder von dieser auszuschlie\u00dfen.<\/p>\n","protected":false},"excerpt":{"rendered":"<p>Wir sind zur\u00fcck! Lasst uns feiern! Am 16. September mit: 19.30 &#8211; 20.15 DIAS 20.45 \u2013 21.30 Restposten 22.00 \u2013 23.00 KRACH Einlass: 18:30 Uhr &#8212;&#8212;&#8212;&#8212;&#8212;&#8212;&#8212;&#8212;&#8211;&#8212;&#8211; Die Veranstaltenden behalten sich vor, von ihrem Hausrecht Gebrauch zu machen und Personen, die rechtsextremen Parteien oder Organisationen angeh\u00f6ren, der rechtsextremen Szene zuzuordnen sind oder bereits in der Vergangenheit &hellip; <a href=\"http:\/\/www.rockgegenrechts.com\/?p=3881\" class=\"more-link\"><span class=\"screen-reader-text\">Stralsund 16. September: Rock gegen Rechts Konzert<\/span> weiterlesen<\/a><\/p>\n","protected":false},"author":1,"featured_media":3886,"comment_status":"open","ping_status":"open","sticky":false,"template":"","format":"standard","meta":{"jetpack_post_was_ever_published":false,"_jetpack_newsletter_access":"","_jetpack_dont_email_post_to_subs":true,"_jetpack_newsletter_tier_id":0,"_jetpack_memberships_contains_paywalled_content":false,"_jetpack_memberships_contains_paid_content":false,"footnotes":"","jetpack_publicize_message":"","jetpack_publicize_feature_enabled":true,"jetpack_social_post_already_shared":false,"jetpack_social_options":{"image_generator_settings":{"template":"highway","enabled":false},"version":2}},"categories":[81,77,16],"tags":[],"class_list":["post-3881","post","type-post","status-publish","format-standard","has-post-thumbnail","hentry","category-ag-konzert","category-agr-2016","category-events"],"jetpack_publicize_connections":[],"jetpack_featured_media_url":"https:\/\/rockgegenrechts.bplaced.net\/wp-content\/uploads\/2016\/09\/fb-bild-konzi.jpg","jetpack_shortlink":"https:\/\/wp.me\/p63KIm-10B","jetpack_sharing_enabled":true,"_links":{"self":[{"href":"http:\/\/www.rockgegenrechts.com\/index.php?rest_route=\/wp\/v2\/posts\/3881"}],"collection":[{"href":"http:\/\/www.rockgegenrechts.com\/index.php?rest_route=\/wp\/v2\/posts"}],"about":[{"href":"http:\/\/www.rockgegenrechts.com\/index.php?rest_route=\/wp\/v2\/types\/post"}],"author":[{"embeddable":true,"href":"http:\/\/www.rockgegenrechts.com\/index.php?rest_route=\/wp\/v2\/users\/1"}],"replies":[{"embeddable":true,"href":"http:\/\/www.rockgegenrechts.com\/index.php?rest_route=%2Fwp%2Fv2%2Fcomments&post=3881"}],"version-history":[{"count":3,"href":"http:\/\/www.rockgegenrechts.com\/index.php?rest_route=\/wp\/v2\/posts\/3881\/revisions"}],"predecessor-version":[{"id":3892,"href":"http:\/\/www.rockgegenrechts.com\/index.php?rest_route=\/wp\/v2\/posts\/3881\/revisions\/3892"}],"wp:featuredmedia":[{"embeddable":true,"href":"http:\/\/www.rockgegenrechts.com\/index.php?rest_route=\/wp\/v2\/media\/3886"}],"wp:attachment":[{"href":"http:\/\/www.rockgegenrechts.com\/index.php?rest_route=%2Fwp%2Fv2%2Fmedia&parent=3881"}],"wp:term":[{"taxonomy":"category","embeddable":true,"href":"http:\/\/www.rockgegenrechts.com\/index.php?rest_route=%2Fwp%2Fv2%2Fcategories&post=3881"},{"taxonomy":"post_tag","embeddable":true,"href":"http:\/\/www.rockgegenrechts.com\/index.php?rest_route=%2Fwp%2Fv2%2Ftags&post=3881"}],"curies":[{"name":"wp","href":"https:\/\/api.w.org\/{rel}","templated":true}]}}