{"id":3997,"date":"2016-10-17T09:07:46","date_gmt":"2016-10-17T09:07:46","guid":{"rendered":"http:\/\/www.rockgegenrechts.com\/?p=3997"},"modified":"2016-11-05T11:31:47","modified_gmt":"2016-11-05T11:31:47","slug":"noe-theater-in-stralsund-30-oktober-a-wie-aufklaerung","status":"publish","type":"post","link":"http:\/\/www.rockgegenrechts.com\/?p=3997","title":{"rendered":"N\u00d6 Theater in Stralsund: 30. Oktober &#8211; A wie Aufkl\u00e4rung"},"content":{"rendered":"<p><strong><a href=\"http:\/\/rockgegenrechts.square7.ch\/wp-content\/uploads\/2016\/10\/a-plakat-print.jpg\" rel=\"attachment wp-att-3998\"><img loading=\"lazy\" decoding=\"async\" class=\"alignleft size-thumbnail wp-image-3998\" src=\"http:\/\/rockgegenrechts.square7.ch\/wp-content\/uploads\/2016\/10\/a-plakat-print-150x150.jpg\" alt=\"a-plakat-print\" width=\"150\" height=\"150\" srcset=\"https:\/\/rockgegenrechts.bplaced.net\/wp-content\/uploads\/2016\/10\/a-plakat-print-150x150.jpg 150w, https:\/\/rockgegenrechts.bplaced.net\/wp-content\/uploads\/2016\/10\/a-plakat-print-100x100.jpg 100w\" sizes=\"(max-width: 150px) 100vw, 150px\" \/><\/a>30.10.2016 Kulturkirche St. Jacobi in Stralsund um 19:30 Uhr<\/strong><\/p>\n<p style=\"text-align: justify;\">Das N\u00d6 THEATER ist wieder auf Tour. Nachdem &#8222;Rock gegen Rechts Stralsund&#8220; e.V. im Jahr 2014 das Theaterst\u00fcck &#8222;Schwarzkopf BRD&#8220; von der &#8222;Initiative Grenzenlos&#8220; nach Stralsund holte, hat &#8222;Ajuku&#8220; e.V. &#8211; &#8222;Verein zur F\u00f6rderung alternativer Jugendkultur&#8220; mit verschiedenen Partnern ebenfalls im gleichen Jahr ein politisches Theaterst\u00fcck nach Stralsund geholt. &#8222;V wie Verfassungsschutz&#8220; hie\u00df das St\u00fcck, was vom N\u00d6 THEATER aufgef\u00fchrt wurde. Nun hat das N\u00d6 THEATER ein weiteres Theaterst\u00fcck geschaffen. &#8222;A wie Aufkl\u00e4rung&#8220;\u00a0 befasst sich erneut mit dem NSU Komplex und dem Verfassungsschutz. Denn trotz der Versprechen von h\u00f6chster Stelle, eines jahrelangen Gerichtsprozesses und zahlreicher Untersuchungsaussch\u00fcsse m\u00fcssen wir auf eine l\u00fcckenlose Aufkl\u00e4rung warten. Auch dieses Theaterst\u00fcck holt &#8222;Ajuku&#8220; e.V. f\u00fcr uns nach Stralsund. Das N\u00d6 THEATER begibt sich ins Zeugenschutzprogramm, sucht nach Ursachen und stellt die Frage, ob wir die Antworten \u00fcberhaupt wissen m\u00f6chten.<\/p>\n<p style=\"text-align: justify;\">Hier gehts zur Facebookveranstaltung: <a href=\"https:\/\/www.facebook.com\/events\/356779914666670\/\" target=\"_blank\">https:\/\/www.facebook.com\/events\/356779914666670\/<\/a><\/p>\n<p>Das NSU Theaterst\u00fcck ist landesweit unterwegs. Hier der Flyer:<\/p>\n<p><a href=\"http:\/\/rockgegenrechts.square7.ch\/wp-content\/uploads\/2016\/10\/a-plakat-print.jpg\" rel=\"attachment wp-att-3998\"><img loading=\"lazy\" decoding=\"async\" class=\"size-full wp-image-3998 aligncenter\" src=\"http:\/\/rockgegenrechts.square7.ch\/wp-content\/uploads\/2016\/10\/a-plakat-print.jpg\" alt=\"a-plakat-print\" width=\"724\" height=\"1024\" srcset=\"https:\/\/rockgegenrechts.bplaced.net\/wp-content\/uploads\/2016\/10\/a-plakat-print.jpg 724w, https:\/\/rockgegenrechts.bplaced.net\/wp-content\/uploads\/2016\/10\/a-plakat-print-212x300.jpg 212w, https:\/\/rockgegenrechts.bplaced.net\/wp-content\/uploads\/2016\/10\/a-plakat-print-700x990.jpg 700w\" sizes=\"(max-width: 724px) 100vw, 724px\" \/><\/a><\/p>\n","protected":false},"excerpt":{"rendered":"<p>30.10.2016 Kulturkirche St. Jacobi in Stralsund um 19:30 Uhr Das N\u00d6 THEATER ist wieder auf Tour. Nachdem &#8222;Rock gegen Rechts Stralsund&#8220; e.V. im Jahr 2014 das Theaterst\u00fcck &#8222;Schwarzkopf BRD&#8220; von der &#8222;Initiative Grenzenlos&#8220; nach Stralsund holte, hat &#8222;Ajuku&#8220; e.V. &#8211; &#8222;Verein zur F\u00f6rderung alternativer Jugendkultur&#8220; mit verschiedenen Partnern ebenfalls im gleichen Jahr ein politisches Theaterst\u00fcck &hellip; <a href=\"http:\/\/www.rockgegenrechts.com\/?p=3997\" class=\"more-link\"><span class=\"screen-reader-text\">N\u00d6 Theater in Stralsund: 30. Oktober &#8211; A wie Aufkl\u00e4rung<\/span> weiterlesen<\/a><\/p>\n","protected":false},"author":1,"featured_media":3998,"comment_status":"open","ping_status":"open","sticky":false,"template":"","format":"standard","meta":{"jetpack_post_was_ever_published":false,"_jetpack_newsletter_access":"","_jetpack_dont_email_post_to_subs":true,"_jetpack_newsletter_tier_id":0,"_jetpack_memberships_contains_paywalled_content":false,"_jetpack_memberships_contains_paid_content":false,"footnotes":"","jetpack_publicize_message":"","jetpack_publicize_feature_enabled":true,"jetpack_social_post_already_shared":false,"jetpack_social_options":{"image_generator_settings":{"template":"highway","enabled":false},"version":2}},"categories":[1,16],"tags":[],"class_list":["post-3997","post","type-post","status-publish","format-standard","has-post-thumbnail","hentry","category-allgemein","category-events"],"jetpack_publicize_connections":[],"jetpack_featured_media_url":"https:\/\/rockgegenrechts.bplaced.net\/wp-content\/uploads\/2016\/10\/a-plakat-print.jpg","jetpack_shortlink":"https:\/\/wp.me\/p63KIm-12t","jetpack_sharing_enabled":true,"_links":{"self":[{"href":"http:\/\/www.rockgegenrechts.com\/index.php?rest_route=\/wp\/v2\/posts\/3997"}],"collection":[{"href":"http:\/\/www.rockgegenrechts.com\/index.php?rest_route=\/wp\/v2\/posts"}],"about":[{"href":"http:\/\/www.rockgegenrechts.com\/index.php?rest_route=\/wp\/v2\/types\/post"}],"author":[{"embeddable":true,"href":"http:\/\/www.rockgegenrechts.com\/index.php?rest_route=\/wp\/v2\/users\/1"}],"replies":[{"embeddable":true,"href":"http:\/\/www.rockgegenrechts.com\/index.php?rest_route=%2Fwp%2Fv2%2Fcomments&post=3997"}],"version-history":[{"count":6,"href":"http:\/\/www.rockgegenrechts.com\/index.php?rest_route=\/wp\/v2\/posts\/3997\/revisions"}],"predecessor-version":[{"id":4006,"href":"http:\/\/www.rockgegenrechts.com\/index.php?rest_route=\/wp\/v2\/posts\/3997\/revisions\/4006"}],"wp:featuredmedia":[{"embeddable":true,"href":"http:\/\/www.rockgegenrechts.com\/index.php?rest_route=\/wp\/v2\/media\/3998"}],"wp:attachment":[{"href":"http:\/\/www.rockgegenrechts.com\/index.php?rest_route=%2Fwp%2Fv2%2Fmedia&parent=3997"}],"wp:term":[{"taxonomy":"category","embeddable":true,"href":"http:\/\/www.rockgegenrechts.com\/index.php?rest_route=%2Fwp%2Fv2%2Fcategories&post=3997"},{"taxonomy":"post_tag","embeddable":true,"href":"http:\/\/www.rockgegenrechts.com\/index.php?rest_route=%2Fwp%2Fv2%2Ftags&post=3997"}],"curies":[{"name":"wp","href":"https:\/\/api.w.org\/{rel}","templated":true}]}}