{"id":4098,"date":"2016-10-28T08:43:53","date_gmt":"2016-10-28T08:43:53","guid":{"rendered":"http:\/\/www.rockgegenrechts.com\/?p=4098"},"modified":"2016-11-19T10:21:41","modified_gmt":"2016-11-19T10:21:41","slug":"ist-demagogie-eine-fester-bestandteil-unserer-aktuellen-zivilgesellschaft","status":"publish","type":"post","link":"http:\/\/www.rockgegenrechts.com\/?p=4098","title":{"rendered":"&#8222;Ist Demagogie eine fester Bestandteil unserer aktuellen Zivilgesellschaft?&#8220;"},"content":{"rendered":"<p style=\"text-align: justify;\"><em>Das Forum 65+, der VHS-Verband MV und die Landeszentrale f\u00fcr politische Bildung organisieren f\u00fcr den 25.11. im Baltic Hotel Stralsund eine Tagung, auf der die Neuauflage von Hitlers &#8222;Mein Kampf&#8220; diskutiert wird. Alle Einzelheiten zum Programm findet ihr <a href=\"http:\/\/rockgegenrechts.square7.ch\/wp-content\/uploads\/2016\/10\/Einladung_Stralsund-25.11.2016.pdf\">hier<\/a>.<\/em><\/p>\n<p style=\"text-align: justify;\">Die Medienproduktion des Bayerischen Rundfunks zur kommentierten Neu-Edition von Hitlers \u00bbMein Kampf\u00ab versucht das Ph\u00e4nomen der Hetzschrift damals und heute zu erfassen. Hitlers zweib\u00e4ndige, 1925 und 1926 ver\u00f6ffentlichte Propagandaschrift \u00bbMein Kampf\u00ab ist politisches Programm und unverhohlene Absichtserkl\u00e4rung zugleich: Judenvernichtung, Krieg, \u00bbLebensraum Ost\u00ab \u2013 als Hitler an der Macht war, setzte er um, was er bereits Jahre zuvor geschrieben hatte. Das Fazit der Doku: Hitlers \u00bbMein Kampf\u00ab sollte nicht weggesperrt, sondern diskutiert, eingeordnet und erkl\u00e4rt werden \u2013 um den\u00a0 Mythos um das Buch zu entzaubern und vor allem, um die demagogischen Mittel jener Zeit besser zu verstehen. Dass diese auch heute noch aktuell sind, zeigen nicht zuletzt rechtspopulistische Bewegungen und das Erstarken rechtsnationaler Parteien in ganz Europa. In seinen autobiografischen Angaben ist \u00bbMein Kampf\u00ab eine raffinierte Mischung aus Wahrheit, L\u00fcge und gezielt gesetzten Leerstellen. Ob die Schilderung vermeintlicher Kriegserlebnisse oder seiner vorgeblichen Arbeit auf dem Bau: Die gescheiterte Existenz Adolf Hitler erfindet sich in der Schrift als Objekt wie als Subjekt der Weltgeschichte neu. Au\u00dferdem zeigt das Webspecial, wie Hitlers Demagogie bis in die Gegenwart nachwirkt. Was bedeutet es zum Beispiel, wenn heute auf Massenversammlungen und in Facebook-Kommentaren wieder Begriffe aus der damaligen Zeit wie \u00bbVolksverr\u00e4ter\u00ab und \u00bbL\u00fcgenpresse\u00ab\u00a0 auftauchen?<\/p>\n<p>Zur Einordnung tragen Experteninterviews aus der Dokumentation \u00bbMein Kampf \u2013 Programm eines Massenm\u00f6rders\u00ab bei. (Textausz\u00fcge Pressemeldung BR 8.1.2016)<br \/>\nWeitere Informationen: zur \u00dcbersicht Online-Dossier auf www.br.de\/nachrichten\/mein-kampf\/, www.ard-alpha.de, www.ifz-muenchen.de\/aktuelles\/themen\/edition-mein-kampf\/.<\/p>\n<p style=\"text-align: justify;\">Die Veranstaltung des Forum 65+ in Zusammenarbeit mit der Kreisvolkshochschule Vorpommern-R\u00fcgen, dem VHS Verband Mecklenburg-Vorpommern und der Landeszentrale f\u00fcr politische Bildung Mecklenburg-Vorpommern richtet sich an politische Bildner, Multiplikatoren und sonstige in der Zivilgesellschaft engagierten Personen.<\/p>\n<p>Interessierte k\u00f6nnen sich bis zum 20.11. per Mail an baerens@arbeitundlebenmv.de anmelden.<\/p>\n","protected":false},"excerpt":{"rendered":"<p>Das Forum 65+, der VHS-Verband MV und die Landeszentrale f\u00fcr politische Bildung organisieren f\u00fcr den 25.11. im Baltic Hotel Stralsund eine Tagung, auf der die Neuauflage von Hitlers &#8222;Mein Kampf&#8220; diskutiert wird. Alle Einzelheiten zum Programm findet ihr hier. Die Medienproduktion des Bayerischen Rundfunks zur kommentierten Neu-Edition von Hitlers \u00bbMein Kampf\u00ab versucht das Ph\u00e4nomen der &hellip; <a href=\"http:\/\/www.rockgegenrechts.com\/?p=4098\" class=\"more-link\"><span class=\"screen-reader-text\">&#8222;Ist Demagogie eine fester Bestandteil unserer aktuellen Zivilgesellschaft?&#8220;<\/span> weiterlesen<\/a><\/p>\n","protected":false},"author":0,"featured_media":4103,"comment_status":"open","ping_status":"open","sticky":false,"template":"","format":"standard","meta":{"jetpack_post_was_ever_published":false,"_jetpack_newsletter_access":"","_jetpack_dont_email_post_to_subs":true,"_jetpack_newsletter_tier_id":0,"_jetpack_memberships_contains_paywalled_content":false,"_jetpack_memberships_contains_paid_content":false,"footnotes":"","jetpack_publicize_message":"","jetpack_publicize_feature_enabled":true,"jetpack_social_post_already_shared":true,"jetpack_social_options":{"image_generator_settings":{"template":"highway","enabled":false},"version":2}},"categories":[1,16],"tags":[],"class_list":["post-4098","post","type-post","status-publish","format-standard","has-post-thumbnail","hentry","category-allgemein","category-events"],"jetpack_publicize_connections":[],"jetpack_featured_media_url":"https:\/\/rockgegenrechts.bplaced.net\/wp-content\/uploads\/2016\/10\/Einladung_Stralsund-25.11.2016-Banner.jpg","jetpack_shortlink":"https:\/\/wp.me\/p63KIm-146","jetpack_sharing_enabled":true,"_links":{"self":[{"href":"http:\/\/www.rockgegenrechts.com\/index.php?rest_route=\/wp\/v2\/posts\/4098"}],"collection":[{"href":"http:\/\/www.rockgegenrechts.com\/index.php?rest_route=\/wp\/v2\/posts"}],"about":[{"href":"http:\/\/www.rockgegenrechts.com\/index.php?rest_route=\/wp\/v2\/types\/post"}],"replies":[{"embeddable":true,"href":"http:\/\/www.rockgegenrechts.com\/index.php?rest_route=%2Fwp%2Fv2%2Fcomments&post=4098"}],"version-history":[{"count":4,"href":"http:\/\/www.rockgegenrechts.com\/index.php?rest_route=\/wp\/v2\/posts\/4098\/revisions"}],"predecessor-version":[{"id":4111,"href":"http:\/\/www.rockgegenrechts.com\/index.php?rest_route=\/wp\/v2\/posts\/4098\/revisions\/4111"}],"wp:featuredmedia":[{"embeddable":true,"href":"http:\/\/www.rockgegenrechts.com\/index.php?rest_route=\/wp\/v2\/media\/4103"}],"wp:attachment":[{"href":"http:\/\/www.rockgegenrechts.com\/index.php?rest_route=%2Fwp%2Fv2%2Fmedia&parent=4098"}],"wp:term":[{"taxonomy":"category","embeddable":true,"href":"http:\/\/www.rockgegenrechts.com\/index.php?rest_route=%2Fwp%2Fv2%2Fcategories&post=4098"},{"taxonomy":"post_tag","embeddable":true,"href":"http:\/\/www.rockgegenrechts.com\/index.php?rest_route=%2Fwp%2Fv2%2Ftags&post=4098"}],"curies":[{"name":"wp","href":"https:\/\/api.w.org\/{rel}","templated":true}]}}