{"id":4194,"date":"2017-05-03T11:37:45","date_gmt":"2017-05-03T11:37:45","guid":{"rendered":"http:\/\/www.rockgegenrechts.com\/?p=4194"},"modified":"2018-11-25T21:15:22","modified_gmt":"2018-11-25T21:15:22","slug":"ausstellungseroeffnung-deutschland-muss-leben-deshalb-muss-hitler-fallen","status":"publish","type":"post","link":"http:\/\/www.rockgegenrechts.com\/?p=4194","title":{"rendered":"Ausstellungser\u00f6ffnung: Deutschland muss leben, deshalb muss Hitler fallen!"},"content":{"rendered":"<p style=\"text-align: justify;\"><a href=\"http:\/\/rockgegenrechts.square7.ch\/wp-content\/uploads\/2017\/05\/head.jpg\"><img loading=\"lazy\" decoding=\"async\" class=\"wp-image-4195 alignleft\" src=\"http:\/\/rockgegenrechts.square7.ch\/wp-content\/uploads\/2017\/05\/head.jpg\" alt=\"head\" width=\"489\" height=\"174\" srcset=\"https:\/\/rockgegenrechts.bplaced.net\/wp-content\/uploads\/2017\/05\/head.jpg 413w, https:\/\/rockgegenrechts.bplaced.net\/wp-content\/uploads\/2017\/05\/head-150x53.jpg 150w\" sizes=\"(max-width: 489px) 100vw, 489px\" \/><\/a>Am 07.05.2017, dem Vortag des Tages der Befreiung vom Faschismus, findet im Stic-er-Theater (Bitte Eingang Frankenstra\u00dfe 57 (Foyer) nutzen!) um 16 Uhr die Er\u00f6ffnung der Wanderausstellung &#8222;Deutschland muss leben, deshalb muss Hitler fallen!&#8220; statt.<\/p>\n<p>Die Ausstellung widmet sich der T\u00e4tigkeit des \u201eNationalkomitees Freies Deutschland\u201c in der Sowjetunion und der weltweiten Bewegung \u201eFreies Deutschland\u201c in der westlichen Welt, deren Ziel es war, den faschistischen deutschen Krieg schnell zu beenden und Hitler zu st\u00fcrzen.<\/p>\n<p>Der Bundessprecher des VVN BdA, Dr. Axel Holz, wird bei der Er\u00f6ffnung zugegen sein. Gern laden wir Sie vorab um 15.30 Uhr zu einem Pressegespr\u00e4ch und zur Teilnahme an der Veranstaltung ein. Die Ausstellung der Gedenkst\u00e4tte des Deutschen Widerstandes Berlin findet in Zusammenarbeit mit dem Bundesverband VVN-BdA, unterst\u00fctzt von der Landeszentrale f\u00fcr politische Bildung MV und dem Landesverband VVN-BdA MV statt.<\/p>\n<p style=\"text-align: justify;\">Anschlie\u00dfend (Beginn 18.00 Uhr) haben die Teilnehmer die Gelegenheit zu einem ehrenden Gedenken am Sowjetischen Ehrenmal auf dem Neuen Markt.<\/p>\n<p style=\"text-align: justify;\">Der Eintritt ist frei, gerne spenden! Falls Sie das per \u00dcberweisung machen m\u00f6chten: <a href=\"http:\/\/www.rockgegenrechts.com\/?page_id=2013\">http:\/\/www.rockgegenrechts.com\/?page_id=2013<\/a><\/p>\n<p style=\"text-align: justify;\"><strong>Die Ausstellung kann bis zum 31. Mai 2017 zu den \u00d6ffnungszeiten des Stic-ers besichtigt werden.<\/strong><\/p>\n<p style=\"text-align: justify;\">Zur Facebook-Veranstaltung: <a href=\"https:\/\/www.facebook.com\/events\/1324347134309582\/\">https:\/\/www.facebook.com\/events\/1324347134309582\/<\/a><br \/>\n&#8212;&#8212;&#8212;&#8212;&#8212;&#8212;-<br \/>\n<strong>Hinweis f\u00fcr unerw\u00fcnschte G\u00e4ste:<\/strong><br \/>\nDie Veranstaltenden behalten sich vor, von ihrem Hausrecht Gebrauch zu machen und Personen, die rechtsextremen Parteien oder Organisationen angeh\u00f6ren, der rechtsextremen Szene zuzuordnen sind oder bereits in der Vergangenheit durch rassistische, rechtspopulistische, nationalistische, antisemitische oder sonstige menschenverachtende \u00c4u\u00dferungen in Erscheinung getreten sind, den Zutritt zur Veranstaltung zu verwehren oder von dieser auszuschlie\u00dfen.<br \/>\n&#8212;&#8212;&#8212;&#8212;&#8212;&#8212;&#8211;<\/p>\n","protected":false},"excerpt":{"rendered":"<p>Am 07.05.2017, dem Vortag des Tages der Befreiung vom Faschismus, findet im Stic-er-Theater (Bitte Eingang Frankenstra\u00dfe 57 (Foyer) nutzen!) um 16 Uhr die Er\u00f6ffnung der Wanderausstellung &#8222;Deutschland muss leben, deshalb muss Hitler fallen!&#8220; statt. Die Ausstellung widmet sich der T\u00e4tigkeit des \u201eNationalkomitees Freies Deutschland\u201c in der Sowjetunion und der weltweiten Bewegung \u201eFreies Deutschland\u201c in der &hellip; <a href=\"http:\/\/www.rockgegenrechts.com\/?p=4194\" class=\"more-link\"><span class=\"screen-reader-text\">Ausstellungser\u00f6ffnung: Deutschland muss leben, deshalb muss Hitler fallen!<\/span> weiterlesen<\/a><\/p>\n","protected":false},"author":1,"featured_media":0,"comment_status":"closed","ping_status":"closed","sticky":false,"template":"","format":"standard","meta":{"jetpack_post_was_ever_published":false,"_jetpack_newsletter_access":"","_jetpack_dont_email_post_to_subs":false,"_jetpack_newsletter_tier_id":0,"_jetpack_memberships_contains_paywalled_content":false,"_jetpack_memberships_contains_paid_content":false,"footnotes":"","jetpack_publicize_message":"Am Sonntag! Ausstellungser\u00f6ffnung in #Stralsund: Deutschland muss leben, deshalb muss Hitler fallen! #mvfueralle","jetpack_publicize_feature_enabled":true,"jetpack_social_post_already_shared":true,"jetpack_social_options":{"image_generator_settings":{"template":"highway","enabled":false},"version":2}},"categories":[97,1],"tags":[],"class_list":["post-4194","post","type-post","status-publish","format-standard","hentry","category-aktionstage-gegen-rechts-2017","category-allgemein"],"jetpack_publicize_connections":[],"jetpack_featured_media_url":"","jetpack_shortlink":"https:\/\/wp.me\/p63KIm-15E","jetpack_sharing_enabled":true,"_links":{"self":[{"href":"http:\/\/www.rockgegenrechts.com\/index.php?rest_route=\/wp\/v2\/posts\/4194"}],"collection":[{"href":"http:\/\/www.rockgegenrechts.com\/index.php?rest_route=\/wp\/v2\/posts"}],"about":[{"href":"http:\/\/www.rockgegenrechts.com\/index.php?rest_route=\/wp\/v2\/types\/post"}],"author":[{"embeddable":true,"href":"http:\/\/www.rockgegenrechts.com\/index.php?rest_route=\/wp\/v2\/users\/1"}],"replies":[{"embeddable":true,"href":"http:\/\/www.rockgegenrechts.com\/index.php?rest_route=%2Fwp%2Fv2%2Fcomments&post=4194"}],"version-history":[{"count":3,"href":"http:\/\/www.rockgegenrechts.com\/index.php?rest_route=\/wp\/v2\/posts\/4194\/revisions"}],"predecessor-version":[{"id":4198,"href":"http:\/\/www.rockgegenrechts.com\/index.php?rest_route=\/wp\/v2\/posts\/4194\/revisions\/4198"}],"wp:attachment":[{"href":"http:\/\/www.rockgegenrechts.com\/index.php?rest_route=%2Fwp%2Fv2%2Fmedia&parent=4194"}],"wp:term":[{"taxonomy":"category","embeddable":true,"href":"http:\/\/www.rockgegenrechts.com\/index.php?rest_route=%2Fwp%2Fv2%2Fcategories&post=4194"},{"taxonomy":"post_tag","embeddable":true,"href":"http:\/\/www.rockgegenrechts.com\/index.php?rest_route=%2Fwp%2Fv2%2Ftags&post=4194"}],"curies":[{"name":"wp","href":"https:\/\/api.w.org\/{rel}","templated":true}]}}