{"id":4199,"date":"2017-05-03T12:59:03","date_gmt":"2017-05-03T12:59:03","guid":{"rendered":"http:\/\/www.rockgegenrechts.com\/?p=4199"},"modified":"2017-05-03T13:02:13","modified_gmt":"2017-05-03T13:02:13","slug":"mai-festspiele-in-vorpommern-8mdm-demmin-nazifrei","status":"publish","type":"post","link":"http:\/\/www.rockgegenrechts.com\/?p=4199","title":{"rendered":"Mai-Festspiele in Vorpommern &#8211; #8mDM &#8211; Demmin Nazifrei!"},"content":{"rendered":"<p><strong>Nur wenige Tage ist es her und schon gehts weiter. Die Mai-Festspiele sind am Laufen. Der 1. Mai in Stralsund ist vorbei und nun wartet schon das n\u00e4chste Gro\u00dfereignis. Der Naziaufmarsch der NPD in Demmin anl\u00e4sslich zum Tag der Befreiung vom Faschismus. Einen ausf\u00fchrlichen Bericht samt Zusammenfassungen vom 1 Mai findet ihr auf <a href=\"https:\/\/www.facebook.com\/RockGegenRechtsStralsund\/posts\/1424100087612799\">unserer Facebook-Seite (auch einsehbar f\u00fcr nicht-facebook-Mitglieder)<\/a>.<\/strong><\/p>\n<p><strong>Der 8. Mai, der Tag der Befreiung vom Fachismus, wird schon Jahre lang von Neonazis missbraucht. Die Gegenproteste sind\u00a0 genauso allt\u00e4glich und umso wichtiger geworden. Das B\u00fcndnis Demmin Nazifrei hat hierzu einen Aufruf ver\u00f6ffentlicht. Es wird landesweit mobilisiert und es soll aus einigen St\u00e4dten auch wieder mit Bus oder auf anderer Weise zentral angereist werden:<\/strong><\/p>\n<p>&#8222;Aufruf vom Aktionsb\u00fcndnis \u201e8. Mai Demmin\u201c f\u00fcr 2017<br \/>\nzur Teilnahme am Fest f\u00fcr den Frieden im Gedenken an den Tag der Befreiung vom Faschismus am 8. Mai 1945<\/p>\n<p>\u201eLicht vertreibt Schatten\u201c \u2013 das Motto des Friedensfestes geht zur\u00fcck auf die Rede \u201eKraft zum Lieben\u201c, die der amerikanische B\u00fcrgerrechtsk\u00e4mpfer Martin Luther King 1963 hielt.<\/p>\n<p>B\u00fcrgerinnen und B\u00fcrger der Hansestadt und der Region,<br \/>\nmachen Sie Licht,<br \/>\nfeiern Sie mit uns das Fest des Friedens.<br \/>\nUnd setzen Sie sich gegen den Marsch der NPD ein!<\/p>\n<p>Die Mitglieder der NPD, die im Lichte diszipliniert erscheinen, agieren umso gef\u00e4hrlicher im Schatten. Nun wurde die Partei ein zweites Mal nicht verboten, aber das Bundesverfassungsgericht bescheinigte, dass ihr politisches Konzept die Menschenw\u00fcrde missachte, mit dem Demokratieprinzip unvereinbar sei und eine \u201eWesensverwandtschaft mit dem Nationalsozialismus\u201c aufweise.<\/p>\n<p>Die Politik setzte scheinheilig auf ein Verbot, um glauben zu machen, dass sie wirklich eine Auseinandersetzung f\u00fchrt. Die Justiz hat den Ball an die Zivilgesellschaft abgegeben, gegen diese Feinde der Demokratie aufzustehen.<\/p>\n<p>Aufruf vom Aktionsb\u00fcndnis \u201e8. Mai Demmin\u201c f\u00fcr 2017<br \/>\nzur Teilnahme am Fest f\u00fcr den Frieden im Gedenken an den Tag der Befreiung vom Faschismus am 8. Mai 1945<\/p>\n<p>\u201eLicht vertreibt Schatten\u201c \u2013 das Motto des Friedensfestes geht zur\u00fcck auf die Rede \u201eKraft zum Lieben\u201c, die der amerikanische B\u00fcrgerrechtsk\u00e4mpfer Martin Luther King 1963 hielt.<\/p>\n<p>B\u00fcrgerinnen und B\u00fcrger der Hansestadt und der Region,<br \/>\nmachen Sie Licht,<br \/>\nfeiern Sie mit uns das Fest des Friedens.<br \/>\nUnd setzen Sie sich gegen den Marsch der NPD ein!<\/p>\n<p>Die Mitglieder der NPD, die im Lichte diszipliniert erscheinen, agieren umso gef\u00e4hrlicher im Schatten. Nun wurde die Partei ein zweites Mal nicht verboten, aber das Bundesverfassungsgericht bescheinigte, dass ihr politisches Konzept die Menschenw\u00fcrde missachte, mit dem Demokratieprinzip unvereinbar sei und eine \u201eWesensverwandtschaft mit dem Nationalsozialismus\u201c aufweise.<\/p>\n<p>Die Politik setzte scheinheilig auf ein Verbot, um glauben zu machen, dass sie wirklich eine Auseinandersetzung f\u00fchrt. Die Justiz hat den Ball an die Zivilgesellschaft abgegeben, gegen diese Feinde der Demokratie aufzustehen.<\/p>\n<p>Lasst uns diese Auseinandersetzung gemeinsam aufnehmen.<\/p>\n<p>14.00 \u2013 16.30 Uhr Friedensfest auf dem Marktplatz<br \/>\n17.00 Uhr Friedensgebet, St. Bartholomaei<br \/>\n17.30 Uhr Stadtspaziergang, Start am Marktplatz<br \/>\nab 19 Uhr Mahnwachen an verschiedenen Punkten in der Stadt<br \/>\nab 19 Uhr Fest am Hafen mit den Bands<br \/>\nFreaks Dynamite, Bremen; Lappalie &amp; Konsorten, Rostock; Filmausschnitt \u201eDer grosse Diktator\u201c von und mit Charlie Chaplin&#8220;<\/p>\n<p><strong>Mehr Infos auf folgenden Seiten : <a href=\"http:\/\/demminnazifrei.blogsport.de\" target=\"_blank\">http:\/\/demminnazifrei.blogsport.de<\/a>, <\/strong><a href=\"https:\/\/defiantantifa.wordpress.com\/\" target=\"_blank\"><strong>https:\/\/defiantantifa.wordpress.com\/<\/strong> <\/a><\/p>\n<p>Nutzt folgenden Hash-tag: #8mDM in den sozialen Medien<\/p>\n","protected":false},"excerpt":{"rendered":"<p>Nur wenige Tage ist es her und schon gehts weiter. Die Mai-Festspiele sind am Laufen. Der 1. Mai in Stralsund ist vorbei und nun wartet schon das n\u00e4chste Gro\u00dfereignis. Der Naziaufmarsch der NPD in Demmin anl\u00e4sslich zum Tag der Befreiung vom Faschismus. Einen ausf\u00fchrlichen Bericht samt Zusammenfassungen vom 1 Mai findet ihr auf unserer Facebook-Seite &hellip; <a href=\"http:\/\/www.rockgegenrechts.com\/?p=4199\" class=\"more-link\"><span class=\"screen-reader-text\">Mai-Festspiele in Vorpommern &#8211; #8mDM &#8211; Demmin Nazifrei!<\/span> weiterlesen<\/a><\/p>\n","protected":false},"author":1,"featured_media":4200,"comment_status":"closed","ping_status":"closed","sticky":false,"template":"","format":"standard","meta":{"jetpack_post_was_ever_published":false,"_jetpack_newsletter_access":"","_jetpack_dont_email_post_to_subs":false,"_jetpack_newsletter_tier_id":0,"_jetpack_memberships_contains_paywalled_content":false,"_jetpack_memberships_contains_paid_content":false,"footnotes":"","jetpack_publicize_message":"Mai-Festspiele in Vorpommern - #8mDM - #Demmin Nazifrei!\r\nAuf Nach #Demmin am 8. Mai! #1mHST #mvfueralle","jetpack_publicize_feature_enabled":true,"jetpack_social_post_already_shared":true,"jetpack_social_options":{"image_generator_settings":{"template":"highway","enabled":false},"version":2}},"categories":[16],"tags":[],"class_list":["post-4199","post","type-post","status-publish","format-standard","has-post-thumbnail","hentry","category-events"],"jetpack_publicize_connections":[],"jetpack_featured_media_url":"https:\/\/rockgegenrechts.bplaced.net\/wp-content\/uploads\/2017\/05\/ns.jpg","jetpack_shortlink":"https:\/\/wp.me\/p63KIm-15J","jetpack_sharing_enabled":true,"_links":{"self":[{"href":"http:\/\/www.rockgegenrechts.com\/index.php?rest_route=\/wp\/v2\/posts\/4199"}],"collection":[{"href":"http:\/\/www.rockgegenrechts.com\/index.php?rest_route=\/wp\/v2\/posts"}],"about":[{"href":"http:\/\/www.rockgegenrechts.com\/index.php?rest_route=\/wp\/v2\/types\/post"}],"author":[{"embeddable":true,"href":"http:\/\/www.rockgegenrechts.com\/index.php?rest_route=\/wp\/v2\/users\/1"}],"replies":[{"embeddable":true,"href":"http:\/\/www.rockgegenrechts.com\/index.php?rest_route=%2Fwp%2Fv2%2Fcomments&post=4199"}],"version-history":[{"count":3,"href":"http:\/\/www.rockgegenrechts.com\/index.php?rest_route=\/wp\/v2\/posts\/4199\/revisions"}],"predecessor-version":[{"id":4203,"href":"http:\/\/www.rockgegenrechts.com\/index.php?rest_route=\/wp\/v2\/posts\/4199\/revisions\/4203"}],"wp:featuredmedia":[{"embeddable":true,"href":"http:\/\/www.rockgegenrechts.com\/index.php?rest_route=\/wp\/v2\/media\/4200"}],"wp:attachment":[{"href":"http:\/\/www.rockgegenrechts.com\/index.php?rest_route=%2Fwp%2Fv2%2Fmedia&parent=4199"}],"wp:term":[{"taxonomy":"category","embeddable":true,"href":"http:\/\/www.rockgegenrechts.com\/index.php?rest_route=%2Fwp%2Fv2%2Fcategories&post=4199"},{"taxonomy":"post_tag","embeddable":true,"href":"http:\/\/www.rockgegenrechts.com\/index.php?rest_route=%2Fwp%2Fv2%2Ftags&post=4199"}],"curies":[{"name":"wp","href":"https:\/\/api.w.org\/{rel}","templated":true}]}}