{"id":4220,"date":"2017-08-21T17:24:55","date_gmt":"2017-08-21T17:24:55","guid":{"rendered":"http:\/\/www.rockgegenrechts.com\/?p=4220"},"modified":"2018-11-25T21:13:29","modified_gmt":"2018-11-25T21:13:29","slug":"27-08-16-09-sportlich-gegen-rassismus-und-fuer-vielfalt-in-stralsund","status":"publish","type":"post","link":"http:\/\/www.rockgegenrechts.com\/?p=4220","title":{"rendered":"27.08 \/ 16.09. Sportlich gegen Rassismus und f\u00fcr Vielfalt in Stralsund!"},"content":{"rendered":"<p><a href=\"http:\/\/rockgegenrechts.square7.ch\/wp-content\/uploads\/2017\/08\/lgr.jpg\"><img loading=\"lazy\" decoding=\"async\" class=\"wp-image-4221 alignleft\" src=\"http:\/\/rockgegenrechts.square7.ch\/wp-content\/uploads\/2017\/08\/lgr.jpg\" alt=\"lgr\" width=\"290\" height=\"410\" srcset=\"https:\/\/rockgegenrechts.bplaced.net\/wp-content\/uploads\/2017\/08\/lgr.jpg 679w, https:\/\/rockgegenrechts.bplaced.net\/wp-content\/uploads\/2017\/08\/lgr-106x150.jpg 106w\" sizes=\"(max-width: 290px) 100vw, 290px\" \/><\/a>Es ist wieder soweit! Auch in diesem Jahr finden in Kooperation von Rock gegen Rechts Stralsund e.V und Ajuku e.V. zwei gro\u00dfe Sport-Events in Stralsund statt, zu denen wir herzlich einladen.<br \/>\nBereits am 27.08.2017 starten wir um 11 Uhr auf der Hansawiese mit dem zweiten \u201eLauf gegen Rassismus\u201c. Am 16.09.2017 folgt dann das Fu\u00dfballturnier \u201eKick gegen Rassismus\u201c, welches um 10 Uhr auf dem Kunstrasenplatz Paul-Greifzu-Stadion beginnt.<\/p>\n<ul>\n<li><strong>Zweiter \u201eLauf gegen Rassismus\u201c &#8211; Sonntag, 27.08.2017 um 11 Uhr auf der Hansawiese<\/strong><\/li>\n<\/ul>\n<p style=\"text-align: justify;\">Du suchst immer eine Herausforderung? Du bist gern unterwegs und genie\u00dft es an der frischen Luft zu sein? Du m\u00f6chtest zeigen, dass Stralsund eine weltoffene Stadt ist, in der wir alle gleichberechtigt miteinander leben k\u00f6nnen? Dann starte beim zweiten Lauf gegen Rassismus! Setz dir selbst ein Ziel (du hast die Wahl eine Streckenl\u00e4nge von zwei, f\u00fcnf oder sieben Kilometern zu laufen), erreiche es und setze damit ein Zeichen gegen Ausgrenzung und Fremdenfeindlichkeit!<\/p>\n<p style=\"text-align: justify;\">Die Erl\u00f6se aus dem Startgeld von 5\u20ac je L\u00e4ufer*in werden zu 100% an junge Sportler*innen gespendet, um sie bei der Anschaffung von Sportbekleidung und der Zahlung von Mitgliedsbeitr\u00e4gen in Sportvereinen zu unterst\u00fctzen.<\/p>\n<p style=\"text-align: justify;\">Der Startschuss ist am Sonntag, den 27.08.2017, um 11 Uhr auf der Hansawiese an der Sundpromenade, bereits ab 10 Uhr kannst du dich anmelden und warmmachen.<br \/>\nSchn\u00fcr die Laufschuhe, komm an den Start und lauf mit uns gegen Rassismus und Diskriminierung!<\/p>\n<p style=\"text-align: justify;\">Folgt unserer Facebook-Veranstaltung: <a href=\"https:\/\/www.facebook.com\/events\/110060669675032\/?acontext=%7B%22source%22%3A5%2C%22page_id_source%22%3A577501005606049%2C%22action_history%22%3A[%7B%22surface%22%3A%22page%22%2C%22mechanism%22%3A%22main_list%22%2C%22extra_data%22%3A%22%7B%5C%22page_id%5C%22%3A577501005606049%2C%5C%22tour_id%5C%22%3Anull%7D%22%7D]%2C%22has_source%22%3Atrue%7D\">https:\/\/www.facebook.com\/events\/110060669675032\/?acontext=%7B%22source%22%3A5%2C%22page_id_source%22%3A577501005606049%2C%22action_history%22%3A[%7B%22surface%22%3A%22page%22%2C%22mechanism%22%3A%22main_list%22%2C%22extra_data%22%3A%22%7B%5C%22page_id%5C%22%3A577501005606049%2C%5C%22tour_id%5C%22%3Anull%7D%22%7D]%2C%22has_source%22%3Atrue%7D<\/a><\/p>\n<p>&#8212;&#8212;&#8212;&#8212;&#8212;&#8212;&#8212;&#8212;&#8212;-<\/p>\n<p>Lauf gegen Rassismus<br \/>\nDatum: 27.08.2017<br \/>\nStart: 11 Uhr (ab 10 Uhr Anmeldung und Warmup)<br \/>\nOrt: Hansawiese<br \/>\nDistanzen: 2 km (Kinder), 5 km oder 7 km<br \/>\nStartgeld\/Spende: 5 Euro<\/p>\n<p>&#8212;&#8212;&#8212;&#8212;&#8212;&#8212;&#8212;&#8212;&#8212;-<\/p>\n<p>Run against racism<br \/>\ndate: 27.08.2017<br \/>\nstart: 11 a.m. (log in and warm up: 10 a.m.)<br \/>\nlocation: Hansawiese<br \/>\ndistance: 2 km (kids), 5 km or 7 km<br \/>\ncharitable donation: 5 Euro<\/p>\n<hr \/>\n<ul>\n<li><strong>F\u00fcnfter \u201eKick gegen Rassismus\u201c &#8211; Samstag, 16.09.2017<\/strong><\/li>\n<\/ul>\n<p>Ab 10 Uhr auf dem Kunstrasenplatz Paul-Greifzu-Stadion! <a href=\"http:\/\/rockgegenrechts.square7.ch\/wp-content\/uploads\/2017\/08\/kgr.jpg\"><img loading=\"lazy\" decoding=\"async\" class=\" wp-image-4222 alignright\" src=\"http:\/\/rockgegenrechts.square7.ch\/wp-content\/uploads\/2017\/08\/kgr.jpg\" alt=\"kgr\" width=\"328\" height=\"464\" srcset=\"https:\/\/rockgegenrechts.bplaced.net\/wp-content\/uploads\/2017\/08\/kgr.jpg 679w, https:\/\/rockgegenrechts.bplaced.net\/wp-content\/uploads\/2017\/08\/kgr-106x150.jpg 106w\" sizes=\"(max-width: 328px) 100vw, 328px\" \/><\/a><\/p>\n<p style=\"text-align: justify;\">Der Ball rollt, die Saison beginnt und auch in Stralsund wird wieder gekickt! Der Ajuku e.V. und Rock gegen Rechts e.V. laden zum f\u00fcnften \u201cKick gegen Rassismus\u201d ein!<br \/>\nAuch in diesem Jahr nehmen wieder Teams aus verschiedenen St\u00e4dten teil und ihr k\u00f6nnt dabei sein!Kommt mit euren Freunden zum antirassistischen Fu\u00dfballturnier am Samstag, den 16.09.2017 aufdem Kunstrasenplatz Paul-Greifzu-Stadion. Ab 9 Uhr k\u00f6nnt ihr euch umziehen und warmmachen, das Turnier startet um 10 Uhr!<\/p>\n<p style=\"text-align: justify;\">Was m\u00fcsst ihr daf\u00fcr tun?<br \/>\nMeldet einfach euer Team (Teamname, Kontaktperson) unter fussball@rockgegenrechts.com an, fertig! Gespielt wird auf Kleinfeld (5 Feldspieler*innen + 1 Torh\u00fcter*in + beliebig viele Auswechsler*innen) in geschlechtergemischten Teams ohne Altersgruppen. Doch egal ob auf oder neben dem Platz: Wir sorgen f\u00fcr Organisation und Verpflegung (auf Spendenbasis) und ihr sorgt mit<br \/>\nuns f\u00fcr die Stimmung. Lasst uns gemeinsam ein Fu\u00dfballfest zelebrieren und zeigen, dass Sport keine Hautfarben kennt!<\/p>\n<p style=\"text-align: justify;\">Folgt unserer Facebook-Veranstaltung: <a href=\"https:\/\/www.facebook.com\/events\/138556603326093\/?acontext=%7B%22source%22%3A5%2C%22page_id_source%22%3A577501005606049%2C%22action_history%22%3A[%7B%22surface%22%3A%22page%22%2C%22mechanism%22%3A%22main_list%22%2C%22extra_data%22%3A%22%7B%5C%22page_id%5C%22%3A577501005606049%2C%5C%22tour_id%5C%22%3Anull%7D%22%7D]%2C%22has_source%22%3Atrue%7D\">https:\/\/www.facebook.com\/events\/138556603326093\/?acontext=%7B%22source%22%3A5%2C%22page_id_source%22%3A577501005606049%2C%22action_history%22%3A[%7B%22surface%22%3A%22page%22%2C%22mechanism%22%3A%22main_list%22%2C%22extra_data%22%3A%22%7B%5C%22page_id%5C%22%3A577501005606049%2C%5C%22tour_id%5C%22%3Anull%7D%22%7D]%2C%22has_source%22%3Atrue%7D<\/a><\/p>\n<p>Play and support!<\/p>\n<p>&#8212;&#8212;&#8212;&#8212;&#8212;&#8212;&#8212;&#8212;&#8212;-<\/p>\n<p>Kick gegen Rassismus<br \/>\nDatum: 16.09.2017<br \/>\nStart: 10 Uhr (ab 9 Uhr Warmup)<br \/>\nOrt: Kunstrasenplatz Paul-Greifzu-Stadion (Barther Stra\u00dfe 58, 18437 Stralsund)<br \/>\nAnmeldung unter: fussball@rockgegenrechts.com<\/p>\n<p>&#8212;&#8212;&#8212;&#8212;&#8212;&#8212;&#8212;&#8212;&#8212;-<\/p>\n<p>Kick against racism<br \/>\nDate: 16.09.2017<br \/>\nStart: 10 a.m. (warmup starting 9 a.m. )<br \/>\nLocation: Kunstrasenplatz Paul-Greifzu-Stadion (Barther Stra\u00dfe 58, 18437 Stralsund)<br \/>\nContact (team name required): fussball@rockgegenrechts.com<\/p>\n","protected":false},"excerpt":{"rendered":"<p>Es ist wieder soweit! Auch in diesem Jahr finden in Kooperation von Rock gegen Rechts Stralsund e.V und Ajuku e.V. zwei gro\u00dfe Sport-Events in Stralsund statt, zu denen wir herzlich einladen. Bereits am 27.08.2017 starten wir um 11 Uhr auf der Hansawiese mit dem zweiten \u201eLauf gegen Rassismus\u201c. Am 16.09.2017 folgt dann das Fu\u00dfballturnier \u201eKick &hellip; <a href=\"http:\/\/www.rockgegenrechts.com\/?p=4220\" class=\"more-link\"><span class=\"screen-reader-text\">27.08 \/ 16.09. Sportlich gegen Rassismus und f\u00fcr Vielfalt in Stralsund!<\/span> weiterlesen<\/a><\/p>\n","protected":false},"author":1,"featured_media":4223,"comment_status":"closed","ping_status":"closed","sticky":false,"template":"","format":"standard","meta":{"jetpack_post_was_ever_published":false,"_jetpack_newsletter_access":"","_jetpack_dont_email_post_to_subs":false,"_jetpack_newsletter_tier_id":0,"_jetpack_memberships_contains_paywalled_content":false,"_jetpack_memberships_contains_paid_content":false,"footnotes":"","jetpack_publicize_message":"27.08 \/ 16.09. Sportlich gegen Rassismus und f\u00fcr Vielfalt in #Stralsund! Sei dabei!","jetpack_publicize_feature_enabled":true,"jetpack_social_post_already_shared":true,"jetpack_social_options":{"image_generator_settings":{"template":"highway","enabled":false},"version":2}},"categories":[98,16,80],"tags":[],"class_list":["post-4220","post","type-post","status-publish","format-standard","has-post-thumbnail","hentry","category-aktionstage-gegen-rechts-2018","category-events","category-sport-fuer-alle"],"jetpack_publicize_connections":[],"jetpack_featured_media_url":"https:\/\/rockgegenrechts.bplaced.net\/wp-content\/uploads\/2017\/08\/sportbild.png","jetpack_shortlink":"https:\/\/wp.me\/p63KIm-164","jetpack_sharing_enabled":true,"_links":{"self":[{"href":"http:\/\/www.rockgegenrechts.com\/index.php?rest_route=\/wp\/v2\/posts\/4220"}],"collection":[{"href":"http:\/\/www.rockgegenrechts.com\/index.php?rest_route=\/wp\/v2\/posts"}],"about":[{"href":"http:\/\/www.rockgegenrechts.com\/index.php?rest_route=\/wp\/v2\/types\/post"}],"author":[{"embeddable":true,"href":"http:\/\/www.rockgegenrechts.com\/index.php?rest_route=\/wp\/v2\/users\/1"}],"replies":[{"embeddable":true,"href":"http:\/\/www.rockgegenrechts.com\/index.php?rest_route=%2Fwp%2Fv2%2Fcomments&post=4220"}],"version-history":[{"count":1,"href":"http:\/\/www.rockgegenrechts.com\/index.php?rest_route=\/wp\/v2\/posts\/4220\/revisions"}],"predecessor-version":[{"id":4224,"href":"http:\/\/www.rockgegenrechts.com\/index.php?rest_route=\/wp\/v2\/posts\/4220\/revisions\/4224"}],"wp:featuredmedia":[{"embeddable":true,"href":"http:\/\/www.rockgegenrechts.com\/index.php?rest_route=\/wp\/v2\/media\/4223"}],"wp:attachment":[{"href":"http:\/\/www.rockgegenrechts.com\/index.php?rest_route=%2Fwp%2Fv2%2Fmedia&parent=4220"}],"wp:term":[{"taxonomy":"category","embeddable":true,"href":"http:\/\/www.rockgegenrechts.com\/index.php?rest_route=%2Fwp%2Fv2%2Fcategories&post=4220"},{"taxonomy":"post_tag","embeddable":true,"href":"http:\/\/www.rockgegenrechts.com\/index.php?rest_route=%2Fwp%2Fv2%2Ftags&post=4220"}],"curies":[{"name":"wp","href":"https:\/\/api.w.org\/{rel}","templated":true}]}}